{"id":592075,"date":"2025-10-21T15:57:37","date_gmt":"2025-10-21T13:57:37","guid":{"rendered":"https:\/\/www.samoens.com\/?p=592075"},"modified":"2025-10-21T15:57:24","modified_gmt":"2025-10-21T13:57:24","slug":"cet-hiver-ca-bouge-a-samoens-decouvrez-tous-les-evenements","status":"publish","type":"post","link":"https:\/\/www.samoens.com\/nl\/cet-hiver-ca-bouge-a-samoens-decouvrez-tous-les-evenements\/","title":{"rendered":"Samo\u00ebns is in beweging deze winter! Ontdek alle evenementen"},"content":{"rendered":"<div class=\"wpb-content-wrapper\"><p>[vc_row][vc_column][vc_column_text]Samo\u00ebns, genesteld in het hart van de Alpen en de bergen, is veel meer dan alleen een skigebied. Samo\u00ebns werd in 2021 uitgeroepen tot het mooiste dorp van de Haute-Savoie en organiseert het hele winterseizoen door allerlei evenementen. Het is een echte plek om te leven, waar reizigers hun hart kunnen ophalen met een groot aantal leuke, sportieve en culturele hoogtepunten. Met zijn magische landschappen, afwisselende landschappen en evenementen brengt Samo\u00ebns jong en oud elke winter weer in vervoering! Dit seizoen staan op het programma: het kerst- en nieuwjaarsdorp, de Vignerons font du ski, het winterfestival van Haut-Giffre, de Franse Telemark Cup, nordic skiing avonden, \u201c\u00c7a Joux plane pour moi\u201d, Pop In Samo\u00ebns en het Test&#8217;ival paragliding festival.<\/p>\n<h2>EVENEMENTEN IN SAMO\u00cbNS<\/h2>\n<p>Ontdek al onze evenementen, zodat je elke week kunt genieten van een gezellig moment en de schatten van Samo\u00ebns en de regio kunt ontdekken.[\/vc_column_text][vc_btn title=&#8221;Ontdek onze winterevenementen&#8221; color=&#8221;juicy-pink&#8221; size=&#8221;lg&#8221; align=&#8221;center&#8221; link=&#8221;url:https%3A%2F%2Fwww.samoens.com%2Fagenda%2F|title:D%C3%A9couvrez%20les%20animations%20de%20cet%20hiver&#8221;][\/vc_column][\/vc_row][vc_row][vc_column width=&#8221;2\/3&#8243;][vc_empty_space height=&#8221;60px&#8221;][vc_column_text]<\/p>\n<h2>Het kerst- en nieuwjaarsdorp<\/h2>\n<h4><strong>Van 6 december tot 2 januari 2026<\/strong><\/h4>\n<p>&nbsp;<\/p>\n<p>Samo\u00ebns dompelt reizigers onder in een sprookjesachtige sfeer om Kerstmis te vieren met een: markt (lokale producenten en ambachtslieden), wandelingen door de stad, een tombola voor winkeliers en de beroemde kerstmannenoptocht.<\/p>\n<p>&nbsp;<\/p>\n<p><a href=\"https:\/\/www.samoens.com\/nl\/de-kerstdorp\/\"><em><span style=\"color: #6c9ed8;\">More Information.<\/span><\/em><\/a>[\/vc_column_text][\/vc_column][vc_column width=&#8221;1\/3&#8243;][vc_single_image image=&#8221;443374&#8243; img_size=&#8221;800&#215;700&#8243;][\/vc_column][\/vc_row][vc_row][vc_column][vc_empty_space][vc_zigzag][\/vc_column][\/vc_row][vc_row][vc_column width=&#8221;1\/3&#8243;][vc_single_image image=&#8221;592080&#8243; img_size=&#8221;800&#215;700&#8243;][\/vc_column][vc_column width=&#8221;2\/3&#8243;][vc_empty_space height=&#8221;60px&#8221;][vc_column_text]<\/p>\n<h2><strong>De wijnboeren gaan ski\u00ebn<\/strong><\/h2>\n<h4><strong>Van 9 tot 12 januari 2026<\/strong><\/h4>\n<p>&nbsp;<\/p>\n<p>Dit unieke evenement biedt fijnproevers de kans om de wijnen uit de regio op een geheel nieuwe manier te ontdekken, met proeverijen van uitstekende wijnen en discussies met de wijnmakers.<\/p>\n<p>&nbsp;<\/p>\n<p><a href=\"https:\/\/www.samoens.com\/nl\/les-vignerons-font-du-ski-3e-editie\/\"><span style=\"color: #6c9ed8;\"><em>More Information.<\/em><\/span><\/a>[\/vc_column_text][\/vc_column][\/vc_row][vc_row][vc_column][vc_empty_space][vc_zigzag][\/vc_column][\/vc_row][vc_row][vc_column width=&#8221;2\/3&#8243;][vc_empty_space height=&#8221;60px&#8221;][vc_column_text]<\/p>\n<h2><strong>Les hivernales du Haut-Giffre<\/strong><\/h2>\n<p>&nbsp;<\/p>\n<h3>24 &amp; 25 januari 2026<\/h3>\n<p>&nbsp;<\/p>\n<p>Een unieke gezinservaring in het Cirque du Fer-\u00e0-Cheval! Deelnemers ontdekken in deze majestueuze omgeving gedurende twee volledig vrije dagen een groot aantal lokale noordse activiteiten zoals biatlon en hondenslee\u00ebn.<\/p>\n<p>[\/vc_column_text][\/vc_column][vc_column width=&#8221;1\/3&#8243;][vc_single_image image=&#8221;1279&#8243; img_size=&#8221;1000&#215;880&#8243;][\/vc_column][\/vc_row][vc_row][vc_column][vc_empty_space][vc_zigzag][\/vc_column][\/vc_row][vc_row][vc_column width=&#8221;1\/3&#8243;][vc_single_image image=&#8221;1276&#8243; img_size=&#8221;700&#215;400&#8243;][\/vc_column][vc_column width=&#8221;2\/3&#8243;][vc_empty_space height=&#8221;60px&#8221;][vc_column_text]<\/p>\n<h2><strong>Le Test&#8217;ival de parapente<\/strong><\/h2>\n<h4><strong>Van 4 tot 6 april 2026<\/strong><\/h4>\n<p>&nbsp;<\/p>\n<p>Het Test&#8217;ival, een niet te missen evenement voor paragliders, luidt de start in van het vrije vluchtseizoen in Samo\u00ebns, in het hart van de vallei van de Haut-Giffre. Het evenement is een gelegenheid om gratis de nieuwste zweefvliegtuigen en harnassen te ontdekken en te testen. Er is voor elk wat wils, van beginners tot experts.<\/p>\n<p>&nbsp;<\/p>\n<p><span style=\"color: #6c9ed8;\"><em><a style=\"color: #6c9ed8;\" href=\"https:\/\/www.samoens.com\/nl\/het-paragliding-testival-2e-editie\/\" target=\"_blank\" rel=\"noopener\">More Information.<\/a><\/em><\/span>[\/vc_column_text][\/vc_column][\/vc_row][vc_row][vc_column][vc_empty_space][vc_zigzag][\/vc_column][\/vc_row][vc_row][vc_column][vc_column_text]<\/p>\n<h2 class=\"wpb_wrapper\">PRAKTISCHE INFORMATIE<\/h2>\n<h3 class=\"chapeau\">U kunt ons gemakkelijk vinden en contact met ons opnemen!<\/h3>\n<p>Samo\u00ebns Toeristenbureau<\/p>\n<p><span style=\"font-weight: 400;\">66, place de l\u2019Office de Tourisme<\/span><\/p>\n<p><span style=\"font-weight: 400;\">74340 SAMOENS<\/span><\/p>\n<p><span style=\"font-weight: 400;\">T\u00e9l. : <strong>+33 (0)4 50 34 40 28<\/strong><\/span><\/p>\n<p><span style=\"font-weight: 400;\">Mail : <\/span><strong><a href=\"mailto:infos@www.samoens.com\" target=\"_blank\" rel=\"noopener\">infos@samoens.com<\/a><\/strong>[\/vc_column_text][\/vc_column][\/vc_row]<\/p>\n<\/div>","protected":false},"excerpt":{"rendered":"<p>Durant tout le mois d\u2019ao\u00fbt, Samo\u00ebns vous propose de multiples activit\u00e9s et \u00e9v\u00e8nements en tout genre. Pour les plus petits, comme pour les plus grands, ces moments conviviaux vous feront d\u00e9couvrir la r\u00e9gion tout en profitant des richesses historiques, culturelles et sportives de Samo\u00ebns et ses alentours. Alors, prenez vos sacs \u00e0 dos, vos appareils photos et venez vivre un s\u00e9jour inoubliable au c\u0153ur des Alpes.<\/p>\n","protected":false},"author":2,"featured_media":592081,"comment_status":"closed","ping_status":"closed","sticky":false,"template":"","format":"standard","meta":{"_acf_changed":false,"footnotes":""},"categories":[319],"tags":[],"class_list":["post-592075","post","type-post","status-publish","format-standard","hentry","category-winter-ontdekking-van-samoens"],"acf":[],"yoast_head":"<!-- This site is optimized with the Yoast SEO plugin v27.4 - https:\/\/yoast.com\/product\/yoast-seo-wordpress\/ -->\n<title>Samo\u00ebns is in beweging deze winter! Ontdek alle evenementen<\/title>\n<meta name=\"description\" content=\"Retrouvez toutes les activit\u00e9s du mois d\u2019ao\u00fbt \u00e0 Samo\u00ebns ! \u00c9v\u00e8nements sportifs, culturels ou bien de d\u00e9tente, cet \u00e9t\u00e9 sera synonyme de plaisir et de souvenirs.\" \/>\n<meta name=\"robots\" content=\"index, follow, max-snippet:-1, max-image-preview:large, max-video-preview:-1\" \/>\n<link rel=\"canonical\" href=\"https:\/\/www.samoens.com\/nl\/cet-hiver-ca-bouge-a-samoens-decouvrez-tous-les-evenements\/\" \/>\n<meta property=\"og:locale\" content=\"nl_NL\" \/>\n<meta property=\"og:type\" content=\"article\" \/>\n<meta property=\"og:title\" content=\"Samo\u00ebns is in beweging deze winter! Ontdek alle evenementen\" \/>\n<meta property=\"og:description\" content=\"Retrouvez toutes les activit\u00e9s du mois d\u2019ao\u00fbt \u00e0 Samo\u00ebns ! \u00c9v\u00e8nements sportifs, culturels ou bien de d\u00e9tente, cet \u00e9t\u00e9 sera synonyme de plaisir et de souvenirs.\" \/>\n<meta property=\"og:url\" content=\"https:\/\/www.samoens.com\/nl\/cet-hiver-ca-bouge-a-samoens-decouvrez-tous-les-evenements\/\" \/>\n<meta property=\"og:site_name\" content=\"Samo\u00ebns, station de ski et village authentique en Haute-Savoie\" \/>\n<meta property=\"article:published_time\" content=\"2025-10-21T13:57:37+00:00\" \/>\n<meta property=\"og:image\" content=\"https:\/\/www.samoens.com\/wp-content\/uploads\/2024\/10\/vinpaillettes.jpg\" \/>\n\t<meta property=\"og:image:width\" content=\"1920\" \/>\n\t<meta property=\"og:image:height\" content=\"1280\" \/>\n\t<meta property=\"og:image:type\" content=\"image\/jpeg\" \/>\n<meta name=\"author\" content=\"Isabelle\" \/>\n<meta name=\"twitter:card\" content=\"summary_large_image\" \/>\n<meta name=\"twitter:label1\" content=\"Geschreven door\" \/>\n\t<meta name=\"twitter:data1\" content=\"Isabelle\" \/>\n\t<meta name=\"twitter:label2\" content=\"Geschatte leestijd\" \/>\n\t<meta name=\"twitter:data2\" content=\"8 minuten\" \/>\n<script type=\"application\/ld+json\" class=\"yoast-schema-graph\">{\"@context\":\"https:\\\/\\\/schema.org\",\"@graph\":[{\"@type\":\"Article\",\"@id\":\"https:\\\/\\\/www.samoens.com\\\/nl\\\/cet-hiver-ca-bouge-a-samoens-decouvrez-tous-les-evenements\\\/#article\",\"isPartOf\":{\"@id\":\"https:\\\/\\\/www.samoens.com\\\/nl\\\/cet-hiver-ca-bouge-a-samoens-decouvrez-tous-les-evenements\\\/\"},\"author\":{\"name\":\"Isabelle\",\"@id\":\"https:\\\/\\\/www.samoens.com\\\/#\\\/schema\\\/person\\\/9f84694e97a9b976109162d9d96dc2f2\"},\"headline\":\"Samo\u00ebns is in beweging deze winter! Ontdek alle evenementen\",\"datePublished\":\"2025-10-21T13:57:37+00:00\",\"mainEntityOfPage\":{\"@id\":\"https:\\\/\\\/www.samoens.com\\\/nl\\\/cet-hiver-ca-bouge-a-samoens-decouvrez-tous-les-evenements\\\/\"},\"wordCount\":620,\"image\":{\"@id\":\"https:\\\/\\\/www.samoens.com\\\/nl\\\/cet-hiver-ca-bouge-a-samoens-decouvrez-tous-les-evenements\\\/#primaryimage\"},\"thumbnailUrl\":\"https:\\\/\\\/www.samoens.com\\\/wp-content\\\/uploads\\\/2024\\\/10\\\/vinpaillettes.jpg\",\"articleSection\":[\"Winter ontdekking van Samo\u00ebns\"],\"inLanguage\":\"nl-NL\"},{\"@type\":\"WebPage\",\"@id\":\"https:\\\/\\\/www.samoens.com\\\/nl\\\/cet-hiver-ca-bouge-a-samoens-decouvrez-tous-les-evenements\\\/\",\"url\":\"https:\\\/\\\/www.samoens.com\\\/nl\\\/cet-hiver-ca-bouge-a-samoens-decouvrez-tous-les-evenements\\\/\",\"name\":\"Samo\u00ebns is in beweging deze winter! Ontdek alle evenementen\",\"isPartOf\":{\"@id\":\"https:\\\/\\\/www.samoens.com\\\/#website\"},\"primaryImageOfPage\":{\"@id\":\"https:\\\/\\\/www.samoens.com\\\/nl\\\/cet-hiver-ca-bouge-a-samoens-decouvrez-tous-les-evenements\\\/#primaryimage\"},\"image\":{\"@id\":\"https:\\\/\\\/www.samoens.com\\\/nl\\\/cet-hiver-ca-bouge-a-samoens-decouvrez-tous-les-evenements\\\/#primaryimage\"},\"thumbnailUrl\":\"https:\\\/\\\/www.samoens.com\\\/wp-content\\\/uploads\\\/2024\\\/10\\\/vinpaillettes.jpg\",\"datePublished\":\"2025-10-21T13:57:37+00:00\",\"author\":{\"@id\":\"https:\\\/\\\/www.samoens.com\\\/#\\\/schema\\\/person\\\/9f84694e97a9b976109162d9d96dc2f2\"},\"description\":\"Retrouvez toutes les activit\u00e9s du mois d\u2019ao\u00fbt \u00e0 Samo\u00ebns ! \u00c9v\u00e8nements sportifs, culturels ou bien de d\u00e9tente, cet \u00e9t\u00e9 sera synonyme de plaisir et de souvenirs.\",\"breadcrumb\":{\"@id\":\"https:\\\/\\\/www.samoens.com\\\/nl\\\/cet-hiver-ca-bouge-a-samoens-decouvrez-tous-les-evenements\\\/#breadcrumb\"},\"inLanguage\":\"nl-NL\",\"potentialAction\":[{\"@type\":\"ReadAction\",\"target\":[\"https:\\\/\\\/www.samoens.com\\\/nl\\\/cet-hiver-ca-bouge-a-samoens-decouvrez-tous-les-evenements\\\/\"]}]},{\"@type\":\"ImageObject\",\"inLanguage\":\"nl-NL\",\"@id\":\"https:\\\/\\\/www.samoens.com\\\/nl\\\/cet-hiver-ca-bouge-a-samoens-decouvrez-tous-les-evenements\\\/#primaryimage\",\"url\":\"https:\\\/\\\/www.samoens.com\\\/wp-content\\\/uploads\\\/2024\\\/10\\\/vinpaillettes.jpg\",\"contentUrl\":\"https:\\\/\\\/www.samoens.com\\\/wp-content\\\/uploads\\\/2024\\\/10\\\/vinpaillettes.jpg\",\"width\":1920,\"height\":1280},{\"@type\":\"BreadcrumbList\",\"@id\":\"https:\\\/\\\/www.samoens.com\\\/nl\\\/cet-hiver-ca-bouge-a-samoens-decouvrez-tous-les-evenements\\\/#breadcrumb\",\"itemListElement\":[{\"@type\":\"ListItem\",\"position\":1,\"name\":\"Accueil\",\"item\":\"https:\\\/\\\/www.samoens.com\\\/nl\\\/\"},{\"@type\":\"ListItem\",\"position\":2,\"name\":\"Winter ontdekking van Samo\u00ebns\",\"item\":\"https:\\\/\\\/www.samoens.com\\\/nl\\\/category\\\/winter-ontdekking-van-samoens\\\/\"},{\"@type\":\"ListItem\",\"position\":3,\"name\":\"Samo\u00ebns is in beweging deze winter! Ontdek alle evenementen\"}]},{\"@type\":\"WebSite\",\"@id\":\"https:\\\/\\\/www.samoens.com\\\/#website\",\"url\":\"https:\\\/\\\/www.samoens.com\\\/\",\"name\":\"Samo\u00ebns, station de ski et village authentique en Haute-Savoie\",\"description\":\"Nich\u00e9e au coeur du domaine skiable du Grand Massif et \u00e0 moins d&#039;1h de Gen\u00e8ve, Samo\u00ebns rendra vos vacances inoubliables en \u00e9t\u00e9 comme en hiver\",\"potentialAction\":[{\"@type\":\"SearchAction\",\"target\":{\"@type\":\"EntryPoint\",\"urlTemplate\":\"https:\\\/\\\/www.samoens.com\\\/?s={search_term_string}\"},\"query-input\":{\"@type\":\"PropertyValueSpecification\",\"valueRequired\":true,\"valueName\":\"search_term_string\"}}],\"inLanguage\":\"nl-NL\"},{\"@type\":\"Person\",\"@id\":\"https:\\\/\\\/www.samoens.com\\\/#\\\/schema\\\/person\\\/9f84694e97a9b976109162d9d96dc2f2\",\"name\":\"Isabelle\",\"image\":{\"@type\":\"ImageObject\",\"inLanguage\":\"nl-NL\",\"@id\":\"https:\\\/\\\/secure.gravatar.com\\\/avatar\\\/13973acc16a6871b2e7a2b758c75fd8b7c5f0835b5f5b665a2a81454820bba2f?s=96&d=mm&r=g\",\"url\":\"https:\\\/\\\/secure.gravatar.com\\\/avatar\\\/13973acc16a6871b2e7a2b758c75fd8b7c5f0835b5f5b665a2a81454820bba2f?s=96&d=mm&r=g\",\"contentUrl\":\"https:\\\/\\\/secure.gravatar.com\\\/avatar\\\/13973acc16a6871b2e7a2b758c75fd8b7c5f0835b5f5b665a2a81454820bba2f?s=96&d=mm&r=g\",\"caption\":\"Isabelle\"}}]}<\/script>\n<!-- \/ Yoast SEO plugin. -->","yoast_head_json":{"title":"Samo\u00ebns is in beweging deze winter! Ontdek alle evenementen","description":"Retrouvez toutes les activit\u00e9s du mois d\u2019ao\u00fbt \u00e0 Samo\u00ebns ! \u00c9v\u00e8nements sportifs, culturels ou bien de d\u00e9tente, cet \u00e9t\u00e9 sera synonyme de plaisir et de souvenirs.","robots":{"index":"index","follow":"follow","max-snippet":"max-snippet:-1","max-image-preview":"max-image-preview:large","max-video-preview":"max-video-preview:-1"},"canonical":"https:\/\/www.samoens.com\/nl\/cet-hiver-ca-bouge-a-samoens-decouvrez-tous-les-evenements\/","og_locale":"nl_NL","og_type":"article","og_title":"Samo\u00ebns is in beweging deze winter! Ontdek alle evenementen","og_description":"Retrouvez toutes les activit\u00e9s du mois d\u2019ao\u00fbt \u00e0 Samo\u00ebns ! \u00c9v\u00e8nements sportifs, culturels ou bien de d\u00e9tente, cet \u00e9t\u00e9 sera synonyme de plaisir et de souvenirs.","og_url":"https:\/\/www.samoens.com\/nl\/cet-hiver-ca-bouge-a-samoens-decouvrez-tous-les-evenements\/","og_site_name":"Samo\u00ebns, station de ski et village authentique en Haute-Savoie","article_published_time":"2025-10-21T13:57:37+00:00","og_image":[{"width":1920,"height":1280,"url":"https:\/\/www.samoens.com\/wp-content\/uploads\/2024\/10\/vinpaillettes.jpg","type":"image\/jpeg"}],"author":"Isabelle","twitter_card":"summary_large_image","twitter_misc":{"Geschreven door":"Isabelle","Geschatte leestijd":"8 minuten"},"schema":{"@context":"https:\/\/schema.org","@graph":[{"@type":"Article","@id":"https:\/\/www.samoens.com\/nl\/cet-hiver-ca-bouge-a-samoens-decouvrez-tous-les-evenements\/#article","isPartOf":{"@id":"https:\/\/www.samoens.com\/nl\/cet-hiver-ca-bouge-a-samoens-decouvrez-tous-les-evenements\/"},"author":{"name":"Isabelle","@id":"https:\/\/www.samoens.com\/#\/schema\/person\/9f84694e97a9b976109162d9d96dc2f2"},"headline":"Samo\u00ebns is in beweging deze winter! Ontdek alle evenementen","datePublished":"2025-10-21T13:57:37+00:00","mainEntityOfPage":{"@id":"https:\/\/www.samoens.com\/nl\/cet-hiver-ca-bouge-a-samoens-decouvrez-tous-les-evenements\/"},"wordCount":620,"image":{"@id":"https:\/\/www.samoens.com\/nl\/cet-hiver-ca-bouge-a-samoens-decouvrez-tous-les-evenements\/#primaryimage"},"thumbnailUrl":"https:\/\/www.samoens.com\/wp-content\/uploads\/2024\/10\/vinpaillettes.jpg","articleSection":["Winter ontdekking van Samo\u00ebns"],"inLanguage":"nl-NL"},{"@type":"WebPage","@id":"https:\/\/www.samoens.com\/nl\/cet-hiver-ca-bouge-a-samoens-decouvrez-tous-les-evenements\/","url":"https:\/\/www.samoens.com\/nl\/cet-hiver-ca-bouge-a-samoens-decouvrez-tous-les-evenements\/","name":"Samo\u00ebns is in beweging deze winter! Ontdek alle evenementen","isPartOf":{"@id":"https:\/\/www.samoens.com\/#website"},"primaryImageOfPage":{"@id":"https:\/\/www.samoens.com\/nl\/cet-hiver-ca-bouge-a-samoens-decouvrez-tous-les-evenements\/#primaryimage"},"image":{"@id":"https:\/\/www.samoens.com\/nl\/cet-hiver-ca-bouge-a-samoens-decouvrez-tous-les-evenements\/#primaryimage"},"thumbnailUrl":"https:\/\/www.samoens.com\/wp-content\/uploads\/2024\/10\/vinpaillettes.jpg","datePublished":"2025-10-21T13:57:37+00:00","author":{"@id":"https:\/\/www.samoens.com\/#\/schema\/person\/9f84694e97a9b976109162d9d96dc2f2"},"description":"Retrouvez toutes les activit\u00e9s du mois d\u2019ao\u00fbt \u00e0 Samo\u00ebns ! \u00c9v\u00e8nements sportifs, culturels ou bien de d\u00e9tente, cet \u00e9t\u00e9 sera synonyme de plaisir et de souvenirs.","breadcrumb":{"@id":"https:\/\/www.samoens.com\/nl\/cet-hiver-ca-bouge-a-samoens-decouvrez-tous-les-evenements\/#breadcrumb"},"inLanguage":"nl-NL","potentialAction":[{"@type":"ReadAction","target":["https:\/\/www.samoens.com\/nl\/cet-hiver-ca-bouge-a-samoens-decouvrez-tous-les-evenements\/"]}]},{"@type":"ImageObject","inLanguage":"nl-NL","@id":"https:\/\/www.samoens.com\/nl\/cet-hiver-ca-bouge-a-samoens-decouvrez-tous-les-evenements\/#primaryimage","url":"https:\/\/www.samoens.com\/wp-content\/uploads\/2024\/10\/vinpaillettes.jpg","contentUrl":"https:\/\/www.samoens.com\/wp-content\/uploads\/2024\/10\/vinpaillettes.jpg","width":1920,"height":1280},{"@type":"BreadcrumbList","@id":"https:\/\/www.samoens.com\/nl\/cet-hiver-ca-bouge-a-samoens-decouvrez-tous-les-evenements\/#breadcrumb","itemListElement":[{"@type":"ListItem","position":1,"name":"Accueil","item":"https:\/\/www.samoens.com\/nl\/"},{"@type":"ListItem","position":2,"name":"Winter ontdekking van Samo\u00ebns","item":"https:\/\/www.samoens.com\/nl\/category\/winter-ontdekking-van-samoens\/"},{"@type":"ListItem","position":3,"name":"Samo\u00ebns is in beweging deze winter! Ontdek alle evenementen"}]},{"@type":"WebSite","@id":"https:\/\/www.samoens.com\/#website","url":"https:\/\/www.samoens.com\/","name":"Samo\u00ebns, station de ski et village authentique en Haute-Savoie","description":"Nich\u00e9e au coeur du domaine skiable du Grand Massif et \u00e0 moins d&#039;1h de Gen\u00e8ve, Samo\u00ebns rendra vos vacances inoubliables en \u00e9t\u00e9 comme en hiver","potentialAction":[{"@type":"SearchAction","target":{"@type":"EntryPoint","urlTemplate":"https:\/\/www.samoens.com\/?s={search_term_string}"},"query-input":{"@type":"PropertyValueSpecification","valueRequired":true,"valueName":"search_term_string"}}],"inLanguage":"nl-NL"},{"@type":"Person","@id":"https:\/\/www.samoens.com\/#\/schema\/person\/9f84694e97a9b976109162d9d96dc2f2","name":"Isabelle","image":{"@type":"ImageObject","inLanguage":"nl-NL","@id":"https:\/\/secure.gravatar.com\/avatar\/13973acc16a6871b2e7a2b758c75fd8b7c5f0835b5f5b665a2a81454820bba2f?s=96&d=mm&r=g","url":"https:\/\/secure.gravatar.com\/avatar\/13973acc16a6871b2e7a2b758c75fd8b7c5f0835b5f5b665a2a81454820bba2f?s=96&d=mm&r=g","contentUrl":"https:\/\/secure.gravatar.com\/avatar\/13973acc16a6871b2e7a2b758c75fd8b7c5f0835b5f5b665a2a81454820bba2f?s=96&d=mm&r=g","caption":"Isabelle"}}]}},"_links":{"self":[{"href":"https:\/\/www.samoens.com\/nl\/wp-json\/wp\/v2\/posts\/592075","targetHints":{"allow":["GET"]}}],"collection":[{"href":"https:\/\/www.samoens.com\/nl\/wp-json\/wp\/v2\/posts"}],"about":[{"href":"https:\/\/www.samoens.com\/nl\/wp-json\/wp\/v2\/types\/post"}],"author":[{"embeddable":true,"href":"https:\/\/www.samoens.com\/nl\/wp-json\/wp\/v2\/users\/2"}],"replies":[{"embeddable":true,"href":"https:\/\/www.samoens.com\/nl\/wp-json\/wp\/v2\/comments?post=592075"}],"version-history":[{"count":5,"href":"https:\/\/www.samoens.com\/nl\/wp-json\/wp\/v2\/posts\/592075\/revisions"}],"predecessor-version":[{"id":602434,"href":"https:\/\/www.samoens.com\/nl\/wp-json\/wp\/v2\/posts\/592075\/revisions\/602434"}],"wp:featuredmedia":[{"embeddable":true,"href":"https:\/\/www.samoens.com\/nl\/wp-json\/wp\/v2\/media\/592081"}],"wp:attachment":[{"href":"https:\/\/www.samoens.com\/nl\/wp-json\/wp\/v2\/media?parent=592075"}],"wp:term":[{"taxonomy":"category","embeddable":true,"href":"https:\/\/www.samoens.com\/nl\/wp-json\/wp\/v2\/categories?post=592075"},{"taxonomy":"post_tag","embeddable":true,"href":"https:\/\/www.samoens.com\/nl\/wp-json\/wp\/v2\/tags?post=592075"}],"curies":[{"name":"wp","href":"https:\/\/api.w.org\/{rel}","templated":true}]}}