{"id":588989,"date":"2026-03-30T09:15:55","date_gmt":"2026-03-30T07:15:55","guid":{"rendered":"https:\/\/www.samoens.com\/?p=588989"},"modified":"2026-03-31T09:52:57","modified_gmt":"2026-03-31T07:52:57","slug":"profitez-du-printemps-a-samoens","status":"publish","type":"post","link":"https:\/\/www.samoens.com\/nl\/profitez-du-printemps-a-samoens\/","title":{"rendered":"Genieten van de lente in Samo\u00ebns"},"content":{"rendered":"<div class=\"wpb-content-wrapper\"><p>[vc_row][vc_column][vc_column_text]<\/p>\n<h2 class=\"chapeau\">Beleef het wonder van de lente in Samo\u00ebns!<\/h2>\n<h2 class=\"chapeau\">In het hart van de majestueuze Franse Alpen ontwaakt Samo\u00ebns zachtjes met de komst van de lente en biedt reizigers een onvergetelijke ervaring in een betoverende, ongerepte natuurlijke omgeving.<\/h2>\n<p>[\/vc_column_text][\/vc_column][\/vc_row][vc_row][vc_column][vc_column_text]<\/p>\n<h2>LENTE IN SAMO\u00cbNS<\/h2>\n<p>[\/vc_column_text][vc_column_text css=&#8221;&#8221;]Onder een azuurblauwe hemel worden de besneeuwde toppen gesierd door de eerste zonnestralen die de groene valleien verlichten. Het is tegen deze adembenemende achtergrond dat we je uitnodigen in Samo\u00ebns.<\/p>\n<p><strong>Natuurliefhebbers zullen het paradijs<\/strong> vinden in de bloemrijke paden die door weelderige groene weiden en geurige bossen slingeren. Of je nu een ontspannen familiewandeling maakt of een meer avontuurlijke excursie in het midden van de bergen, elke stap onthult een adembenemend natuurspektakel tegen een achtergrond van kabbelende kristalheldere rivieren, vogelgezang en marmotten. Voor wie ge\u00efnteresseerd is in erfgoed en plantkunde is dit de perfecte tijd om de botanische tuin van Ja\u00ffsinia te bezoeken.<\/p>\n<p><strong>Avonturiers op zoek naar sensatie worden niet overgeslagen<\/strong>. Samo\u00ebns biedt een groot aantal spannende activiteiten, van rotsklimmen en wildwatervaren tot opwindend mountainbiken. De energie van de lente doordrenkt elk moment met adrenaline en opwinding, waardoor elke dag een onvergetelijk avontuur wordt.<\/p>\n<p><strong>Fijnproevers<\/strong> laten zich niet uit het veld slaan, want de Savoyaardse gastronomie komt in de lente in al haar pracht en praal tevoorschijn. Proef in de charmante restaurants van het dorp smakelijke traditionele gerechten, bereid met lokale kwaliteitsproducten.<\/p>\n<p>Tot slot staat de maand juni in Samo\u00ebns ook synoniem voor tradities en <strong>festiviteiten<\/strong>. Van <a href=\"https:\/\/www.samoens.com\/nl\/dagboek\/\"><strong>culturele festivals<\/strong><\/a> tot sportevenementen en levendige ambachtelijke markten, elke dag brengt zijn deel van ontdekkingen en warme ontmoetingen.<\/p>\n<p>Dus of je nu op zoek bent naar avontuur, ontspanning of gewoon een uitje in het hart van de natuur, Samo\u00ebns verwelkomt je met open armen voor een onvergetelijke voorjaarsvakantie. Kom en ontdek de magie van dit kleine hoekje van het Alpenparadijs en laat je betoveren door de schoonheid en authenticiteit van Samo\u00ebns in de lente.[\/vc_column_text][\/vc_column][\/vc_row][vc_row][vc_column width=&#8221;2\/3&#8243;][vc_column_text]<\/p>\n<h3>Activiteiten in de lucht &#8230; of bijna!<\/h3>\n<p>[\/vc_column_text][vc_column_text css=&#8221;&#8221;]<strong>Paragliding<\/strong><\/p>\n<p>Zomer of winter, kom en geniet van de sensatie van paragliding.<\/p>\n<p>Of je nu besluit om de grondbeginselen en technieken te leren tijdens een cursus of gewoon geniet van een moment van escapisme met een gids, je krijgt de kans om Alpenlandschappen te ontdekken zoals je ze nog nooit eerder hebt gezien.<\/p>\n<p>Onze gediplomeerde piloten geven je een<strong> <a href=\"https:\/\/www.samoens.com\/nl\/zomeractiviteiten\/activiteiten-in-de-bergen\/paragliding\/\">unieke ervaring<\/a><\/strong> in de lucht, met uitzicht op de Mont Blanc.<\/p>\n<p>&nbsp;<\/p>\n<p><strong>Via ferrata<\/strong><\/p>\n<p>De Via Ferrata, een kruising tussen wandelen en klimmen, is een uitstekende manier om in alle veiligheid een goed beeld te krijgen van de vallei van de Giffre, het Grand Massif en het dorp Samo\u00ebns.<\/p>\n<p>Uitgerust met helmen en harnassen kun je de berghelling alleen beklimmen of onder begeleiding van onze lokale partners. Klik <a href=\"https:\/\/www.samoens.com\/nl\/zomeractiviteiten\/activiteiten-in-de-bergen\/via-ferrata\/\">hier<\/a> voor meer informatie over hoe je mee kunt doen en hoe je <a href=\"https:\/\/www.samoens.com\/nl\/zomeractiviteiten\/activiteiten-in-de-bergen\/via-ferrata\/\">materiaal kunt huren<\/a>.[\/vc_column_text][\/vc_column][vc_column width=&#8221;1\/3&#8243;][vc_empty_space height=&#8221;50px&#8221;][vc_single_image image=&#8221;2469&#8243; img_size=&#8221;300&#215;250&#8243;][\/vc_column][\/vc_row][vc_row][vc_column width=&#8221;1\/3&#8243;][vc_empty_space height=&#8221;50px&#8221;][vc_single_image image=&#8221;481406&#8243; img_size=&#8221;300&#215;390&#8243;][vc_empty_space height=&#8221;24px&#8221;][\/vc_column][vc_column width=&#8221;2\/3&#8243;][vc_column_text]<\/p>\n<h3>Ondergrondse en onderwateractiviteiten<\/h3>\n<p>[\/vc_column_text][vc_column_text css=&#8221;&#8221;]<strong>Speleologie<\/strong><\/p>\n<p><strong>Een ondergrondse verkenning van het dorp Samo\u00ebns en de omgeving<\/strong><\/p>\n<p>Kom dit voorjaar de ondergrondse wereld van de Giffervallei verkennen dankzij de <a href=\"https:\/\/www.samoens.com\/nl\/zomeractiviteiten\/activiteiten-in-de-bergen\/speleologie\/\"><strong>speleologieactiviteiten<\/strong><\/a> die door onze partners worden aangeboden. Ontdek in de Haute-Savoie de op \u00e9\u00e9n na diepste kloof ter wereld, de beroemde kloof Jean Bernard, en de grotten van Balme, M\u00e9gevette en Diosaz.<\/p>\n<p>Deze activiteit is toegankelijk voor het hele gezin en zit vol ontdekkingen en verrassingen. Kies in het hart van de Alpen de formule die het best bij je past: verkenning met een gids, een week met meerdere activiteiten of een speleologenschool.<\/p>\n<p>&nbsp;<\/p>\n<p><strong>Vissen<\/strong><\/p>\n<p>Wat is er mooier dan <a href=\"https:\/\/www.samoens.com\/nl\/vissen-in-de-giffrevallei\/\"><strong>vissen<\/strong><\/a> in de idyllische omgeving van de Giffrevallei?<\/p>\n<p><strong>De Giffrevallei heeft een van de mooiste en meest uitgestrekte visgebieden<\/strong> in de bergen. De Giffre is geklasseerd als rivier van de eerste categorie en beslaat maar liefst 27 km van Morillon tot Sixt Fer \u00e0 Cheval. Je ontdekt er de meren van de Gers en de Gouilles Rouges, het tweede Lac aux Dames en de gemeenschappelijke meren van Samo\u00ebns en Morillon.[\/vc_column_text][\/vc_column][\/vc_row][vc_row][vc_column width=&#8221;2\/3&#8243;][vc_column_text]<\/p>\n<h3>Activiteiten op twee wielen<\/h3>\n<p>[\/vc_column_text][vc_column_text css=&#8221;&#8221;]<strong>Mountainbike of racefiets<\/strong><\/p>\n<p>De steile paden en kronkelende tracks van Samo\u00ebns bieden <a href=\"https:\/\/www.samoens.com\/nl\/samoens-a-paradise-for-road-and-mountain-bikers\/\"><strong>mountainbikers<\/strong><\/a> een onge\u00ebvenaarde speeltuin. Of het nu gaat om een ontspannen rit langs kristalheldere rivieren of opwindende afdalingen door majestueuze bergen, elke fietstocht belooft een dosis adrenaline en ontdekking in het hart van de Franse Alpen.<br \/>\nAls je een liefhebber van racefietsen bent, kom dan je benen laten pompen en beklim de beroemde Col de Joux Pane (waar de Tour de France doorheen kwam) of de beklimming van Samo\u00ebns 1600 (waar het Crit\u00e9rium du Dauphin\u00e9 Lib\u00e9r\u00e9 doorheen kwam &#8211; etappe 7).[\/vc_column_text][\/vc_column][vc_column width=&#8221;1\/3&#8243;][vc_empty_space height=&#8221;28px&#8221;][vc_single_image image=&#8221;67852&#8243; img_size=&#8221;300&#215;200&#8243;][\/vc_column][\/vc_row][vc_row][vc_column width=&#8221;1\/3&#8243;][vc_empty_space height=&#8221;28px&#8221;][vc_single_image image=&#8221;67823&#8243; img_size=&#8221;300&#215;200&#8243;][\/vc_column][vc_column width=&#8221;2\/3&#8243;][vc_column_text]<\/p>\n<h3>Erfgoed<\/h3>\n<p>[\/vc_column_text][vc_column_text]<strong>Bezoek het dorp, thuis van de steenhouwers<\/strong><\/p>\n<p>Dompel je onder in de boeiende geschiedenis van Samo\u00ebns en verken het rijke culturele erfgoed!<\/p>\n<p>Dwaal door de smalle straatjes van het dorp, waar de traditionele stenen huizen, de Grenette, de kerk en de Gros Tilleul fascinerende verhalen vertellen van eeuwen geleden. Ontdek elke hoek van Samo\u00ebns, een architecturale schatkamer vol charme en authenticiteit.[\/vc_column_text][\/vc_column][\/vc_row][vc_row][vc_column][vc_btn title=&#8221;Onze favoriete lentetuin: de botanische alpentuin Ja\u00ffsinia&#8221; color=&#8221;juicy-pink&#8221; size=&#8221;lg&#8221; align=&#8221;center&#8221; link=&#8221;url:https%3A%2F%2Fwww.samoens.com%2Fnl%2Falpine-botanische-tuin-ja-lasinia%2F|title:Notre%20coup%20de%20coeur%20pour%20ce%20printemps%20%3A%20le%20jardin%20botanique%20alpin%20de%20la%20Ja%C3%BFsinia&#8221;][\/vc_column][\/vc_row]<\/p>\n<\/div>","protected":false},"excerpt":{"rendered":"<p>\u00c0 Samo\u00ebns, les mois de mars et avril vous r\u00e9servent de nombreuses surprises. Les temp\u00e9ratures qui varient d\u2019un froid encore hivernal \u00e0 une douceur printani\u00e8re permettent aux habitants et touristes de profiter d\u2019activit\u00e9s hybrides \u00e0 la montagne. Cette p\u00e9riode de l\u2019ann\u00e9e est id\u00e9ale pour combiner vacances \u00e0 la neige et activit\u00e9s printani\u00e8res au c\u0153ur des Alpes de la Haute-Savoie, dans la vall\u00e9e du Giffre.<\/p>\n","protected":false},"author":2,"featured_media":542236,"comment_status":"closed","ping_status":"closed","sticky":false,"template":"","format":"standard","meta":{"_acf_changed":false,"footnotes":""},"categories":[5539,319],"tags":[],"class_list":["post-588989","post","type-post","status-publish","format-standard","hentry","category-decouverte-de-samoens-lete-nl","category-winter-ontdekking-van-samoens"],"acf":[],"yoast_head":"<!-- This site is optimized with the Yoast SEO plugin v27.4 - https:\/\/yoast.com\/product\/yoast-seo-wordpress\/ -->\n<title>Genieten van de lente in Samo\u00ebns<\/title>\n<meta name=\"description\" content=\"\u00c0 Samo\u00ebns, au c\u0153ur des Alpes, les mois de mars et avril sont la p\u00e9riode id\u00e9ale pour combiner vacances \u00e0 la neige et activit\u00e9s printani\u00e8res.\" \/>\n<meta name=\"robots\" content=\"index, follow, max-snippet:-1, max-image-preview:large, max-video-preview:-1\" \/>\n<link rel=\"canonical\" href=\"https:\/\/www.samoens.com\/nl\/profitez-du-printemps-a-samoens\/\" \/>\n<meta property=\"og:locale\" content=\"nl_NL\" \/>\n<meta property=\"og:type\" content=\"article\" \/>\n<meta property=\"og:title\" content=\"Genieten van de lente in Samo\u00ebns\" \/>\n<meta property=\"og:description\" content=\"\u00c0 Samo\u00ebns, au c\u0153ur des Alpes, les mois de mars et avril sont la p\u00e9riode id\u00e9ale pour combiner vacances \u00e0 la neige et activit\u00e9s printani\u00e8res.\" \/>\n<meta property=\"og:url\" content=\"https:\/\/www.samoens.com\/nl\/profitez-du-printemps-a-samoens\/\" \/>\n<meta property=\"og:site_name\" content=\"Samo\u00ebns, station de ski et village authentique en Haute-Savoie\" \/>\n<meta property=\"article:published_time\" content=\"2026-03-30T07:15:55+00:00\" \/>\n<meta property=\"article:modified_time\" content=\"2026-03-31T07:52:57+00:00\" \/>\n<meta property=\"og:image\" content=\"https:\/\/www.samoens.com\/wp-content\/uploads\/2021\/08\/Samoe\u00a6ens-018.jpg\" \/>\n\t<meta property=\"og:image:width\" content=\"2159\" \/>\n\t<meta property=\"og:image:height\" content=\"1044\" \/>\n\t<meta property=\"og:image:type\" content=\"image\/jpeg\" \/>\n<meta name=\"author\" content=\"Isabelle\" \/>\n<meta name=\"twitter:card\" content=\"summary_large_image\" \/>\n<meta name=\"twitter:label1\" content=\"Geschreven door\" \/>\n\t<meta name=\"twitter:data1\" content=\"Isabelle\" \/>\n\t<meta name=\"twitter:label2\" content=\"Geschatte leestijd\" \/>\n\t<meta name=\"twitter:data2\" content=\"9 minuten\" \/>\n<script type=\"application\/ld+json\" class=\"yoast-schema-graph\">{\"@context\":\"https:\\\/\\\/schema.org\",\"@graph\":[{\"@type\":\"Article\",\"@id\":\"https:\\\/\\\/www.samoens.com\\\/nl\\\/profitez-du-printemps-a-samoens\\\/#article\",\"isPartOf\":{\"@id\":\"https:\\\/\\\/www.samoens.com\\\/nl\\\/profitez-du-printemps-a-samoens\\\/\"},\"author\":{\"name\":\"Isabelle\",\"@id\":\"https:\\\/\\\/www.samoens.com\\\/#\\\/schema\\\/person\\\/9f84694e97a9b976109162d9d96dc2f2\"},\"headline\":\"Genieten van de lente in Samo\u00ebns\",\"datePublished\":\"2026-03-30T07:15:55+00:00\",\"dateModified\":\"2026-03-31T07:52:57+00:00\",\"mainEntityOfPage\":{\"@id\":\"https:\\\/\\\/www.samoens.com\\\/nl\\\/profitez-du-printemps-a-samoens\\\/\"},\"wordCount\":1068,\"image\":{\"@id\":\"https:\\\/\\\/www.samoens.com\\\/nl\\\/profitez-du-printemps-a-samoens\\\/#primaryimage\"},\"thumbnailUrl\":\"https:\\\/\\\/www.samoens.com\\\/wp-content\\\/uploads\\\/2021\\\/08\\\/Samoe\u00a6ens-018.jpg\",\"articleSection\":[\"Ontdek Samo\u00ebns in de zomer\",\"Winter ontdekking van Samo\u00ebns\"],\"inLanguage\":\"nl-NL\"},{\"@type\":\"WebPage\",\"@id\":\"https:\\\/\\\/www.samoens.com\\\/nl\\\/profitez-du-printemps-a-samoens\\\/\",\"url\":\"https:\\\/\\\/www.samoens.com\\\/nl\\\/profitez-du-printemps-a-samoens\\\/\",\"name\":\"Genieten van de lente in Samo\u00ebns\",\"isPartOf\":{\"@id\":\"https:\\\/\\\/www.samoens.com\\\/#website\"},\"primaryImageOfPage\":{\"@id\":\"https:\\\/\\\/www.samoens.com\\\/nl\\\/profitez-du-printemps-a-samoens\\\/#primaryimage\"},\"image\":{\"@id\":\"https:\\\/\\\/www.samoens.com\\\/nl\\\/profitez-du-printemps-a-samoens\\\/#primaryimage\"},\"thumbnailUrl\":\"https:\\\/\\\/www.samoens.com\\\/wp-content\\\/uploads\\\/2021\\\/08\\\/Samoe\u00a6ens-018.jpg\",\"datePublished\":\"2026-03-30T07:15:55+00:00\",\"dateModified\":\"2026-03-31T07:52:57+00:00\",\"author\":{\"@id\":\"https:\\\/\\\/www.samoens.com\\\/#\\\/schema\\\/person\\\/9f84694e97a9b976109162d9d96dc2f2\"},\"description\":\"\u00c0 Samo\u00ebns, au c\u0153ur des Alpes, les mois de mars et avril sont la p\u00e9riode id\u00e9ale pour combiner vacances \u00e0 la neige et activit\u00e9s printani\u00e8res.\",\"breadcrumb\":{\"@id\":\"https:\\\/\\\/www.samoens.com\\\/nl\\\/profitez-du-printemps-a-samoens\\\/#breadcrumb\"},\"inLanguage\":\"nl-NL\",\"potentialAction\":[{\"@type\":\"ReadAction\",\"target\":[\"https:\\\/\\\/www.samoens.com\\\/nl\\\/profitez-du-printemps-a-samoens\\\/\"]}]},{\"@type\":\"ImageObject\",\"inLanguage\":\"nl-NL\",\"@id\":\"https:\\\/\\\/www.samoens.com\\\/nl\\\/profitez-du-printemps-a-samoens\\\/#primaryimage\",\"url\":\"https:\\\/\\\/www.samoens.com\\\/wp-content\\\/uploads\\\/2021\\\/08\\\/Samoe\u00a6ens-018.jpg\",\"contentUrl\":\"https:\\\/\\\/www.samoens.com\\\/wp-content\\\/uploads\\\/2021\\\/08\\\/Samoe\u00a6ens-018.jpg\",\"width\":2159,\"height\":1044,\"caption\":\"Le centre du village de Samo\u00ebns.\"},{\"@type\":\"BreadcrumbList\",\"@id\":\"https:\\\/\\\/www.samoens.com\\\/nl\\\/profitez-du-printemps-a-samoens\\\/#breadcrumb\",\"itemListElement\":[{\"@type\":\"ListItem\",\"position\":1,\"name\":\"Accueil\",\"item\":\"https:\\\/\\\/www.samoens.com\\\/nl\\\/\"},{\"@type\":\"ListItem\",\"position\":2,\"name\":\"Ontdek Samo\u00ebns in de zomer\",\"item\":\"https:\\\/\\\/www.samoens.com\\\/nl\\\/category\\\/decouverte-de-samoens-lete-nl\\\/\"},{\"@type\":\"ListItem\",\"position\":3,\"name\":\"Genieten van de lente in Samo\u00ebns\"}]},{\"@type\":\"WebSite\",\"@id\":\"https:\\\/\\\/www.samoens.com\\\/#website\",\"url\":\"https:\\\/\\\/www.samoens.com\\\/\",\"name\":\"Samo\u00ebns, station de ski et village authentique en Haute-Savoie\",\"description\":\"Nich\u00e9e au coeur du domaine skiable du Grand Massif et \u00e0 moins d&#039;1h de Gen\u00e8ve, Samo\u00ebns rendra vos vacances inoubliables en \u00e9t\u00e9 comme en hiver\",\"potentialAction\":[{\"@type\":\"SearchAction\",\"target\":{\"@type\":\"EntryPoint\",\"urlTemplate\":\"https:\\\/\\\/www.samoens.com\\\/?s={search_term_string}\"},\"query-input\":{\"@type\":\"PropertyValueSpecification\",\"valueRequired\":true,\"valueName\":\"search_term_string\"}}],\"inLanguage\":\"nl-NL\"},{\"@type\":\"Person\",\"@id\":\"https:\\\/\\\/www.samoens.com\\\/#\\\/schema\\\/person\\\/9f84694e97a9b976109162d9d96dc2f2\",\"name\":\"Isabelle\",\"image\":{\"@type\":\"ImageObject\",\"inLanguage\":\"nl-NL\",\"@id\":\"https:\\\/\\\/secure.gravatar.com\\\/avatar\\\/13973acc16a6871b2e7a2b758c75fd8b7c5f0835b5f5b665a2a81454820bba2f?s=96&d=mm&r=g\",\"url\":\"https:\\\/\\\/secure.gravatar.com\\\/avatar\\\/13973acc16a6871b2e7a2b758c75fd8b7c5f0835b5f5b665a2a81454820bba2f?s=96&d=mm&r=g\",\"contentUrl\":\"https:\\\/\\\/secure.gravatar.com\\\/avatar\\\/13973acc16a6871b2e7a2b758c75fd8b7c5f0835b5f5b665a2a81454820bba2f?s=96&d=mm&r=g\",\"caption\":\"Isabelle\"}}]}<\/script>\n<!-- \/ Yoast SEO plugin. -->","yoast_head_json":{"title":"Genieten van de lente in Samo\u00ebns","description":"\u00c0 Samo\u00ebns, au c\u0153ur des Alpes, les mois de mars et avril sont la p\u00e9riode id\u00e9ale pour combiner vacances \u00e0 la neige et activit\u00e9s printani\u00e8res.","robots":{"index":"index","follow":"follow","max-snippet":"max-snippet:-1","max-image-preview":"max-image-preview:large","max-video-preview":"max-video-preview:-1"},"canonical":"https:\/\/www.samoens.com\/nl\/profitez-du-printemps-a-samoens\/","og_locale":"nl_NL","og_type":"article","og_title":"Genieten van de lente in Samo\u00ebns","og_description":"\u00c0 Samo\u00ebns, au c\u0153ur des Alpes, les mois de mars et avril sont la p\u00e9riode id\u00e9ale pour combiner vacances \u00e0 la neige et activit\u00e9s printani\u00e8res.","og_url":"https:\/\/www.samoens.com\/nl\/profitez-du-printemps-a-samoens\/","og_site_name":"Samo\u00ebns, station de ski et village authentique en Haute-Savoie","article_published_time":"2026-03-30T07:15:55+00:00","article_modified_time":"2026-03-31T07:52:57+00:00","og_image":[{"width":2159,"height":1044,"url":"https:\/\/www.samoens.com\/wp-content\/uploads\/2021\/08\/Samoe\u00a6ens-018.jpg","type":"image\/jpeg"}],"author":"Isabelle","twitter_card":"summary_large_image","twitter_misc":{"Geschreven door":"Isabelle","Geschatte leestijd":"9 minuten"},"schema":{"@context":"https:\/\/schema.org","@graph":[{"@type":"Article","@id":"https:\/\/www.samoens.com\/nl\/profitez-du-printemps-a-samoens\/#article","isPartOf":{"@id":"https:\/\/www.samoens.com\/nl\/profitez-du-printemps-a-samoens\/"},"author":{"name":"Isabelle","@id":"https:\/\/www.samoens.com\/#\/schema\/person\/9f84694e97a9b976109162d9d96dc2f2"},"headline":"Genieten van de lente in Samo\u00ebns","datePublished":"2026-03-30T07:15:55+00:00","dateModified":"2026-03-31T07:52:57+00:00","mainEntityOfPage":{"@id":"https:\/\/www.samoens.com\/nl\/profitez-du-printemps-a-samoens\/"},"wordCount":1068,"image":{"@id":"https:\/\/www.samoens.com\/nl\/profitez-du-printemps-a-samoens\/#primaryimage"},"thumbnailUrl":"https:\/\/www.samoens.com\/wp-content\/uploads\/2021\/08\/Samoe\u00a6ens-018.jpg","articleSection":["Ontdek Samo\u00ebns in de zomer","Winter ontdekking van Samo\u00ebns"],"inLanguage":"nl-NL"},{"@type":"WebPage","@id":"https:\/\/www.samoens.com\/nl\/profitez-du-printemps-a-samoens\/","url":"https:\/\/www.samoens.com\/nl\/profitez-du-printemps-a-samoens\/","name":"Genieten van de lente in Samo\u00ebns","isPartOf":{"@id":"https:\/\/www.samoens.com\/#website"},"primaryImageOfPage":{"@id":"https:\/\/www.samoens.com\/nl\/profitez-du-printemps-a-samoens\/#primaryimage"},"image":{"@id":"https:\/\/www.samoens.com\/nl\/profitez-du-printemps-a-samoens\/#primaryimage"},"thumbnailUrl":"https:\/\/www.samoens.com\/wp-content\/uploads\/2021\/08\/Samoe\u00a6ens-018.jpg","datePublished":"2026-03-30T07:15:55+00:00","dateModified":"2026-03-31T07:52:57+00:00","author":{"@id":"https:\/\/www.samoens.com\/#\/schema\/person\/9f84694e97a9b976109162d9d96dc2f2"},"description":"\u00c0 Samo\u00ebns, au c\u0153ur des Alpes, les mois de mars et avril sont la p\u00e9riode id\u00e9ale pour combiner vacances \u00e0 la neige et activit\u00e9s printani\u00e8res.","breadcrumb":{"@id":"https:\/\/www.samoens.com\/nl\/profitez-du-printemps-a-samoens\/#breadcrumb"},"inLanguage":"nl-NL","potentialAction":[{"@type":"ReadAction","target":["https:\/\/www.samoens.com\/nl\/profitez-du-printemps-a-samoens\/"]}]},{"@type":"ImageObject","inLanguage":"nl-NL","@id":"https:\/\/www.samoens.com\/nl\/profitez-du-printemps-a-samoens\/#primaryimage","url":"https:\/\/www.samoens.com\/wp-content\/uploads\/2021\/08\/Samoe\u00a6ens-018.jpg","contentUrl":"https:\/\/www.samoens.com\/wp-content\/uploads\/2021\/08\/Samoe\u00a6ens-018.jpg","width":2159,"height":1044,"caption":"Le centre du village de Samo\u00ebns."},{"@type":"BreadcrumbList","@id":"https:\/\/www.samoens.com\/nl\/profitez-du-printemps-a-samoens\/#breadcrumb","itemListElement":[{"@type":"ListItem","position":1,"name":"Accueil","item":"https:\/\/www.samoens.com\/nl\/"},{"@type":"ListItem","position":2,"name":"Ontdek Samo\u00ebns in de zomer","item":"https:\/\/www.samoens.com\/nl\/category\/decouverte-de-samoens-lete-nl\/"},{"@type":"ListItem","position":3,"name":"Genieten van de lente in Samo\u00ebns"}]},{"@type":"WebSite","@id":"https:\/\/www.samoens.com\/#website","url":"https:\/\/www.samoens.com\/","name":"Samo\u00ebns, station de ski et village authentique en Haute-Savoie","description":"Nich\u00e9e au coeur du domaine skiable du Grand Massif et \u00e0 moins d&#039;1h de Gen\u00e8ve, Samo\u00ebns rendra vos vacances inoubliables en \u00e9t\u00e9 comme en hiver","potentialAction":[{"@type":"SearchAction","target":{"@type":"EntryPoint","urlTemplate":"https:\/\/www.samoens.com\/?s={search_term_string}"},"query-input":{"@type":"PropertyValueSpecification","valueRequired":true,"valueName":"search_term_string"}}],"inLanguage":"nl-NL"},{"@type":"Person","@id":"https:\/\/www.samoens.com\/#\/schema\/person\/9f84694e97a9b976109162d9d96dc2f2","name":"Isabelle","image":{"@type":"ImageObject","inLanguage":"nl-NL","@id":"https:\/\/secure.gravatar.com\/avatar\/13973acc16a6871b2e7a2b758c75fd8b7c5f0835b5f5b665a2a81454820bba2f?s=96&d=mm&r=g","url":"https:\/\/secure.gravatar.com\/avatar\/13973acc16a6871b2e7a2b758c75fd8b7c5f0835b5f5b665a2a81454820bba2f?s=96&d=mm&r=g","contentUrl":"https:\/\/secure.gravatar.com\/avatar\/13973acc16a6871b2e7a2b758c75fd8b7c5f0835b5f5b665a2a81454820bba2f?s=96&d=mm&r=g","caption":"Isabelle"}}]}},"_links":{"self":[{"href":"https:\/\/www.samoens.com\/nl\/wp-json\/wp\/v2\/posts\/588989","targetHints":{"allow":["GET"]}}],"collection":[{"href":"https:\/\/www.samoens.com\/nl\/wp-json\/wp\/v2\/posts"}],"about":[{"href":"https:\/\/www.samoens.com\/nl\/wp-json\/wp\/v2\/types\/post"}],"author":[{"embeddable":true,"href":"https:\/\/www.samoens.com\/nl\/wp-json\/wp\/v2\/users\/2"}],"replies":[{"embeddable":true,"href":"https:\/\/www.samoens.com\/nl\/wp-json\/wp\/v2\/comments?post=588989"}],"version-history":[{"count":5,"href":"https:\/\/www.samoens.com\/nl\/wp-json\/wp\/v2\/posts\/588989\/revisions"}],"predecessor-version":[{"id":607100,"href":"https:\/\/www.samoens.com\/nl\/wp-json\/wp\/v2\/posts\/588989\/revisions\/607100"}],"wp:featuredmedia":[{"embeddable":true,"href":"https:\/\/www.samoens.com\/nl\/wp-json\/wp\/v2\/media\/542236"}],"wp:attachment":[{"href":"https:\/\/www.samoens.com\/nl\/wp-json\/wp\/v2\/media?parent=588989"}],"wp:term":[{"taxonomy":"category","embeddable":true,"href":"https:\/\/www.samoens.com\/nl\/wp-json\/wp\/v2\/categories?post=588989"},{"taxonomy":"post_tag","embeddable":true,"href":"https:\/\/www.samoens.com\/nl\/wp-json\/wp\/v2\/tags?post=588989"}],"curies":[{"name":"wp","href":"https:\/\/api.w.org\/{rel}","templated":true}]}}