{"id":581359,"date":"2025-10-22T11:38:01","date_gmt":"2025-10-22T09:38:01","guid":{"rendered":"https:\/\/www.samoens.com\/les-10-choses-a-ne-pas-manquer-a-samoens-en-hiver\/"},"modified":"2025-10-22T11:38:42","modified_gmt":"2025-10-22T09:38:42","slug":"les-10-choses-a-ne-pas-manquer-a-samoens-en-hiver","status":"publish","type":"post","link":"https:\/\/www.samoens.com\/nl\/les-10-choses-a-ne-pas-manquer-a-samoens-en-hiver\/","title":{"rendered":"10 dingen die je niet mag missen in Samo\u00ebns in de winter"},"content":{"rendered":"<div class=\"wpb-content-wrapper\"><p>[vc_row][vc_column][vc_column_text]<\/p>\n<h2 class=\"chapeau\">Erfgoed, buitenactiviteiten, wandelen of culinaire ontdekkingen: Samo\u00ebns zit vol verrassingen en activiteiten. Hier zijn 10 activiteiten om van te genieten met je familie of vrienden.<\/h2>\n<p>[\/vc_column_text][\/vc_column][\/vc_row][vc_row][vc_column][vc_column_text]<\/p>\n<h3>Een rijk erfgoed om te bezoeken in Samo\u00ebns<\/h3>\n<p>[\/vc_column_text][\/vc_column][\/vc_row][vc_row][vc_column width=&#8221;1\/2&#8243;][vc_empty_space height=&#8221;200px&#8221;][vc_column_text]Een voet zetten in Samoens is het thuisland betreden van de beroemde beeldhouwers, de Frahans. Je ontdekt er niet alleen hun erfgoed, maar ook de rijke culturele, religieuze en politieke geschiedenis van het dorp. Er zijn verschillende manieren om je onder te dompelen in deze grote historische smeltkroes: rondleidingen door erfgoedgidsen uit de Savoie-Mont-Blanc of een rondleiding door het Savoyaardse dorp met het treintje: de septitrain.[\/vc_column_text][\/vc_column][vc_column width=&#8221;1\/2&#8243;][vc_single_image image=&#8221;202&#8243; img_size=&#8221;medium&#8221;][\/vc_column][\/vc_row][vc_row][vc_column][vc_column_text]<\/p>\n<h3>De Bourgeoise sneeuwschoenwandeling<\/h3>\n<p>[\/vc_column_text][\/vc_column][\/vc_row][vc_row][vc_column width=&#8221;1\/2&#8243;][vc_single_image image=&#8221;1277&#8243; img_size=&#8221;medium&#8221;][\/vc_column][vc_column width=&#8221;1\/2&#8243;][vc_empty_space height=&#8221;200px&#8221;][vc_column_text]Bewonder een van de mooiste uitzichtpunten in de vallei van de Haut Giffre.<\/p>\n<p>Trek je sneeuwschoenen aan en ga naar de Col de Joux Plane, waar je vanaf de top van 1.770 meter een adembenemend uitzicht hebt over het Mont-Blanc-massief. Er is ook een kruis en een ori\u00ebntatietafel. Deze helpt je de belangrijkste toppen te benoemen.[\/vc_column_text][\/vc_column][\/vc_row][vc_row][vc_column][vc_btn title=&#8221;Ontdek de route&#8221; color=&#8221;default&#8221; size=&#8221;lg&#8221; align=&#8221;center&#8221; link=&#8221;url:https%3A%2F%2Fwww.valleeduhautgiffre.fr%2Fdomaine-nordique%2Fraquette-pi%25C3%25A9tons-luges%2Fbourgeoise-par-sallieuc%25C3%25A9%2F|title:Mont%C3%A9e%20en%20raquettes%20%C3%A0%20la%20Bourgeoise&#8221;][\/vc_column][\/vc_row][vc_row][vc_column][vc_column_text]<\/p>\n<h3>Skitocht naar de berghut Bostan<\/h3>\n<p>[\/vc_column_text][\/vc_column][\/vc_row][vc_row][vc_column width=&#8221;1\/2&#8243;][vc_empty_space height=&#8221;200px&#8221;][vc_column_text]De parkeerplaats bij Les Allamands is het startpunt van deze prachtige wandeling, die voor iedereen toegankelijk is. Je kunt ski\u00ebn of sneeuwschoenwandelen. Het duurt twee uur om de berghut op 1763 meter te bereiken. De berghut ligt aan de voet van de Dents d&#8217;Oddaz, een wild en onontwikkeld deel van de Giffrevallei. Het uitzicht vanaf hier is adembenemend, zowel in de zomer als in de winter.[\/vc_column_text][\/vc_column][vc_column width=&#8221;1\/2&#8243;][vc_single_image image=&#8221;463818&#8243; img_size=&#8221;medium&#8221;][\/vc_column][\/vc_row][vc_row][vc_column][vc_btn title=&#8221;Ontdek de route&#8221; color=&#8221;default&#8221; align=&#8221;center&#8221; link=&#8221;url:https%3A%2F%2Fwww.samoens.com%2Fnl%2Fski-touring-naar-bostan%2F&#8221;][\/vc_column][\/vc_row][vc_row][vc_column][vc_column_text]<\/p>\n<h3>Een hapje bij Ja\u00ffsinia<\/h3>\n<p>[\/vc_column_text][\/vc_column][\/vc_row][vc_row][vc_column width=&#8221;1\/2&#8243;][vc_empty_space height=&#8221;200px&#8221;][vc_column_text]De Ja\u00ffsinia tearoom is een must om op te warmen en bij te tanken in Samo\u00ebns. Hier kun je genieten van bonbons en een breed assortiment gebak en brood. Allemaal gemaakt door Thierry Froissard, Meilleur Ouvrier de France in ijs. Er is geen betere manier om bij te tanken na een dag in de sneeuw.[\/vc_column_text][\/vc_column][vc_column width=&#8221;1\/2&#8243;][vc_single_image image=&#8221;464349&#8243; img_size=&#8221;medium&#8221;][\/vc_column][\/vc_row][vc_row][vc_column][vc_btn title=&#8221;Meer info hier&#8221; color=&#8221;default&#8221; align=&#8221;center&#8221; link=&#8221;url:https%3A%2F%2Fwww.samoens.com%2Fnl%2Ftearoom-a-la-jaysinia%2F&#8221;][\/vc_column][\/vc_row][vc_row][vc_column][vc_column_text]<\/p>\n<h3>Kastanjesoep: een lokale specialiteit<\/h3>\n<p>[\/vc_column_text][\/vc_column][\/vc_row][vc_row][vc_column width=&#8221;1\/2&#8243;][vc_single_image image=&#8221;440822&#8243; img_size=&#8221;medium&#8221;][\/vc_column][vc_column width=&#8221;1\/2&#8243;][vc_empty_space height=&#8221;200px&#8221;][vc_column_text]Het is een lokaal gerecht dat goed is voor de maag, vooral in de winter: kastanjesoep. De oorsprong van dit gerecht ligt in een heel praktisch aspect: het voorkomen van verspilling. Het werd gemaakt van restjes brood en kaas om de septimontains iets te eten te geven als ze in de kou moesten werken.[\/vc_column_text][\/vc_column][\/vc_row][vc_row][vc_column][vc_btn title=&#8221;Klik hier voor het recept&#8221; color=&#8221;default&#8221; align=&#8221;center&#8221; link=&#8221;url:https%3A%2F%2Fwww.samoens.com%2Fnl%2Fde-specialiteit-van-samoens-kastanjesoep%2F&#8221;][\/vc_column][\/vc_row][vc_row][vc_column][vc_column_text]<\/p>\n<h3>De Afghaanse wandeling: actieve meditatie<\/h3>\n<p>[\/vc_column_text][\/vc_column][\/vc_row][vc_row][vc_column width=&#8221;1\/2&#8243;][vc_empty_space height=&#8221;200px&#8221;][vc_column_text]Afghaans wandelen is vergelijkbaar met actieve meditatie. Het beoefenen ervan in de bergen tijdens de winter combineert ontspanning met een betere beheersing van de inspanning die het lopen met zich meebrengt. Het resultaat: deze oefeningen, die we kennen van de nomaden van de hoogvlakten, stellen je in staat om sneller en verder te lopen zonder moe te worden.[\/vc_column_text][\/vc_column][vc_column width=&#8221;1\/2&#8243;][vc_single_image image=&#8221;11778&#8243; img_size=&#8221;medium&#8221;][\/vc_column][\/vc_row][vc_row][vc_column][vc_btn title=&#8221;Lees hier meer&#8221; color=&#8221;default&#8221; align=&#8221;center&#8221; link=&#8221;url:https%3A%2F%2Fwww.samoens.com%2Fnl%2Fmarche-afghane-en-raquettes-2-quintessence-accompagnatrice-en-montagne%2F&#8221;][\/vc_column][\/vc_row][vc_row][vc_column][vc_column_text]<\/p>\n<h3>Een wandeling in de voetsporen van de beeldhouwers<\/h3>\n<p>[\/vc_column_text][\/vc_column][\/vc_row][vc_row][vc_column width=&#8221;1\/2&#8243;][vc_single_image image=&#8221;170&#8243; img_size=&#8221;medium&#8221;][\/vc_column][vc_column width=&#8221;1\/2&#8243;][vc_empty_space height=&#8221;200px&#8221;][vc_column_text]Treed in de voetsporen van een rijk verleden dat ook heden is. Wandel door het dorp en het recreatiecentrum en ontdek de beeldhouwwerken. Het is een prachtig initiatief, dankzij de vereniging van metselaars van Samo\u00ebns, erfgenamen van de traditie van steenhouwers.<\/p>\n<p>.[\/vc_column_text][\/vc_column][\/vc_row][vc_row][vc_column][vc_btn title=&#8221;Download hier de brochure voor meer informatie over de route&#8221; color=&#8221;default&#8221; align=&#8221;center&#8221; link=&#8221;url:https%3A%2F%2Fwww.samoens.com%2Fwp-content%2Fplugins%2Fyatadata%2Fpublic%2Fmultimedias%2F880680%2FChemin%2Bdes%2Bsculptures.pdf&#8221;][\/vc_column][\/vc_row][vc_row][vc_column][vc_column_text]<\/p>\n<h3>Ontdek het Grand Massif skigebied<\/h3>\n<p>[\/vc_column_text][\/vc_column][\/vc_row][vc_row][vc_column width=&#8221;1\/2&#8243;][vc_empty_space height=&#8221;200px&#8221;][vc_column_text]Le Grand Massif is een favoriete keuze voor ski\u00ebrs. Met 265 km aan pistes biedt het variatie voor alle niveaus. Een van de grootste trotsen van het gebied is de betrouwbare sneeuwval, mede dankzij een gunstig microklimaat. Panoramisch uitzicht op de Mont Blanc voegt toe aan de visuele ervaring.[\/vc_column_text][\/vc_column][vc_column width=&#8221;1\/2&#8243;][vc_single_image image=&#8221;67501&#8243; img_size=&#8221;medium&#8221;][\/vc_column][\/vc_row][vc_row][vc_column][vc_btn title=&#8221;Plus d\u2019informations ici&#8221; color=&#8221;default&#8221; align=&#8221;center&#8221; link=&#8221;url:https%3A%2F%2Fwww.samoens.com%2Fle-grand-massif%2F|title:Le%20Grand%20Massif&#8221;][\/vc_column][\/vc_row][vc_row][vc_column][vc_column_text]<\/p>\n<h3>Bezoek de kapellen<\/h3>\n<p>[\/vc_column_text][\/vc_column][\/vc_row][vc_row][vc_column width=&#8221;1\/2&#8243;][vc_single_image image=&#8221;203&#8243; img_size=&#8221;medium&#8221;][\/vc_column][vc_column width=&#8221;1\/2&#8243;][vc_empty_space height=&#8221;200px&#8221;][vc_column_text]Een andere originele manier om een duik te nemen in de zevenbergen-geschiedenis terwijl je uniek erfgoed bewondert: de rondleiding langs de negen kapellen van de gemeente Samo\u00ebns. Je doorkruist vijf eeuwen geschiedenis en een gemeenschappelijk kenmerk: de ui-vormige klokkentoren die elk van de religieuze gebouwen bezit.[\/vc_column_text][\/vc_column][\/vc_row][vc_row][vc_column][vc_btn title=&#8221;Voor meer informatie, download de route&#8221; color=&#8221;default&#8221; align=&#8221;center&#8221; link=&#8221;url:https%3A%2F%2Fwww.samoens.com%2Fwp-content%2Fuploads%2F2019%2F08%2FItin%25C3%25A9raire-des-chapelles.pdf&#8221;][\/vc_column][\/vc_row][vc_row][vc_column][vc_column_text]<\/p>\n<h3>En als extraatje&#8230;<\/h3>\n<p>[\/vc_column_text][\/vc_column][\/vc_row][vc_row][vc_column][vc_column_text]Om deze prachtige lijst af te sluiten, ongeacht welke activiteit je zult ondernemen, is er een die je niet mag missen: de zonsondergang bij La Bourgeoise. Deze &#8216;zonsondergangspot&#8217; biedt een prachtig uitzicht op de majestueuze Mont Blanc. Hier kun je misschien ook het indrukwekkende wolkendek zien. Nog een onvergetelijk moment om te delen in Samo\u00ebns![\/vc_column_text][\/vc_column][\/vc_row]<\/p>\n<\/div>","protected":false},"excerpt":{"rendered":"<p>[vc_row][vc_column][vc_column_text] Erfgoed, buitenactiviteiten, wandelen of culinaire ontdekkingen: Samo\u00ebns zit vol verrassingen en activiteiten. Hier zijn 10 activiteiten om van te genieten met je familie of vrienden. [\/vc_column_text][\/vc_column][\/vc_row][vc_row][vc_column][vc_column_text] Een rijk erfgoed om te bezoeken in Samo\u00ebns [\/vc_column_text][\/vc_column][\/vc_row][vc_row][vc_column width=&#8221;1\/2&#8243;][vc_empty_space height=&#8221;200px&#8221;][vc_column_text]Een voet zetten in Samoens is het thuisland betreden van de beroemde beeldhouwers, de Frahans. Je ontdekt er [&hellip;]<\/p>\n","protected":false},"author":2,"featured_media":65151,"comment_status":"closed","ping_status":"closed","sticky":false,"template":"","format":"standard","meta":{"_acf_changed":false,"footnotes":""},"categories":[319],"tags":[],"class_list":["post-581359","post","type-post","status-publish","format-standard","hentry","category-winter-ontdekking-van-samoens"],"acf":[],"yoast_head":"<!-- This site is optimized with the Yoast SEO plugin v27.4 - https:\/\/yoast.com\/product\/yoast-seo-wordpress\/ -->\n<title>10 dingen die je niet mag missen in Samo\u00ebns in de winter<\/title>\n<meta name=\"description\" content=\"Voici 10 activit\u00e9s \u00e0 partager en famille ou entre amis. Patrimoine, plein air, randonn\u00e9e ou encore d\u00e9couvertes culinaires\u00a0: Samo\u00ebns regorge de surprises et d\u2019activit\u00e9s.\" \/>\n<meta name=\"robots\" content=\"index, follow, max-snippet:-1, max-image-preview:large, max-video-preview:-1\" \/>\n<link rel=\"canonical\" href=\"https:\/\/www.samoens.com\/nl\/les-10-choses-a-ne-pas-manquer-a-samoens-en-hiver\/\" \/>\n<meta property=\"og:locale\" content=\"nl_NL\" \/>\n<meta property=\"og:type\" content=\"article\" \/>\n<meta property=\"og:title\" content=\"10 dingen die je niet mag missen in Samo\u00ebns in de winter\" \/>\n<meta property=\"og:description\" content=\"Voici 10 activit\u00e9s \u00e0 partager en famille ou entre amis. Patrimoine, plein air, randonn\u00e9e ou encore d\u00e9couvertes culinaires\u00a0: Samo\u00ebns regorge de surprises et d\u2019activit\u00e9s.\" \/>\n<meta property=\"og:url\" content=\"https:\/\/www.samoens.com\/nl\/les-10-choses-a-ne-pas-manquer-a-samoens-en-hiver\/\" \/>\n<meta property=\"og:site_name\" content=\"Samo\u00ebns, station de ski et village authentique en Haute-Savoie\" \/>\n<meta property=\"article:published_time\" content=\"2025-10-22T09:38:01+00:00\" \/>\n<meta property=\"article:modified_time\" content=\"2025-10-22T09:38:42+00:00\" \/>\n<meta property=\"og:image\" content=\"https:\/\/www.samoens.com\/wp-content\/uploads\/2019\/10\/Grenette-Christian-Martelet-1200x631.jpg\" \/>\n\t<meta property=\"og:image:width\" content=\"1200\" \/>\n\t<meta property=\"og:image:height\" content=\"631\" \/>\n\t<meta property=\"og:image:type\" content=\"image\/jpeg\" \/>\n<meta name=\"author\" content=\"Isabelle\" \/>\n<meta name=\"twitter:card\" content=\"summary_large_image\" \/>\n<meta name=\"twitter:label1\" content=\"Geschreven door\" \/>\n\t<meta name=\"twitter:data1\" content=\"Isabelle\" \/>\n\t<meta name=\"twitter:label2\" content=\"Geschatte leestijd\" \/>\n\t<meta name=\"twitter:data2\" content=\"7 minuten\" \/>\n<script type=\"application\/ld+json\" class=\"yoast-schema-graph\">{\"@context\":\"https:\\\/\\\/schema.org\",\"@graph\":[{\"@type\":\"Article\",\"@id\":\"https:\\\/\\\/www.samoens.com\\\/nl\\\/les-10-choses-a-ne-pas-manquer-a-samoens-en-hiver\\\/#article\",\"isPartOf\":{\"@id\":\"https:\\\/\\\/www.samoens.com\\\/nl\\\/les-10-choses-a-ne-pas-manquer-a-samoens-en-hiver\\\/\"},\"author\":{\"name\":\"Isabelle\",\"@id\":\"https:\\\/\\\/www.samoens.com\\\/#\\\/schema\\\/person\\\/9f84694e97a9b976109162d9d96dc2f2\"},\"headline\":\"10 dingen die je niet mag missen in Samo\u00ebns in de winter\",\"datePublished\":\"2025-10-22T09:38:01+00:00\",\"dateModified\":\"2025-10-22T09:38:42+00:00\",\"mainEntityOfPage\":{\"@id\":\"https:\\\/\\\/www.samoens.com\\\/nl\\\/les-10-choses-a-ne-pas-manquer-a-samoens-en-hiver\\\/\"},\"wordCount\":1375,\"image\":{\"@id\":\"https:\\\/\\\/www.samoens.com\\\/nl\\\/les-10-choses-a-ne-pas-manquer-a-samoens-en-hiver\\\/#primaryimage\"},\"thumbnailUrl\":\"https:\\\/\\\/www.samoens.com\\\/wp-content\\\/uploads\\\/2019\\\/10\\\/Grenette-Christian-Martelet.jpg\",\"articleSection\":[\"Winter ontdekking van Samo\u00ebns\"],\"inLanguage\":\"nl-NL\"},{\"@type\":\"WebPage\",\"@id\":\"https:\\\/\\\/www.samoens.com\\\/nl\\\/les-10-choses-a-ne-pas-manquer-a-samoens-en-hiver\\\/\",\"url\":\"https:\\\/\\\/www.samoens.com\\\/nl\\\/les-10-choses-a-ne-pas-manquer-a-samoens-en-hiver\\\/\",\"name\":\"10 dingen die je niet mag missen in Samo\u00ebns in de winter\",\"isPartOf\":{\"@id\":\"https:\\\/\\\/www.samoens.com\\\/#website\"},\"primaryImageOfPage\":{\"@id\":\"https:\\\/\\\/www.samoens.com\\\/nl\\\/les-10-choses-a-ne-pas-manquer-a-samoens-en-hiver\\\/#primaryimage\"},\"image\":{\"@id\":\"https:\\\/\\\/www.samoens.com\\\/nl\\\/les-10-choses-a-ne-pas-manquer-a-samoens-en-hiver\\\/#primaryimage\"},\"thumbnailUrl\":\"https:\\\/\\\/www.samoens.com\\\/wp-content\\\/uploads\\\/2019\\\/10\\\/Grenette-Christian-Martelet.jpg\",\"datePublished\":\"2025-10-22T09:38:01+00:00\",\"dateModified\":\"2025-10-22T09:38:42+00:00\",\"author\":{\"@id\":\"https:\\\/\\\/www.samoens.com\\\/#\\\/schema\\\/person\\\/9f84694e97a9b976109162d9d96dc2f2\"},\"description\":\"Voici 10 activit\u00e9s \u00e0 partager en famille ou entre amis. Patrimoine, plein air, randonn\u00e9e ou encore d\u00e9couvertes culinaires\u00a0: Samo\u00ebns regorge de surprises et d\u2019activit\u00e9s.\",\"breadcrumb\":{\"@id\":\"https:\\\/\\\/www.samoens.com\\\/nl\\\/les-10-choses-a-ne-pas-manquer-a-samoens-en-hiver\\\/#breadcrumb\"},\"inLanguage\":\"nl-NL\",\"potentialAction\":[{\"@type\":\"ReadAction\",\"target\":[\"https:\\\/\\\/www.samoens.com\\\/nl\\\/les-10-choses-a-ne-pas-manquer-a-samoens-en-hiver\\\/\"]}]},{\"@type\":\"ImageObject\",\"inLanguage\":\"nl-NL\",\"@id\":\"https:\\\/\\\/www.samoens.com\\\/nl\\\/les-10-choses-a-ne-pas-manquer-a-samoens-en-hiver\\\/#primaryimage\",\"url\":\"https:\\\/\\\/www.samoens.com\\\/wp-content\\\/uploads\\\/2019\\\/10\\\/Grenette-Christian-Martelet.jpg\",\"contentUrl\":\"https:\\\/\\\/www.samoens.com\\\/wp-content\\\/uploads\\\/2019\\\/10\\\/Grenette-Christian-Martelet.jpg\",\"width\":3543,\"height\":1863,\"caption\":\"Le vieux tilleul sur la place du village\"},{\"@type\":\"BreadcrumbList\",\"@id\":\"https:\\\/\\\/www.samoens.com\\\/nl\\\/les-10-choses-a-ne-pas-manquer-a-samoens-en-hiver\\\/#breadcrumb\",\"itemListElement\":[{\"@type\":\"ListItem\",\"position\":1,\"name\":\"Accueil\",\"item\":\"https:\\\/\\\/www.samoens.com\\\/nl\\\/\"},{\"@type\":\"ListItem\",\"position\":2,\"name\":\"Winter ontdekking van Samo\u00ebns\",\"item\":\"https:\\\/\\\/www.samoens.com\\\/nl\\\/category\\\/winter-ontdekking-van-samoens\\\/\"},{\"@type\":\"ListItem\",\"position\":3,\"name\":\"10 dingen die je niet mag missen in Samo\u00ebns in de winter\"}]},{\"@type\":\"WebSite\",\"@id\":\"https:\\\/\\\/www.samoens.com\\\/#website\",\"url\":\"https:\\\/\\\/www.samoens.com\\\/\",\"name\":\"Samo\u00ebns, station de ski et village authentique en Haute-Savoie\",\"description\":\"Nich\u00e9e au coeur du domaine skiable du Grand Massif et \u00e0 moins d&#039;1h de Gen\u00e8ve, Samo\u00ebns rendra vos vacances inoubliables en \u00e9t\u00e9 comme en hiver\",\"potentialAction\":[{\"@type\":\"SearchAction\",\"target\":{\"@type\":\"EntryPoint\",\"urlTemplate\":\"https:\\\/\\\/www.samoens.com\\\/?s={search_term_string}\"},\"query-input\":{\"@type\":\"PropertyValueSpecification\",\"valueRequired\":true,\"valueName\":\"search_term_string\"}}],\"inLanguage\":\"nl-NL\"},{\"@type\":\"Person\",\"@id\":\"https:\\\/\\\/www.samoens.com\\\/#\\\/schema\\\/person\\\/9f84694e97a9b976109162d9d96dc2f2\",\"name\":\"Isabelle\",\"image\":{\"@type\":\"ImageObject\",\"inLanguage\":\"nl-NL\",\"@id\":\"https:\\\/\\\/secure.gravatar.com\\\/avatar\\\/13973acc16a6871b2e7a2b758c75fd8b7c5f0835b5f5b665a2a81454820bba2f?s=96&d=mm&r=g\",\"url\":\"https:\\\/\\\/secure.gravatar.com\\\/avatar\\\/13973acc16a6871b2e7a2b758c75fd8b7c5f0835b5f5b665a2a81454820bba2f?s=96&d=mm&r=g\",\"contentUrl\":\"https:\\\/\\\/secure.gravatar.com\\\/avatar\\\/13973acc16a6871b2e7a2b758c75fd8b7c5f0835b5f5b665a2a81454820bba2f?s=96&d=mm&r=g\",\"caption\":\"Isabelle\"}}]}<\/script>\n<!-- \/ Yoast SEO plugin. -->","yoast_head_json":{"title":"10 dingen die je niet mag missen in Samo\u00ebns in de winter","description":"Voici 10 activit\u00e9s \u00e0 partager en famille ou entre amis. Patrimoine, plein air, randonn\u00e9e ou encore d\u00e9couvertes culinaires\u00a0: Samo\u00ebns regorge de surprises et d\u2019activit\u00e9s.","robots":{"index":"index","follow":"follow","max-snippet":"max-snippet:-1","max-image-preview":"max-image-preview:large","max-video-preview":"max-video-preview:-1"},"canonical":"https:\/\/www.samoens.com\/nl\/les-10-choses-a-ne-pas-manquer-a-samoens-en-hiver\/","og_locale":"nl_NL","og_type":"article","og_title":"10 dingen die je niet mag missen in Samo\u00ebns in de winter","og_description":"Voici 10 activit\u00e9s \u00e0 partager en famille ou entre amis. Patrimoine, plein air, randonn\u00e9e ou encore d\u00e9couvertes culinaires\u00a0: Samo\u00ebns regorge de surprises et d\u2019activit\u00e9s.","og_url":"https:\/\/www.samoens.com\/nl\/les-10-choses-a-ne-pas-manquer-a-samoens-en-hiver\/","og_site_name":"Samo\u00ebns, station de ski et village authentique en Haute-Savoie","article_published_time":"2025-10-22T09:38:01+00:00","article_modified_time":"2025-10-22T09:38:42+00:00","og_image":[{"width":1200,"height":631,"url":"https:\/\/www.samoens.com\/wp-content\/uploads\/2019\/10\/Grenette-Christian-Martelet-1200x631.jpg","type":"image\/jpeg"}],"author":"Isabelle","twitter_card":"summary_large_image","twitter_misc":{"Geschreven door":"Isabelle","Geschatte leestijd":"7 minuten"},"schema":{"@context":"https:\/\/schema.org","@graph":[{"@type":"Article","@id":"https:\/\/www.samoens.com\/nl\/les-10-choses-a-ne-pas-manquer-a-samoens-en-hiver\/#article","isPartOf":{"@id":"https:\/\/www.samoens.com\/nl\/les-10-choses-a-ne-pas-manquer-a-samoens-en-hiver\/"},"author":{"name":"Isabelle","@id":"https:\/\/www.samoens.com\/#\/schema\/person\/9f84694e97a9b976109162d9d96dc2f2"},"headline":"10 dingen die je niet mag missen in Samo\u00ebns in de winter","datePublished":"2025-10-22T09:38:01+00:00","dateModified":"2025-10-22T09:38:42+00:00","mainEntityOfPage":{"@id":"https:\/\/www.samoens.com\/nl\/les-10-choses-a-ne-pas-manquer-a-samoens-en-hiver\/"},"wordCount":1375,"image":{"@id":"https:\/\/www.samoens.com\/nl\/les-10-choses-a-ne-pas-manquer-a-samoens-en-hiver\/#primaryimage"},"thumbnailUrl":"https:\/\/www.samoens.com\/wp-content\/uploads\/2019\/10\/Grenette-Christian-Martelet.jpg","articleSection":["Winter ontdekking van Samo\u00ebns"],"inLanguage":"nl-NL"},{"@type":"WebPage","@id":"https:\/\/www.samoens.com\/nl\/les-10-choses-a-ne-pas-manquer-a-samoens-en-hiver\/","url":"https:\/\/www.samoens.com\/nl\/les-10-choses-a-ne-pas-manquer-a-samoens-en-hiver\/","name":"10 dingen die je niet mag missen in Samo\u00ebns in de winter","isPartOf":{"@id":"https:\/\/www.samoens.com\/#website"},"primaryImageOfPage":{"@id":"https:\/\/www.samoens.com\/nl\/les-10-choses-a-ne-pas-manquer-a-samoens-en-hiver\/#primaryimage"},"image":{"@id":"https:\/\/www.samoens.com\/nl\/les-10-choses-a-ne-pas-manquer-a-samoens-en-hiver\/#primaryimage"},"thumbnailUrl":"https:\/\/www.samoens.com\/wp-content\/uploads\/2019\/10\/Grenette-Christian-Martelet.jpg","datePublished":"2025-10-22T09:38:01+00:00","dateModified":"2025-10-22T09:38:42+00:00","author":{"@id":"https:\/\/www.samoens.com\/#\/schema\/person\/9f84694e97a9b976109162d9d96dc2f2"},"description":"Voici 10 activit\u00e9s \u00e0 partager en famille ou entre amis. Patrimoine, plein air, randonn\u00e9e ou encore d\u00e9couvertes culinaires\u00a0: Samo\u00ebns regorge de surprises et d\u2019activit\u00e9s.","breadcrumb":{"@id":"https:\/\/www.samoens.com\/nl\/les-10-choses-a-ne-pas-manquer-a-samoens-en-hiver\/#breadcrumb"},"inLanguage":"nl-NL","potentialAction":[{"@type":"ReadAction","target":["https:\/\/www.samoens.com\/nl\/les-10-choses-a-ne-pas-manquer-a-samoens-en-hiver\/"]}]},{"@type":"ImageObject","inLanguage":"nl-NL","@id":"https:\/\/www.samoens.com\/nl\/les-10-choses-a-ne-pas-manquer-a-samoens-en-hiver\/#primaryimage","url":"https:\/\/www.samoens.com\/wp-content\/uploads\/2019\/10\/Grenette-Christian-Martelet.jpg","contentUrl":"https:\/\/www.samoens.com\/wp-content\/uploads\/2019\/10\/Grenette-Christian-Martelet.jpg","width":3543,"height":1863,"caption":"Le vieux tilleul sur la place du village"},{"@type":"BreadcrumbList","@id":"https:\/\/www.samoens.com\/nl\/les-10-choses-a-ne-pas-manquer-a-samoens-en-hiver\/#breadcrumb","itemListElement":[{"@type":"ListItem","position":1,"name":"Accueil","item":"https:\/\/www.samoens.com\/nl\/"},{"@type":"ListItem","position":2,"name":"Winter ontdekking van Samo\u00ebns","item":"https:\/\/www.samoens.com\/nl\/category\/winter-ontdekking-van-samoens\/"},{"@type":"ListItem","position":3,"name":"10 dingen die je niet mag missen in Samo\u00ebns in de winter"}]},{"@type":"WebSite","@id":"https:\/\/www.samoens.com\/#website","url":"https:\/\/www.samoens.com\/","name":"Samo\u00ebns, station de ski et village authentique en Haute-Savoie","description":"Nich\u00e9e au coeur du domaine skiable du Grand Massif et \u00e0 moins d&#039;1h de Gen\u00e8ve, Samo\u00ebns rendra vos vacances inoubliables en \u00e9t\u00e9 comme en hiver","potentialAction":[{"@type":"SearchAction","target":{"@type":"EntryPoint","urlTemplate":"https:\/\/www.samoens.com\/?s={search_term_string}"},"query-input":{"@type":"PropertyValueSpecification","valueRequired":true,"valueName":"search_term_string"}}],"inLanguage":"nl-NL"},{"@type":"Person","@id":"https:\/\/www.samoens.com\/#\/schema\/person\/9f84694e97a9b976109162d9d96dc2f2","name":"Isabelle","image":{"@type":"ImageObject","inLanguage":"nl-NL","@id":"https:\/\/secure.gravatar.com\/avatar\/13973acc16a6871b2e7a2b758c75fd8b7c5f0835b5f5b665a2a81454820bba2f?s=96&d=mm&r=g","url":"https:\/\/secure.gravatar.com\/avatar\/13973acc16a6871b2e7a2b758c75fd8b7c5f0835b5f5b665a2a81454820bba2f?s=96&d=mm&r=g","contentUrl":"https:\/\/secure.gravatar.com\/avatar\/13973acc16a6871b2e7a2b758c75fd8b7c5f0835b5f5b665a2a81454820bba2f?s=96&d=mm&r=g","caption":"Isabelle"}}]}},"_links":{"self":[{"href":"https:\/\/www.samoens.com\/nl\/wp-json\/wp\/v2\/posts\/581359","targetHints":{"allow":["GET"]}}],"collection":[{"href":"https:\/\/www.samoens.com\/nl\/wp-json\/wp\/v2\/posts"}],"about":[{"href":"https:\/\/www.samoens.com\/nl\/wp-json\/wp\/v2\/types\/post"}],"author":[{"embeddable":true,"href":"https:\/\/www.samoens.com\/nl\/wp-json\/wp\/v2\/users\/2"}],"replies":[{"embeddable":true,"href":"https:\/\/www.samoens.com\/nl\/wp-json\/wp\/v2\/comments?post=581359"}],"version-history":[{"count":2,"href":"https:\/\/www.samoens.com\/nl\/wp-json\/wp\/v2\/posts\/581359\/revisions"}],"predecessor-version":[{"id":593377,"href":"https:\/\/www.samoens.com\/nl\/wp-json\/wp\/v2\/posts\/581359\/revisions\/593377"}],"wp:featuredmedia":[{"embeddable":true,"href":"https:\/\/www.samoens.com\/nl\/wp-json\/wp\/v2\/media\/65151"}],"wp:attachment":[{"href":"https:\/\/www.samoens.com\/nl\/wp-json\/wp\/v2\/media?parent=581359"}],"wp:term":[{"taxonomy":"category","embeddable":true,"href":"https:\/\/www.samoens.com\/nl\/wp-json\/wp\/v2\/categories?post=581359"},{"taxonomy":"post_tag","embeddable":true,"href":"https:\/\/www.samoens.com\/nl\/wp-json\/wp\/v2\/tags?post=581359"}],"curies":[{"name":"wp","href":"https:\/\/api.w.org\/{rel}","templated":true}]}}