{"id":579468,"date":"2026-03-24T11:05:51","date_gmt":"2026-03-24T10:05:51","guid":{"rendered":"https:\/\/www.samoens.com\/?p=579468"},"modified":"2026-03-31T12:04:06","modified_gmt":"2026-03-31T10:04:06","slug":"vacances-ete-montagne-samoens","status":"publish","type":"post","link":"https:\/\/www.samoens.com\/nl\/vacances-ete-montagne-samoens\/","title":{"rendered":"Een droomvakantie met het gezin in de bergen deze zomer in Samo\u00ebns, Haute-Savoie"},"content":{"rendered":"<div class=\"wpb-content-wrapper\"><p>[vc_row][vc_column][vc_column_text]<\/p>\n<h2 class=\"chapeau\">Samo\u00ebns, gelegen in het hart van de Franse Alpen, is een ideale bestemming voor een gezinsvakantie in de bergen deze zomer. Met zijn prachtige landschap, rijke culturele erfgoed en vele activiteiten voor alle leeftijden belooft Samo\u00ebns een droomvakantie voor gezinnen die op zoek zijn naar avontuur, ontspanning en ontdekking. Of je nu een fervent wandelaar, mountainbiker, bergbeklimmer, zwemmer of fijnproever bent, Samo\u00ebns heeft voor ieder wat wils.<\/h2>\n<p>[\/vc_column_text][\/vc_column][\/vc_row][vc_row][vc_column][\/vc_column][\/vc_row][vc_row][vc_column width=&#8221;1\/2&#8243;][vc_column_text css=&#8221;&#8221;]<\/p>\n<h3>Samo\u00ebns, een bergdorp rijk aan geschiedenis en gastronomie<\/h3>\n<p>&nbsp;<\/p>\n<p>Samo\u00ebns is een <strong>bergdorp<\/strong> met een fascinerende geschiedenis. Het dorp werd gesticht in de middeleeuwen en heeft zijn uitzonderlijke architecturale erfgoed behouden, met geplaveide straatjes, fonteinen, kerken en <span style=\"color: #eb4747;\"><a style=\"color: #eb4747;\" href=\"https:\/\/www.samoens.com\/?page_id=1447\">traditionele stenen<\/a><\/span> huizen. Wandel door het dorp en ontdek de verborgen schatten, zoals de <span style=\"color: #eb4747;\"><a style=\"color: #eb4747;\" href=\"https:\/\/www.samoens.com\/nl\/alpine-botanische-tuin-ja-lasinia\/\">botanische Alpentuin<\/a><\/span> en de <span style=\"color: #eb4747;\"><a style=\"color: #eb4747;\" href=\"https:\/\/www.samoens.com\/nl\/clos-parchet-boerderijen-eco-museumbezoek\/\">Clos Parchet boerderij<\/a>,<\/span> een museum over het lokale leven. Maar Samo\u00ebns is ook een gastronomische bestemming op zich, met Savoyaardse culinaire specialiteiten zoals raclette, tartiflette en fondue. Je kunt deze traditionele gerechten proeven in de vele restaurants in het dorp, of ze zelf bereiden in je accommodatie. Geloof ons, alle Savoyaardse recepten zullen de smaakpapillen van jong en oud verrukken en beloven authentieke familiemomenten en onvergetelijke herinneringen.[\/vc_column_text][\/vc_column][vc_column width=&#8221;1\/2&#8243;][vc_single_image image=&#8221;579646&#8243; img_size=&#8221;&#8221;][\/vc_column][\/vc_row][vc_row][vc_column][\/vc_column][\/vc_row][vc_row][vc_column width=&#8221;1\/2&#8243;][vc_single_image image=&#8221;2277&#8243; img_size=&#8221;&#8221;][\/vc_column][vc_column width=&#8221;1\/2&#8243;][vc_column_text css=&#8221;&#8221;]<\/p>\n<h3>Activiteiten voor het hele gezin in Samo\u00ebns: wandelen, fietsen, zwemmen en meer<\/h3>\n<p>&nbsp;<\/p>\n<p>Samo\u00ebns is een must voor gezinnen die op zoek zijn naar <strong>buitenactiviteiten<\/strong>. Of je nu houdt van <strong>wandelen<\/strong>, <strong>mountainbiken<\/strong>, <strong>zwemmen<\/strong> of gewoon <strong>ontspannen<\/strong>, Samo\u00ebns heeft voor elk wat wils. Wandelaars kunnen het prachtige landschap van de Alpen verkennen, met honderden kilometers aan <span style=\"color: #eb4747;\"><a style=\"color: #eb4747;\" href=\"https:\/\/www.samoens.com\/nl\/de-10-beste-wandelingen-van-samoens-haute-savoie\/\">gemarkeerde paden<\/a><\/span> voor alle niveaus. Gezinnen met kinderen kunnen genieten van eenvoudigere wandelingen, zoals langs de rivier de Giffre of het verkennen van het dorp met het <span style=\"color: #eb4747;\"><a style=\"color: #eb4747;\" href=\"https:\/\/www.samoens.com\/nl\/septitrain-toeristisch-treintje\/\">toeristentreintje<\/a>.<\/span> Mountainbikers kunnen genieten van routes aangepast aan hun niveau, met spectaculaire uitzichten op de bergen. Op warmere dagen zijn het <span style=\"color: #eb4747;\"><a style=\"color: #eb4747;\" href=\"https:\/\/www.samoens.com\/nl\/zwembad\/\">zwembad<\/a><\/span> of het <span style=\"color: #eb4747;\"><a style=\"color: #eb4747;\" href=\"https:\/\/www.samoens.com\/nl\/lac-aux-dames-recreatiecentrum-in-de-zomer\/\">Lac aux Dames<\/a><\/span> ideaal om af te koelen en te ontspannen met het hele gezin. Avonturiers kunnen gaan klimmen, paragliden of zelfs raften in de woeste wateren van de regio.[\/vc_column_text][\/vc_column][\/vc_row][vc_row][vc_column][\/vc_column][\/vc_row][vc_row][vc_column width=&#8221;1\/2&#8243;][vc_empty_space height=&#8221;100px&#8221;][vc_column_text css=&#8221;&#8221;]<\/p>\n<h3>Waar verblijf je met je gezin in Samo\u00ebns?<\/h3>\n<p>&nbsp;<\/p>\n<p>Samo\u00ebns biedt een <a href=\"https:\/\/booking.samoens.com\/summer?origine=switchLangue\"><span style=\"color: #eb4747;\">breed scala aan accommodatie<\/span>s<\/a> voor gezinnen die op zoek zijn naar een <strong>droomvakantie in de bergen<\/strong>. Of je nu op zoek bent naar een familiehotel, een gezellig chalet of een ruim appartement, je vindt zeker de juiste accommodatie voor je gezin. <strong>Hotels<\/strong> in het dorp zijn ideaal gelegen om de omgeving te verkennen, terwijl <strong>chalets<\/strong> een warme en vriendelijke sfeer bieden, ideaal voor gezinsvakanties. <strong>Flats<\/strong> zijn ook een populaire optie en bieden meer ruimte en vrijheid met de optie om zelf te koken. Wat je ook kiest, je kunt genieten van een breed scala aan diensten en voorzieningen om je verblijf zo aangenaam mogelijk te maken.[\/vc_column_text][\/vc_column][vc_column width=&#8221;1\/2&#8243;][vc_single_image image=&#8221;558845&#8243; img_size=&#8221;medium&#8221;][\/vc_column][\/vc_row][vc_row][vc_column][\/vc_column][\/vc_row][vc_row][vc_column width=&#8221;1\/2&#8243;][vc_single_image image=&#8221;562274&#8243; img_size=&#8221;&#8221;][\/vc_column][vc_column width=&#8221;1\/2&#8243;][vc_empty_space height=&#8221;50px&#8221;][vc_column_text css=&#8221;&#8221;]<\/p>\n<h3>Van festivals tot markten: de niet te missen evenementen in Samo\u00ebns<\/h3>\n<p>&nbsp;<\/p>\n<p>Samo\u00ebns is ook een bestemming rijk aan <strong>culturele en feestelijke evenementen<\/strong>. De hele zomer door organiseert de stad tal van festivals en evenementen voor jong en oud. Tot de populairste <a href=\"https:\/\/www.samoens.com\/nl\/dagboek\/\">evenementen<\/a> behoren het <a href=\"https:\/\/www.samoens.com\/nl\/het-samoens-american-festival-2025-saf-17e-editie\/\">Samo\u00ebns American Festival<\/a>, dat elk jaar in juli wordt gehouden, het <a href=\"https:\/\/www.samoens.com\/nl\/festival-lyrique-du-giffre-2026\/\">Festival Lyrique<\/a>, de <a href=\"https:\/\/www.samoens.com\/nl\/ultra-trail-du-haut-giffre-uthg-13e-editie\/\">Ultra Trail du Haut Giffre<\/a> en het <a href=\"https:\/\/www.samoens.com\/nl\/avonturiers-in-de-alpen\/\">Baroudeur des Alpes<\/a>.\u00a0Fijnproevers kunnen deelnemen aan de wekelijkse markt, die elke woensdagochtend wordt gehouden, om lokale en regionale producten te ontdekken. Kinderen kunnen ook profiteren van het <a href=\"https:\/\/www.samoens.com\/nl\/weekschema\/\">entertainmentaanbod<\/a>. Kunstliefhebbers kunnen de hele zomer door tentoonstellingen bezoeken van schilderijen, beeldhouwwerken en plaatselijke ambachten. Wat je interesses ook zijn, er is zeker een evenement dat bij je past in Samo\u00ebns.[\/vc_column_text][\/vc_column][\/vc_row][vc_row][vc_column][\/vc_column][\/vc_row][vc_row][vc_column][vc_column_text]Kortom, Samo\u00ebns is een geweldige bestemming voor gezinnen die op zoek zijn naar een vakantie in de bergen. Tussen de buitenactiviteiten, de feestelijke evenementen en de rijke cultuur van het dorp is er voor elk wat wils. Bovendien is de accommodatie hier van topkwaliteit en afgestemd op de behoeften van gezinnen. Boek dus nu je verblijf in Samo\u00ebns en beleef een onvergetelijke zomer met je gezin.[\/vc_column_text][\/vc_column][\/vc_row]<\/p>\n<\/div>","protected":false},"excerpt":{"rendered":"<p>Nich\u00e9 au c\u0153ur des Alpes fran\u00e7aises, Samo\u00ebns est une destination id\u00e9ale pour des vacances en famille \u00e0 la montagne cet \u00e9t\u00e9. Avec ses paysages qui nous \u00e9merveillent, son riche patrimoine culturel et ses nombreuses activit\u00e9s pour tous les \u00e2ges, Samo\u00ebns promet des vacances de r\u00eave pour les familles en qu\u00eate d&#8217;aventure, de d\u00e9tente et de d\u00e9couvertes. Que vous soyez amateurs de randonn\u00e9es, de VTT, d&#8217;escalade, de baignade ou de gastronomie, Samo\u00ebns saura r\u00e9pondre \u00e0 toutes vos envies. <\/p>\n","protected":false},"author":2,"featured_media":430119,"comment_status":"closed","ping_status":"closed","sticky":false,"template":"","format":"standard","meta":{"_acf_changed":false,"footnotes":""},"categories":[5539],"tags":[],"class_list":["post-579468","post","type-post","status-publish","format-standard","hentry","category-decouverte-de-samoens-lete-nl"],"acf":[],"yoast_head":"<!-- This site is optimized with the Yoast SEO plugin v27.4 - https:\/\/yoast.com\/product\/yoast-seo-wordpress\/ -->\n<title>Vacances \u00e0 la montagne cet \u00e9t\u00e9 \u00e0 Samo\u00ebns, en Haute-Savoie<\/title>\n<meta name=\"description\" content=\"Pr\u00e9parez-vous \u00e0 vivre des vacances de r\u00eave en famille \u00e0 la montagne cet \u00e9t\u00e9 \u00e0 Samo\u00ebns, en Haute-Savoie \u00e0 deux pas de Gen\u00e8ve et du Mont-Blanc\" \/>\n<meta name=\"robots\" content=\"index, follow, max-snippet:-1, max-image-preview:large, max-video-preview:-1\" \/>\n<link rel=\"canonical\" href=\"https:\/\/www.samoens.com\/nl\/vacances-ete-montagne-samoens\/\" \/>\n<meta property=\"og:locale\" content=\"nl_NL\" \/>\n<meta property=\"og:type\" content=\"article\" \/>\n<meta property=\"og:title\" content=\"Vacances \u00e0 la montagne cet \u00e9t\u00e9 \u00e0 Samo\u00ebns, en Haute-Savoie\" \/>\n<meta property=\"og:description\" content=\"Pr\u00e9parez-vous \u00e0 vivre des vacances de r\u00eave en famille \u00e0 la montagne cet \u00e9t\u00e9 \u00e0 Samo\u00ebns, en Haute-Savoie \u00e0 deux pas de Gen\u00e8ve et du Mont-Blanc\" \/>\n<meta property=\"og:url\" content=\"https:\/\/www.samoens.com\/nl\/vacances-ete-montagne-samoens\/\" \/>\n<meta property=\"og:site_name\" content=\"Samo\u00ebns, station de ski et village authentique en Haute-Savoie\" \/>\n<meta property=\"article:published_time\" content=\"2026-03-24T10:05:51+00:00\" \/>\n<meta property=\"article:modified_time\" content=\"2026-03-31T10:04:06+00:00\" \/>\n<meta property=\"og:image\" content=\"https:\/\/www.samoens.com\/wp-content\/uploads\/2020\/10\/peche-scaled.jpg\" \/>\n\t<meta property=\"og:image:width\" content=\"2560\" \/>\n\t<meta property=\"og:image:height\" content=\"1709\" \/>\n\t<meta property=\"og:image:type\" content=\"image\/jpeg\" \/>\n<meta name=\"author\" content=\"Isabelle\" \/>\n<meta name=\"twitter:card\" content=\"summary_large_image\" \/>\n<meta name=\"twitter:label1\" content=\"Geschreven door\" \/>\n\t<meta name=\"twitter:data1\" content=\"Isabelle\" \/>\n\t<meta name=\"twitter:label2\" content=\"Geschatte leestijd\" \/>\n\t<meta name=\"twitter:data2\" content=\"4 minuten\" \/>\n<script type=\"application\/ld+json\" class=\"yoast-schema-graph\">{\"@context\":\"https:\\\/\\\/schema.org\",\"@graph\":[{\"@type\":\"Article\",\"@id\":\"https:\\\/\\\/www.samoens.com\\\/nl\\\/vacances-ete-montagne-samoens\\\/#article\",\"isPartOf\":{\"@id\":\"https:\\\/\\\/www.samoens.com\\\/nl\\\/vacances-ete-montagne-samoens\\\/\"},\"author\":{\"name\":\"Isabelle\",\"@id\":\"https:\\\/\\\/www.samoens.com\\\/#\\\/schema\\\/person\\\/9f84694e97a9b976109162d9d96dc2f2\"},\"headline\":\"Een droomvakantie met het gezin in de bergen deze zomer in Samo\u00ebns, Haute-Savoie\",\"datePublished\":\"2026-03-24T10:05:51+00:00\",\"dateModified\":\"2026-03-31T10:04:06+00:00\",\"mainEntityOfPage\":{\"@id\":\"https:\\\/\\\/www.samoens.com\\\/nl\\\/vacances-ete-montagne-samoens\\\/\"},\"wordCount\":852,\"image\":{\"@id\":\"https:\\\/\\\/www.samoens.com\\\/nl\\\/vacances-ete-montagne-samoens\\\/#primaryimage\"},\"thumbnailUrl\":\"https:\\\/\\\/www.samoens.com\\\/wp-content\\\/uploads\\\/2020\\\/10\\\/peche-scaled.jpg\",\"articleSection\":[\"Ontdek Samo\u00ebns in de zomer\"],\"inLanguage\":\"nl-NL\"},{\"@type\":\"WebPage\",\"@id\":\"https:\\\/\\\/www.samoens.com\\\/nl\\\/vacances-ete-montagne-samoens\\\/\",\"url\":\"https:\\\/\\\/www.samoens.com\\\/nl\\\/vacances-ete-montagne-samoens\\\/\",\"name\":\"Vacances \u00e0 la montagne cet \u00e9t\u00e9 \u00e0 Samo\u00ebns, en Haute-Savoie\",\"isPartOf\":{\"@id\":\"https:\\\/\\\/www.samoens.com\\\/#website\"},\"primaryImageOfPage\":{\"@id\":\"https:\\\/\\\/www.samoens.com\\\/nl\\\/vacances-ete-montagne-samoens\\\/#primaryimage\"},\"image\":{\"@id\":\"https:\\\/\\\/www.samoens.com\\\/nl\\\/vacances-ete-montagne-samoens\\\/#primaryimage\"},\"thumbnailUrl\":\"https:\\\/\\\/www.samoens.com\\\/wp-content\\\/uploads\\\/2020\\\/10\\\/peche-scaled.jpg\",\"datePublished\":\"2026-03-24T10:05:51+00:00\",\"dateModified\":\"2026-03-31T10:04:06+00:00\",\"author\":{\"@id\":\"https:\\\/\\\/www.samoens.com\\\/#\\\/schema\\\/person\\\/9f84694e97a9b976109162d9d96dc2f2\"},\"description\":\"Pr\u00e9parez-vous \u00e0 vivre des vacances de r\u00eave en famille \u00e0 la montagne cet \u00e9t\u00e9 \u00e0 Samo\u00ebns, en Haute-Savoie \u00e0 deux pas de Gen\u00e8ve et du Mont-Blanc\",\"breadcrumb\":{\"@id\":\"https:\\\/\\\/www.samoens.com\\\/nl\\\/vacances-ete-montagne-samoens\\\/#breadcrumb\"},\"inLanguage\":\"nl-NL\",\"potentialAction\":[{\"@type\":\"ReadAction\",\"target\":[\"https:\\\/\\\/www.samoens.com\\\/nl\\\/vacances-ete-montagne-samoens\\\/\"]}]},{\"@type\":\"ImageObject\",\"inLanguage\":\"nl-NL\",\"@id\":\"https:\\\/\\\/www.samoens.com\\\/nl\\\/vacances-ete-montagne-samoens\\\/#primaryimage\",\"url\":\"https:\\\/\\\/www.samoens.com\\\/wp-content\\\/uploads\\\/2020\\\/10\\\/peche-scaled.jpg\",\"contentUrl\":\"https:\\\/\\\/www.samoens.com\\\/wp-content\\\/uploads\\\/2020\\\/10\\\/peche-scaled.jpg\",\"width\":2560,\"height\":1709,\"caption\":\"P\u00eache en famille \u00e0 Samo\u00ebns\"},{\"@type\":\"BreadcrumbList\",\"@id\":\"https:\\\/\\\/www.samoens.com\\\/nl\\\/vacances-ete-montagne-samoens\\\/#breadcrumb\",\"itemListElement\":[{\"@type\":\"ListItem\",\"position\":1,\"name\":\"Accueil\",\"item\":\"https:\\\/\\\/www.samoens.com\\\/nl\\\/\"},{\"@type\":\"ListItem\",\"position\":2,\"name\":\"Ontdek Samo\u00ebns in de zomer\",\"item\":\"https:\\\/\\\/www.samoens.com\\\/nl\\\/category\\\/decouverte-de-samoens-lete-nl\\\/\"},{\"@type\":\"ListItem\",\"position\":3,\"name\":\"Een droomvakantie met het gezin in de bergen deze zomer in Samo\u00ebns, Haute-Savoie\"}]},{\"@type\":\"WebSite\",\"@id\":\"https:\\\/\\\/www.samoens.com\\\/#website\",\"url\":\"https:\\\/\\\/www.samoens.com\\\/\",\"name\":\"Samo\u00ebns, station de ski et village authentique en Haute-Savoie\",\"description\":\"Nich\u00e9e au coeur du domaine skiable du Grand Massif et \u00e0 moins d&#039;1h de Gen\u00e8ve, Samo\u00ebns rendra vos vacances inoubliables en \u00e9t\u00e9 comme en hiver\",\"potentialAction\":[{\"@type\":\"SearchAction\",\"target\":{\"@type\":\"EntryPoint\",\"urlTemplate\":\"https:\\\/\\\/www.samoens.com\\\/?s={search_term_string}\"},\"query-input\":{\"@type\":\"PropertyValueSpecification\",\"valueRequired\":true,\"valueName\":\"search_term_string\"}}],\"inLanguage\":\"nl-NL\"},{\"@type\":\"Person\",\"@id\":\"https:\\\/\\\/www.samoens.com\\\/#\\\/schema\\\/person\\\/9f84694e97a9b976109162d9d96dc2f2\",\"name\":\"Isabelle\",\"image\":{\"@type\":\"ImageObject\",\"inLanguage\":\"nl-NL\",\"@id\":\"https:\\\/\\\/secure.gravatar.com\\\/avatar\\\/13973acc16a6871b2e7a2b758c75fd8b7c5f0835b5f5b665a2a81454820bba2f?s=96&d=mm&r=g\",\"url\":\"https:\\\/\\\/secure.gravatar.com\\\/avatar\\\/13973acc16a6871b2e7a2b758c75fd8b7c5f0835b5f5b665a2a81454820bba2f?s=96&d=mm&r=g\",\"contentUrl\":\"https:\\\/\\\/secure.gravatar.com\\\/avatar\\\/13973acc16a6871b2e7a2b758c75fd8b7c5f0835b5f5b665a2a81454820bba2f?s=96&d=mm&r=g\",\"caption\":\"Isabelle\"}}]}<\/script>\n<!-- \/ Yoast SEO plugin. -->","yoast_head_json":{"title":"Vacances \u00e0 la montagne cet \u00e9t\u00e9 \u00e0 Samo\u00ebns, en Haute-Savoie","description":"Pr\u00e9parez-vous \u00e0 vivre des vacances de r\u00eave en famille \u00e0 la montagne cet \u00e9t\u00e9 \u00e0 Samo\u00ebns, en Haute-Savoie \u00e0 deux pas de Gen\u00e8ve et du Mont-Blanc","robots":{"index":"index","follow":"follow","max-snippet":"max-snippet:-1","max-image-preview":"max-image-preview:large","max-video-preview":"max-video-preview:-1"},"canonical":"https:\/\/www.samoens.com\/nl\/vacances-ete-montagne-samoens\/","og_locale":"nl_NL","og_type":"article","og_title":"Vacances \u00e0 la montagne cet \u00e9t\u00e9 \u00e0 Samo\u00ebns, en Haute-Savoie","og_description":"Pr\u00e9parez-vous \u00e0 vivre des vacances de r\u00eave en famille \u00e0 la montagne cet \u00e9t\u00e9 \u00e0 Samo\u00ebns, en Haute-Savoie \u00e0 deux pas de Gen\u00e8ve et du Mont-Blanc","og_url":"https:\/\/www.samoens.com\/nl\/vacances-ete-montagne-samoens\/","og_site_name":"Samo\u00ebns, station de ski et village authentique en Haute-Savoie","article_published_time":"2026-03-24T10:05:51+00:00","article_modified_time":"2026-03-31T10:04:06+00:00","og_image":[{"width":2560,"height":1709,"url":"https:\/\/www.samoens.com\/wp-content\/uploads\/2020\/10\/peche-scaled.jpg","type":"image\/jpeg"}],"author":"Isabelle","twitter_card":"summary_large_image","twitter_misc":{"Geschreven door":"Isabelle","Geschatte leestijd":"4 minuten"},"schema":{"@context":"https:\/\/schema.org","@graph":[{"@type":"Article","@id":"https:\/\/www.samoens.com\/nl\/vacances-ete-montagne-samoens\/#article","isPartOf":{"@id":"https:\/\/www.samoens.com\/nl\/vacances-ete-montagne-samoens\/"},"author":{"name":"Isabelle","@id":"https:\/\/www.samoens.com\/#\/schema\/person\/9f84694e97a9b976109162d9d96dc2f2"},"headline":"Een droomvakantie met het gezin in de bergen deze zomer in Samo\u00ebns, Haute-Savoie","datePublished":"2026-03-24T10:05:51+00:00","dateModified":"2026-03-31T10:04:06+00:00","mainEntityOfPage":{"@id":"https:\/\/www.samoens.com\/nl\/vacances-ete-montagne-samoens\/"},"wordCount":852,"image":{"@id":"https:\/\/www.samoens.com\/nl\/vacances-ete-montagne-samoens\/#primaryimage"},"thumbnailUrl":"https:\/\/www.samoens.com\/wp-content\/uploads\/2020\/10\/peche-scaled.jpg","articleSection":["Ontdek Samo\u00ebns in de zomer"],"inLanguage":"nl-NL"},{"@type":"WebPage","@id":"https:\/\/www.samoens.com\/nl\/vacances-ete-montagne-samoens\/","url":"https:\/\/www.samoens.com\/nl\/vacances-ete-montagne-samoens\/","name":"Vacances \u00e0 la montagne cet \u00e9t\u00e9 \u00e0 Samo\u00ebns, en Haute-Savoie","isPartOf":{"@id":"https:\/\/www.samoens.com\/#website"},"primaryImageOfPage":{"@id":"https:\/\/www.samoens.com\/nl\/vacances-ete-montagne-samoens\/#primaryimage"},"image":{"@id":"https:\/\/www.samoens.com\/nl\/vacances-ete-montagne-samoens\/#primaryimage"},"thumbnailUrl":"https:\/\/www.samoens.com\/wp-content\/uploads\/2020\/10\/peche-scaled.jpg","datePublished":"2026-03-24T10:05:51+00:00","dateModified":"2026-03-31T10:04:06+00:00","author":{"@id":"https:\/\/www.samoens.com\/#\/schema\/person\/9f84694e97a9b976109162d9d96dc2f2"},"description":"Pr\u00e9parez-vous \u00e0 vivre des vacances de r\u00eave en famille \u00e0 la montagne cet \u00e9t\u00e9 \u00e0 Samo\u00ebns, en Haute-Savoie \u00e0 deux pas de Gen\u00e8ve et du Mont-Blanc","breadcrumb":{"@id":"https:\/\/www.samoens.com\/nl\/vacances-ete-montagne-samoens\/#breadcrumb"},"inLanguage":"nl-NL","potentialAction":[{"@type":"ReadAction","target":["https:\/\/www.samoens.com\/nl\/vacances-ete-montagne-samoens\/"]}]},{"@type":"ImageObject","inLanguage":"nl-NL","@id":"https:\/\/www.samoens.com\/nl\/vacances-ete-montagne-samoens\/#primaryimage","url":"https:\/\/www.samoens.com\/wp-content\/uploads\/2020\/10\/peche-scaled.jpg","contentUrl":"https:\/\/www.samoens.com\/wp-content\/uploads\/2020\/10\/peche-scaled.jpg","width":2560,"height":1709,"caption":"P\u00eache en famille \u00e0 Samo\u00ebns"},{"@type":"BreadcrumbList","@id":"https:\/\/www.samoens.com\/nl\/vacances-ete-montagne-samoens\/#breadcrumb","itemListElement":[{"@type":"ListItem","position":1,"name":"Accueil","item":"https:\/\/www.samoens.com\/nl\/"},{"@type":"ListItem","position":2,"name":"Ontdek Samo\u00ebns in de zomer","item":"https:\/\/www.samoens.com\/nl\/category\/decouverte-de-samoens-lete-nl\/"},{"@type":"ListItem","position":3,"name":"Een droomvakantie met het gezin in de bergen deze zomer in Samo\u00ebns, Haute-Savoie"}]},{"@type":"WebSite","@id":"https:\/\/www.samoens.com\/#website","url":"https:\/\/www.samoens.com\/","name":"Samo\u00ebns, station de ski et village authentique en Haute-Savoie","description":"Nich\u00e9e au coeur du domaine skiable du Grand Massif et \u00e0 moins d&#039;1h de Gen\u00e8ve, Samo\u00ebns rendra vos vacances inoubliables en \u00e9t\u00e9 comme en hiver","potentialAction":[{"@type":"SearchAction","target":{"@type":"EntryPoint","urlTemplate":"https:\/\/www.samoens.com\/?s={search_term_string}"},"query-input":{"@type":"PropertyValueSpecification","valueRequired":true,"valueName":"search_term_string"}}],"inLanguage":"nl-NL"},{"@type":"Person","@id":"https:\/\/www.samoens.com\/#\/schema\/person\/9f84694e97a9b976109162d9d96dc2f2","name":"Isabelle","image":{"@type":"ImageObject","inLanguage":"nl-NL","@id":"https:\/\/secure.gravatar.com\/avatar\/13973acc16a6871b2e7a2b758c75fd8b7c5f0835b5f5b665a2a81454820bba2f?s=96&d=mm&r=g","url":"https:\/\/secure.gravatar.com\/avatar\/13973acc16a6871b2e7a2b758c75fd8b7c5f0835b5f5b665a2a81454820bba2f?s=96&d=mm&r=g","contentUrl":"https:\/\/secure.gravatar.com\/avatar\/13973acc16a6871b2e7a2b758c75fd8b7c5f0835b5f5b665a2a81454820bba2f?s=96&d=mm&r=g","caption":"Isabelle"}}]}},"_links":{"self":[{"href":"https:\/\/www.samoens.com\/nl\/wp-json\/wp\/v2\/posts\/579468","targetHints":{"allow":["GET"]}}],"collection":[{"href":"https:\/\/www.samoens.com\/nl\/wp-json\/wp\/v2\/posts"}],"about":[{"href":"https:\/\/www.samoens.com\/nl\/wp-json\/wp\/v2\/types\/post"}],"author":[{"embeddable":true,"href":"https:\/\/www.samoens.com\/nl\/wp-json\/wp\/v2\/users\/2"}],"replies":[{"embeddable":true,"href":"https:\/\/www.samoens.com\/nl\/wp-json\/wp\/v2\/comments?post=579468"}],"version-history":[{"count":5,"href":"https:\/\/www.samoens.com\/nl\/wp-json\/wp\/v2\/posts\/579468\/revisions"}],"predecessor-version":[{"id":607143,"href":"https:\/\/www.samoens.com\/nl\/wp-json\/wp\/v2\/posts\/579468\/revisions\/607143"}],"wp:featuredmedia":[{"embeddable":true,"href":"https:\/\/www.samoens.com\/nl\/wp-json\/wp\/v2\/media\/430119"}],"wp:attachment":[{"href":"https:\/\/www.samoens.com\/nl\/wp-json\/wp\/v2\/media?parent=579468"}],"wp:term":[{"taxonomy":"category","embeddable":true,"href":"https:\/\/www.samoens.com\/nl\/wp-json\/wp\/v2\/categories?post=579468"},{"taxonomy":"post_tag","embeddable":true,"href":"https:\/\/www.samoens.com\/nl\/wp-json\/wp\/v2\/tags?post=579468"}],"curies":[{"name":"wp","href":"https:\/\/api.w.org\/{rel}","templated":true}]}}