{"id":577440,"date":"2024-09-08T11:30:03","date_gmt":"2024-09-08T09:30:03","guid":{"rendered":"https:\/\/www.samoens.com\/samoens-sanime-avant-lhiver-entre-visites-et-activites-sportives-dautomne\/"},"modified":"2024-09-08T14:43:57","modified_gmt":"2024-09-08T12:43:57","slug":"samoens-sanime-avant-lhiver-entre-visites-et-activites-sportives-dautomne","status":"publish","type":"post","link":"https:\/\/www.samoens.com\/nl\/samoens-sanime-avant-lhiver-entre-visites-et-activites-sportives-dautomne\/","title":{"rendered":"Samo\u00ebns komt tot leven voor de winter, met herfstbezoeken en sportieve activiteiten"},"content":{"rendered":"<div class=\"wpb-content-wrapper\"><p>[vc_row][vc_column][vc_column_text]<\/p>\n<h3>Ontdek alle activiteiten en uitstapjes die je alleen of in groep kunt doen in dit juweeltje van de Alpen.<\/h3>\n<p>Wilt u zaken met plezier combineren? Wil je het erfgoed van de Savoie ontdekken en emblematische producten proeven of als souvenir mee naar huis nemen? Een bezoek aan een van onze alpenboerderijen is precies wat u zoekt.<\/p>\n<p>Onze familieboerderijen: de boerderij Gaec le Criou, die fromage frais van een plaatselijke kudde koeien maakt en verkoopt. De boerderij Les Cro\u00ebs Canailles, waar H\u00e9rens-koeien worden gehouden, verkoopt zowel lokale vleeswaren als kaas. Tot slot bieden de boeren van Ferme des Cimes je de mogelijkheid om op afspraak hun koeien- en geitenboerderij te bezoeken.<\/p>\n<p>Vertaald met DeepL.com (gratis versie)[\/vc_column_text][\/vc_column][\/vc_row][vc_row][vc_column width=&#8221;1\/3&#8243;][vc_single_image image=&#8221;2913&#8243; img_size=&#8221;medium&#8221;][\/vc_column][vc_column width=&#8221;1\/3&#8243;][vc_single_image image=&#8221;260&#8243; img_size=&#8221;medium&#8221;][\/vc_column][vc_column width=&#8221;1\/3&#8243;][vc_single_image image=&#8221;187&#8243; img_size=&#8221;medium&#8221;][\/vc_column][\/vc_row][vc_row][vc_column][vc_column_text]<\/p>\n<h3>Bezoeken tijdens de Allerheiligen vakantie<\/h3>\n<p>Onze toppers om te ontdekken tijdens de Allerheiligenvakantie zijn de <a href=\"http:\/\/Sportievelingen worden niet overgeslagen, want canyoning is mogelijk in de herfst. Huur een fiets bij een van onze dienstverleners om het Alpengebergte te verkennen en de bezienswaardigheden in je op te nemen. Een andere manier om de wandelpaden van de Savoie te verkennen is paardrijden. Equita Passion biedt pony- en paardrijtochten, paardrijlessen en zelfs wekelijkse cursussen.\">botanische<\/a> tuinen van de Alpen en de <a href=\"https:\/\/www.samoens.com\/nl\/samoens-and-its-hamlets-history-of-a-high-savoyard-village\/\">9 gehuchten<\/a> van Samo\u00ebns. Wandel rond op de Place du <a href=\"https:\/\/www.samoens.com\/nl\/samoens-het-dorp\/de-grote-linde\/\">Gros tilleul<\/a> om de boom te bewonderen die sinds de 15e eeuw het embleem van Samo\u00ebns is en bekijk het werk van de steenhouwers, bekend als de Frahans, op de<a href=\"https:\/\/www.samoens.com\/nl\/la-grenette\/\"> Halle de La Grenette<\/a> in het bijzonder.<\/p>\n<p>Tot slot is het <a href=\"https:\/\/www.samoens.com\/nl\/lecomusee\/\">ecomuseum Clos Parchet<\/a>, een echte reis door de menselijke geschiedenis van de Savoie, tot eind oktober elke donderdagmiddag geopend. Reserveren bij het toeristenbureau.[\/vc_column_text][\/vc_column][\/vc_row][vc_row][vc_column width=&#8221;1\/3&#8243;][vc_single_image image=&#8221;153&#8243; img_size=&#8221;medium&#8221;][\/vc_column][vc_column width=&#8221;1\/3&#8243;][vc_single_image image=&#8221;164&#8243; img_size=&#8221;medium&#8221;][\/vc_column][vc_column width=&#8221;1\/3&#8243;][vc_single_image image=&#8221;179&#8243; img_size=&#8221;medium&#8221;][\/vc_column][\/vc_row][vc_row][vc_column][vc_column_text]<\/p>\n<h3>Activiteiten in de Alpen<\/h3>\n<p>Sportievelingen worden niet overgeslagen, want <a href=\"https:\/\/www.samoens.com\/nl\/zomeractiviteiten\/wateractiviteiten\/canyoning\/\">canyoning<\/a> is mogelijk in de herfst. <a href=\"https:\/\/www.samoens.com\/nl\/samoens-a-paradise-for-road-and-mountain-bikers\/\">Huur een fiets<\/a> bij een van onze dienstverleners om het Alpengebergte te verkennen en de bezienswaardigheden in je op te nemen. Een andere manier om de wandelpaden van de Savoie te verkennen is paardrijden. Equita Passion biedt pony- en paardrijtochten, paardrijlessen en zelfs wekelijkse cursussen.[\/vc_column_text][\/vc_column][\/vc_row][vc_row][vc_column width=&#8221;1\/3&#8243;][vc_single_image image=&#8221;188&#8243; img_size=&#8221;medium&#8221;][\/vc_column][vc_column width=&#8221;1\/3&#8243;][vc_single_image image=&#8221;184&#8243; img_size=&#8221;medium&#8221;][\/vc_column][vc_column width=&#8221;1\/3&#8243;][vc_single_image image=&#8221;11804&#8243; img_size=&#8221;medium&#8221;][\/vc_column][\/vc_row]<\/p>\n<\/div>","protected":false},"excerpt":{"rendered":"<p>[vc_row][vc_column][vc_column_text] Ontdek alle activiteiten en uitstapjes die je alleen of in groep kunt doen in dit juweeltje van de Alpen. Wilt u zaken met plezier combineren? Wil je het erfgoed van de Savoie ontdekken en emblematische producten proeven of als souvenir mee naar huis nemen? Een bezoek aan een van onze alpenboerderijen is precies wat [&hellip;]<\/p>\n","protected":false},"author":2,"featured_media":474205,"comment_status":"closed","ping_status":"closed","sticky":true,"template":"","format":"standard","meta":{"_acf_changed":false,"footnotes":""},"categories":[6638],"tags":[],"class_list":["post-577440","post","type-post","status-publish","format-standard","hentry","category-samoens-a-lautomne-nl"],"acf":[],"yoast_head":"<!-- This site is optimized with the Yoast SEO plugin v27.4 - https:\/\/yoast.com\/product\/yoast-seo-wordpress\/ -->\n<title>Samo\u00ebns komt tot leven voor de winter, met herfstbezoeken en sportieve activiteiten<\/title>\n<meta name=\"robots\" content=\"index, follow, max-snippet:-1, max-image-preview:large, max-video-preview:-1\" \/>\n<link rel=\"canonical\" href=\"https:\/\/www.samoens.com\/nl\/samoens-sanime-avant-lhiver-entre-visites-et-activites-sportives-dautomne\/\" \/>\n<meta property=\"og:locale\" content=\"nl_NL\" \/>\n<meta property=\"og:type\" content=\"article\" \/>\n<meta property=\"og:title\" content=\"Samo\u00ebns komt tot leven voor de winter, met herfstbezoeken en sportieve activiteiten\" \/>\n<meta property=\"og:description\" content=\"[vc_row][vc_column][vc_column_text] Ontdek alle activiteiten en uitstapjes die je alleen of in groep kunt doen in dit juweeltje van de Alpen. Wilt u zaken met plezier combineren? Wil je het erfgoed van de Savoie ontdekken en emblematische producten proeven of als souvenir mee naar huis nemen? Een bezoek aan een van onze alpenboerderijen is precies wat [&hellip;]\" \/>\n<meta property=\"og:url\" content=\"https:\/\/www.samoens.com\/nl\/samoens-sanime-avant-lhiver-entre-visites-et-activites-sportives-dautomne\/\" \/>\n<meta property=\"og:site_name\" content=\"Samo\u00ebns, station de ski et village authentique en Haute-Savoie\" \/>\n<meta property=\"article:published_time\" content=\"2024-09-08T09:30:03+00:00\" \/>\n<meta property=\"article:modified_time\" content=\"2024-09-08T12:43:57+00:00\" \/>\n<meta property=\"og:image\" content=\"https:\/\/www.samoens.com\/wp-content\/uploads\/2021\/01\/Chevre-a-la-ferme-de-lentremont.png\" \/>\n\t<meta property=\"og:image:width\" content=\"1120\" \/>\n\t<meta property=\"og:image:height\" content=\"789\" \/>\n\t<meta property=\"og:image:type\" content=\"image\/png\" \/>\n<meta name=\"author\" content=\"Isabelle\" \/>\n<meta name=\"twitter:card\" content=\"summary_large_image\" \/>\n<meta name=\"twitter:label1\" content=\"Geschreven door\" \/>\n\t<meta name=\"twitter:data1\" content=\"Isabelle\" \/>\n\t<meta name=\"twitter:label2\" content=\"Geschatte leestijd\" \/>\n\t<meta name=\"twitter:data2\" content=\"2 minuten\" \/>\n<script type=\"application\/ld+json\" class=\"yoast-schema-graph\">{\"@context\":\"https:\\\/\\\/schema.org\",\"@graph\":[{\"@type\":\"Article\",\"@id\":\"https:\\\/\\\/www.samoens.com\\\/nl\\\/samoens-sanime-avant-lhiver-entre-visites-et-activites-sportives-dautomne\\\/#article\",\"isPartOf\":{\"@id\":\"https:\\\/\\\/www.samoens.com\\\/nl\\\/samoens-sanime-avant-lhiver-entre-visites-et-activites-sportives-dautomne\\\/\"},\"author\":{\"name\":\"Isabelle\",\"@id\":\"https:\\\/\\\/www.samoens.com\\\/#\\\/schema\\\/person\\\/9f84694e97a9b976109162d9d96dc2f2\"},\"headline\":\"Samo\u00ebns komt tot leven voor de winter, met herfstbezoeken en sportieve activiteiten\",\"datePublished\":\"2024-09-08T09:30:03+00:00\",\"dateModified\":\"2024-09-08T12:43:57+00:00\",\"mainEntityOfPage\":{\"@id\":\"https:\\\/\\\/www.samoens.com\\\/nl\\\/samoens-sanime-avant-lhiver-entre-visites-et-activites-sportives-dautomne\\\/\"},\"wordCount\":450,\"image\":{\"@id\":\"https:\\\/\\\/www.samoens.com\\\/nl\\\/samoens-sanime-avant-lhiver-entre-visites-et-activites-sportives-dautomne\\\/#primaryimage\"},\"thumbnailUrl\":\"https:\\\/\\\/www.samoens.com\\\/wp-content\\\/uploads\\\/2021\\\/01\\\/Chevre-a-la-ferme-de-lentremont.png\",\"articleSection\":[\"Samo\u00ebns in de herfst\"],\"inLanguage\":\"nl-NL\"},{\"@type\":\"WebPage\",\"@id\":\"https:\\\/\\\/www.samoens.com\\\/nl\\\/samoens-sanime-avant-lhiver-entre-visites-et-activites-sportives-dautomne\\\/\",\"url\":\"https:\\\/\\\/www.samoens.com\\\/nl\\\/samoens-sanime-avant-lhiver-entre-visites-et-activites-sportives-dautomne\\\/\",\"name\":\"Samo\u00ebns komt tot leven voor de winter, met herfstbezoeken en sportieve activiteiten\",\"isPartOf\":{\"@id\":\"https:\\\/\\\/www.samoens.com\\\/#website\"},\"primaryImageOfPage\":{\"@id\":\"https:\\\/\\\/www.samoens.com\\\/nl\\\/samoens-sanime-avant-lhiver-entre-visites-et-activites-sportives-dautomne\\\/#primaryimage\"},\"image\":{\"@id\":\"https:\\\/\\\/www.samoens.com\\\/nl\\\/samoens-sanime-avant-lhiver-entre-visites-et-activites-sportives-dautomne\\\/#primaryimage\"},\"thumbnailUrl\":\"https:\\\/\\\/www.samoens.com\\\/wp-content\\\/uploads\\\/2021\\\/01\\\/Chevre-a-la-ferme-de-lentremont.png\",\"datePublished\":\"2024-09-08T09:30:03+00:00\",\"dateModified\":\"2024-09-08T12:43:57+00:00\",\"author\":{\"@id\":\"https:\\\/\\\/www.samoens.com\\\/#\\\/schema\\\/person\\\/9f84694e97a9b976109162d9d96dc2f2\"},\"breadcrumb\":{\"@id\":\"https:\\\/\\\/www.samoens.com\\\/nl\\\/samoens-sanime-avant-lhiver-entre-visites-et-activites-sportives-dautomne\\\/#breadcrumb\"},\"inLanguage\":\"nl-NL\",\"potentialAction\":[{\"@type\":\"ReadAction\",\"target\":[\"https:\\\/\\\/www.samoens.com\\\/nl\\\/samoens-sanime-avant-lhiver-entre-visites-et-activites-sportives-dautomne\\\/\"]}]},{\"@type\":\"ImageObject\",\"inLanguage\":\"nl-NL\",\"@id\":\"https:\\\/\\\/www.samoens.com\\\/nl\\\/samoens-sanime-avant-lhiver-entre-visites-et-activites-sportives-dautomne\\\/#primaryimage\",\"url\":\"https:\\\/\\\/www.samoens.com\\\/wp-content\\\/uploads\\\/2021\\\/01\\\/Chevre-a-la-ferme-de-lentremont.png\",\"contentUrl\":\"https:\\\/\\\/www.samoens.com\\\/wp-content\\\/uploads\\\/2021\\\/01\\\/Chevre-a-la-ferme-de-lentremont.png\",\"width\":1120,\"height\":789,\"caption\":\"Chevre a la ferme de l'entremont\"},{\"@type\":\"BreadcrumbList\",\"@id\":\"https:\\\/\\\/www.samoens.com\\\/nl\\\/samoens-sanime-avant-lhiver-entre-visites-et-activites-sportives-dautomne\\\/#breadcrumb\",\"itemListElement\":[{\"@type\":\"ListItem\",\"position\":1,\"name\":\"Accueil\",\"item\":\"https:\\\/\\\/www.samoens.com\\\/nl\\\/\"},{\"@type\":\"ListItem\",\"position\":2,\"name\":\"Samo\u00ebns in de herfst\",\"item\":\"https:\\\/\\\/www.samoens.com\\\/nl\\\/category\\\/samoens-a-lautomne-nl\\\/\"},{\"@type\":\"ListItem\",\"position\":3,\"name\":\"Samo\u00ebns komt tot leven voor de winter, met herfstbezoeken en sportieve activiteiten\"}]},{\"@type\":\"WebSite\",\"@id\":\"https:\\\/\\\/www.samoens.com\\\/#website\",\"url\":\"https:\\\/\\\/www.samoens.com\\\/\",\"name\":\"Samo\u00ebns, station de ski et village authentique en Haute-Savoie\",\"description\":\"Nich\u00e9e au coeur du domaine skiable du Grand Massif et \u00e0 moins d&#039;1h de Gen\u00e8ve, Samo\u00ebns rendra vos vacances inoubliables en \u00e9t\u00e9 comme en hiver\",\"potentialAction\":[{\"@type\":\"SearchAction\",\"target\":{\"@type\":\"EntryPoint\",\"urlTemplate\":\"https:\\\/\\\/www.samoens.com\\\/?s={search_term_string}\"},\"query-input\":{\"@type\":\"PropertyValueSpecification\",\"valueRequired\":true,\"valueName\":\"search_term_string\"}}],\"inLanguage\":\"nl-NL\"},{\"@type\":\"Person\",\"@id\":\"https:\\\/\\\/www.samoens.com\\\/#\\\/schema\\\/person\\\/9f84694e97a9b976109162d9d96dc2f2\",\"name\":\"Isabelle\",\"image\":{\"@type\":\"ImageObject\",\"inLanguage\":\"nl-NL\",\"@id\":\"https:\\\/\\\/secure.gravatar.com\\\/avatar\\\/13973acc16a6871b2e7a2b758c75fd8b7c5f0835b5f5b665a2a81454820bba2f?s=96&d=mm&r=g\",\"url\":\"https:\\\/\\\/secure.gravatar.com\\\/avatar\\\/13973acc16a6871b2e7a2b758c75fd8b7c5f0835b5f5b665a2a81454820bba2f?s=96&d=mm&r=g\",\"contentUrl\":\"https:\\\/\\\/secure.gravatar.com\\\/avatar\\\/13973acc16a6871b2e7a2b758c75fd8b7c5f0835b5f5b665a2a81454820bba2f?s=96&d=mm&r=g\",\"caption\":\"Isabelle\"}}]}<\/script>\n<!-- \/ Yoast SEO plugin. -->","yoast_head_json":{"title":"Samo\u00ebns komt tot leven voor de winter, met herfstbezoeken en sportieve activiteiten","robots":{"index":"index","follow":"follow","max-snippet":"max-snippet:-1","max-image-preview":"max-image-preview:large","max-video-preview":"max-video-preview:-1"},"canonical":"https:\/\/www.samoens.com\/nl\/samoens-sanime-avant-lhiver-entre-visites-et-activites-sportives-dautomne\/","og_locale":"nl_NL","og_type":"article","og_title":"Samo\u00ebns komt tot leven voor de winter, met herfstbezoeken en sportieve activiteiten","og_description":"[vc_row][vc_column][vc_column_text] Ontdek alle activiteiten en uitstapjes die je alleen of in groep kunt doen in dit juweeltje van de Alpen. Wilt u zaken met plezier combineren? Wil je het erfgoed van de Savoie ontdekken en emblematische producten proeven of als souvenir mee naar huis nemen? Een bezoek aan een van onze alpenboerderijen is precies wat [&hellip;]","og_url":"https:\/\/www.samoens.com\/nl\/samoens-sanime-avant-lhiver-entre-visites-et-activites-sportives-dautomne\/","og_site_name":"Samo\u00ebns, station de ski et village authentique en Haute-Savoie","article_published_time":"2024-09-08T09:30:03+00:00","article_modified_time":"2024-09-08T12:43:57+00:00","og_image":[{"width":1120,"height":789,"url":"https:\/\/www.samoens.com\/wp-content\/uploads\/2021\/01\/Chevre-a-la-ferme-de-lentremont.png","type":"image\/png"}],"author":"Isabelle","twitter_card":"summary_large_image","twitter_misc":{"Geschreven door":"Isabelle","Geschatte leestijd":"2 minuten"},"schema":{"@context":"https:\/\/schema.org","@graph":[{"@type":"Article","@id":"https:\/\/www.samoens.com\/nl\/samoens-sanime-avant-lhiver-entre-visites-et-activites-sportives-dautomne\/#article","isPartOf":{"@id":"https:\/\/www.samoens.com\/nl\/samoens-sanime-avant-lhiver-entre-visites-et-activites-sportives-dautomne\/"},"author":{"name":"Isabelle","@id":"https:\/\/www.samoens.com\/#\/schema\/person\/9f84694e97a9b976109162d9d96dc2f2"},"headline":"Samo\u00ebns komt tot leven voor de winter, met herfstbezoeken en sportieve activiteiten","datePublished":"2024-09-08T09:30:03+00:00","dateModified":"2024-09-08T12:43:57+00:00","mainEntityOfPage":{"@id":"https:\/\/www.samoens.com\/nl\/samoens-sanime-avant-lhiver-entre-visites-et-activites-sportives-dautomne\/"},"wordCount":450,"image":{"@id":"https:\/\/www.samoens.com\/nl\/samoens-sanime-avant-lhiver-entre-visites-et-activites-sportives-dautomne\/#primaryimage"},"thumbnailUrl":"https:\/\/www.samoens.com\/wp-content\/uploads\/2021\/01\/Chevre-a-la-ferme-de-lentremont.png","articleSection":["Samo\u00ebns in de herfst"],"inLanguage":"nl-NL"},{"@type":"WebPage","@id":"https:\/\/www.samoens.com\/nl\/samoens-sanime-avant-lhiver-entre-visites-et-activites-sportives-dautomne\/","url":"https:\/\/www.samoens.com\/nl\/samoens-sanime-avant-lhiver-entre-visites-et-activites-sportives-dautomne\/","name":"Samo\u00ebns komt tot leven voor de winter, met herfstbezoeken en sportieve activiteiten","isPartOf":{"@id":"https:\/\/www.samoens.com\/#website"},"primaryImageOfPage":{"@id":"https:\/\/www.samoens.com\/nl\/samoens-sanime-avant-lhiver-entre-visites-et-activites-sportives-dautomne\/#primaryimage"},"image":{"@id":"https:\/\/www.samoens.com\/nl\/samoens-sanime-avant-lhiver-entre-visites-et-activites-sportives-dautomne\/#primaryimage"},"thumbnailUrl":"https:\/\/www.samoens.com\/wp-content\/uploads\/2021\/01\/Chevre-a-la-ferme-de-lentremont.png","datePublished":"2024-09-08T09:30:03+00:00","dateModified":"2024-09-08T12:43:57+00:00","author":{"@id":"https:\/\/www.samoens.com\/#\/schema\/person\/9f84694e97a9b976109162d9d96dc2f2"},"breadcrumb":{"@id":"https:\/\/www.samoens.com\/nl\/samoens-sanime-avant-lhiver-entre-visites-et-activites-sportives-dautomne\/#breadcrumb"},"inLanguage":"nl-NL","potentialAction":[{"@type":"ReadAction","target":["https:\/\/www.samoens.com\/nl\/samoens-sanime-avant-lhiver-entre-visites-et-activites-sportives-dautomne\/"]}]},{"@type":"ImageObject","inLanguage":"nl-NL","@id":"https:\/\/www.samoens.com\/nl\/samoens-sanime-avant-lhiver-entre-visites-et-activites-sportives-dautomne\/#primaryimage","url":"https:\/\/www.samoens.com\/wp-content\/uploads\/2021\/01\/Chevre-a-la-ferme-de-lentremont.png","contentUrl":"https:\/\/www.samoens.com\/wp-content\/uploads\/2021\/01\/Chevre-a-la-ferme-de-lentremont.png","width":1120,"height":789,"caption":"Chevre a la ferme de l'entremont"},{"@type":"BreadcrumbList","@id":"https:\/\/www.samoens.com\/nl\/samoens-sanime-avant-lhiver-entre-visites-et-activites-sportives-dautomne\/#breadcrumb","itemListElement":[{"@type":"ListItem","position":1,"name":"Accueil","item":"https:\/\/www.samoens.com\/nl\/"},{"@type":"ListItem","position":2,"name":"Samo\u00ebns in de herfst","item":"https:\/\/www.samoens.com\/nl\/category\/samoens-a-lautomne-nl\/"},{"@type":"ListItem","position":3,"name":"Samo\u00ebns komt tot leven voor de winter, met herfstbezoeken en sportieve activiteiten"}]},{"@type":"WebSite","@id":"https:\/\/www.samoens.com\/#website","url":"https:\/\/www.samoens.com\/","name":"Samo\u00ebns, station de ski et village authentique en Haute-Savoie","description":"Nich\u00e9e au coeur du domaine skiable du Grand Massif et \u00e0 moins d&#039;1h de Gen\u00e8ve, Samo\u00ebns rendra vos vacances inoubliables en \u00e9t\u00e9 comme en hiver","potentialAction":[{"@type":"SearchAction","target":{"@type":"EntryPoint","urlTemplate":"https:\/\/www.samoens.com\/?s={search_term_string}"},"query-input":{"@type":"PropertyValueSpecification","valueRequired":true,"valueName":"search_term_string"}}],"inLanguage":"nl-NL"},{"@type":"Person","@id":"https:\/\/www.samoens.com\/#\/schema\/person\/9f84694e97a9b976109162d9d96dc2f2","name":"Isabelle","image":{"@type":"ImageObject","inLanguage":"nl-NL","@id":"https:\/\/secure.gravatar.com\/avatar\/13973acc16a6871b2e7a2b758c75fd8b7c5f0835b5f5b665a2a81454820bba2f?s=96&d=mm&r=g","url":"https:\/\/secure.gravatar.com\/avatar\/13973acc16a6871b2e7a2b758c75fd8b7c5f0835b5f5b665a2a81454820bba2f?s=96&d=mm&r=g","contentUrl":"https:\/\/secure.gravatar.com\/avatar\/13973acc16a6871b2e7a2b758c75fd8b7c5f0835b5f5b665a2a81454820bba2f?s=96&d=mm&r=g","caption":"Isabelle"}}]}},"_links":{"self":[{"href":"https:\/\/www.samoens.com\/nl\/wp-json\/wp\/v2\/posts\/577440","targetHints":{"allow":["GET"]}}],"collection":[{"href":"https:\/\/www.samoens.com\/nl\/wp-json\/wp\/v2\/posts"}],"about":[{"href":"https:\/\/www.samoens.com\/nl\/wp-json\/wp\/v2\/types\/post"}],"author":[{"embeddable":true,"href":"https:\/\/www.samoens.com\/nl\/wp-json\/wp\/v2\/users\/2"}],"replies":[{"embeddable":true,"href":"https:\/\/www.samoens.com\/nl\/wp-json\/wp\/v2\/comments?post=577440"}],"version-history":[{"count":3,"href":"https:\/\/www.samoens.com\/nl\/wp-json\/wp\/v2\/posts\/577440\/revisions"}],"predecessor-version":[{"id":591264,"href":"https:\/\/www.samoens.com\/nl\/wp-json\/wp\/v2\/posts\/577440\/revisions\/591264"}],"wp:featuredmedia":[{"embeddable":true,"href":"https:\/\/www.samoens.com\/nl\/wp-json\/wp\/v2\/media\/474205"}],"wp:attachment":[{"href":"https:\/\/www.samoens.com\/nl\/wp-json\/wp\/v2\/media?parent=577440"}],"wp:term":[{"taxonomy":"category","embeddable":true,"href":"https:\/\/www.samoens.com\/nl\/wp-json\/wp\/v2\/categories?post=577440"},{"taxonomy":"post_tag","embeddable":true,"href":"https:\/\/www.samoens.com\/nl\/wp-json\/wp\/v2\/tags?post=577440"}],"curies":[{"name":"wp","href":"https:\/\/api.w.org\/{rel}","templated":true}]}}