{"id":577384,"date":"2025-04-18T10:25:00","date_gmt":"2025-04-18T08:25:00","guid":{"rendered":"https:\/\/www.samoens.com\/la-verticale-du-criou-a-samoens\/"},"modified":"2026-03-31T15:21:07","modified_gmt":"2026-03-31T13:21:07","slug":"la-verticale-du-criou-a-samoens","status":"publish","type":"post","link":"https:\/\/www.samoens.com\/nl\/la-verticale-du-criou-a-samoens\/","title":{"rendered":"De Verticale du Criou in Samo\u00ebns"},"content":{"rendered":"<div class=\"wpb-content-wrapper\"><p>[vc_row][vc_column][vc_column_text]<\/p>\n<h2>De meeste verticale kilometers zijn in Samo\u00ebns<\/h2>\n<p>[\/vc_column_text][vc_column_text]<\/p>\n<h2 class=\"chapeau\">Op zoek naar een uitdaging? Samo\u00ebns nodigt u uit om de verticale kilometer van Criou te lopen, de kortste en steilste ter wereld! Met of zonder wandelstok, in groep of solo, dit monument van het trailrunnen nodigt alle liefhebbers uit om zichzelf te komen testen.<\/h2>\n<p>[\/vc_column_text][vc_column_text]<\/p>\n<h3>EEN VERTICALE KILOMETER, HELEMAAL TE GEK IN SAMO\u00cbNS<\/h3>\n<p>[\/vc_column_text][\/vc_column][\/vc_row][vc_row][vc_column]<div class=\"ye_videodiv \"><iframe style=\"width: 100%; height: 100%; \" src=\"https:\/\/www.youtube.com\/embed\/9z829Ps-XAU\" title=\"YouTube video player\" frameborder=\"0\" allow=\"accelerometer; autoplay; clipboard-write; encrypted-media; gyroscope; picture-in-picture\" allowfullscreen><\/iframe><\/div>[\/vc_column][\/vc_row][vc_row][vc_column][vc_empty_space][vc_column_text]<\/p>\n<h5>De top als enige doel<\/h5>\n<p>Vertrek vanuit het dorp Samo\u00ebns, vanaf de Place du Gros Tilleul, om de top van de Criou te veroveren dankzij de Verticale du Criou. Het is een helling van 1000 m hoogteverschil over ongeveer 2 km die de dapperste lopers te wachten staat. Dit extreme parcours is een grote uitdaging die elk jaar meer dan 200 lopers aantrekt.<\/p>\n<p>&nbsp;<\/p>\n<h5>Een race tegen de klok in het hart van de Alpen<\/h5>\n<p>L\u0430 V\u0435rt\u0456c\u0430l\u0435 du Cr\u0456\u043eu in Samo\u00ebns s\u0435 d\u00e9r\u043eul\u0435 s\u043eus l\u0430 f\u043erm\u0435 van een c\u043entr\u0435 l\u0430 m\u043entr\u0435, met een d\u00e9p\u0430rt t\u043eut\u0435s l\u0435s 20 s\u0435c\u043end\u0435s om de iconische top van Samo\u00ebns te bereiken. L\u043ers d\u0435 v\u043etr\u0435 \u0456nscr\u0456pt\u0456\u043en, v\u043eus \u0456nd\u0456qu\u0435r\u0435n de \u0435st\u0456m\u0430t\u0456\u043en van v\u043etr\u0435 t\u0435mps d\u0435 c\u043eurs\u0435 om in de startvolgorde geplaatst te worden. De Criou-berg heeft vele verrassingen in petto!<\/p>\n<p>&nbsp;<\/p>\n<h5>Een individuele race en toch goed omringd<\/h5>\n<p>Langs het hele parcours moedigen supporters en vrijwilligers de vele deelnemers aan die het avontuur aangaan. Deze individuele race, waarbij elke atleet zichzelf (en de Criou) onder ogen komt, brengt zeer verschillende profielen samen. Een uniek moment van zelfoverstijging en delen.[\/vc_column_text][\/vc_column][\/vc_row][vc_row][vc_column width=&#8221;1\/2&#8243;][vc_empty_space height=&#8221;35px&#8221;][vc_column_text]<\/p>\n<h4>De Criou verticale kilometer, in het kort:<\/h4>\n<ul>\n<li>Een uniek en zeer veeleisend parcours<br \/>\nEen prachtig decor<br \/>\nDe steilste verticale kilometer ter wereld<br \/>\nTwee mogelijke startplaatsen<\/li>\n<\/ul>\n<p>[\/vc_column_text][vc_empty_space height=&#8221;5px&#8221;][vc_empty_space height=&#8221;5px&#8221;][vc_empty_space height=&#8221;5px&#8221;][vc_empty_space height=&#8221;5px&#8221;][\/vc_column][vc_column width=&#8221;1\/2&#8243;][vc_single_image image=&#8221;562435&#8243; img_size=&#8221;800&#215;400&#8243;][\/vc_column][\/vc_row][vc_row][vc_column][vc_column_text]<\/p>\n<h2>Foire aux questions<\/h2>\n<p>[\/vc_column_text]<div class=\"blocqr\"><div class=\"question\" id=\"qr172q\" onclick=\"openqr('qr172');\"><span>Wanneer kan ik het Criou verticale kilometer parcours testen?<\/span><i class=\"fas fa-chevron-down\"><\/i><\/div><div class=\"reponse\" id=\"qr172\">Het parcours van de verticale kilometer van Criou is het hele jaar toegankelijk. Wij raden echter af om het in de winter te testen vanwege het potentieel zeer gladde terrein als gevolg van de helling en de weersomstandigheden.<\/div><\/div><script>function openqr(div){\n                    if($(\"#\"+div+\"q\").hasClass(\"opened\")){\n                    $(\"#\"+div+\"\").toggle(\"fast\");\n                    $(\"#\"+div+\"q\").removeClass(\"opened\");\n                    }\n                    else{\n                        $(\"#\"+div+\"\").toggle(\"fast\");\n                        $(\"#\"+div+\"q\").addClass(\"opened\");\n                    }\n                }<\/script><div class=\"blocqr\"><div class=\"question\" id=\"qr540q\" onclick=\"openqr('qr540');\"><span>Waar kan ik de datum, het inschrijfgeld en de inschrijvingsinformatie voor de volgende editie van de KMV vinden?<\/span><i class=\"fas fa-chevron-down\"><\/i><\/div><div class=\"reponse\" id=\"qr540\">Alle relevante informatie staat op de website van de organisator: <a href=\"http:\/\/kmv-ducriou.com\" target=\"_blank\" rel=\"noopener\"><span style=\"color: #6c9ed8;\"><strong>kmv-ducriou.com<\/strong><\/span><\/a><\/div><\/div><script>function openqr(div){\n                    if($(\"#\"+div+\"q\").hasClass(\"opened\")){\n                    $(\"#\"+div+\"\").toggle(\"fast\");\n                    $(\"#\"+div+\"q\").removeClass(\"opened\");\n                    }\n                    else{\n                        $(\"#\"+div+\"\").toggle(\"fast\");\n                        $(\"#\"+div+\"q\").addClass(\"opened\");\n                    }\n                }<\/script>[vc_empty_space]<section class=\"presta_elem row\"><div class=\"col-sm-6 imgpresta\" style=\"background-image:url(\/wp-content\/plugins\/yatadata\/public\/multimedias\/5507002\/17503990-diaporama.jpg);\"><\/div><div class=\"col-sm-6 infospresta\"><div class=\"surtitre\"><\/div><div class=\"titre\"><a href=\"https:\/\/www.samoens.com\/nl\/kmv-du-criou-samoens-verticale-race\/\" class=\"titrelien\">Kilom\u00e8tre Vertical du Criou (KMV), verticale hardloopwedstrijd in Samo\u00ebns<\/a><\/div><div class=\"blocadresse\"><img decoding=\"async\" class=\"marker\" src=\"\/wp-content\/themes\/samoens\/img\/marker-white.svg\"><div class=\"adresse\"><br>74340 Samo\u00ebns<\/div><\/div><a target=\"_blank\" href=\"https:\/\/www.samoens.com\/nl\/kmv-du-criou-samoens-verticale-race\/\" class=\"ye_boutVide ye_coul2\">Meer informatie gebruiksaanwijzing<\/a><a target=\"_blank\" href=\"tel:https:\/\/www.kmv-ducriou.com\/\" class=\"ye_boutVide ye_coul2\">Reserveren<\/a><a target=\"_blank\" href=\"https:\/\/www.kmv-ducriou.com\/\" class=\"ye_boutVide ye_coul2\">Zie de website<\/a><div class=\"contacts\"><a target=\"_blank\" href=\"mailto:kmvducriou@gmail.com\" class=\"icone\"><img decoding=\"async\" src=\"\/wp-content\/themes\/samoens\/img\/menu\/emailbleu.svg\"><\/a><a target=\"_blank\" target=\"_blank\" href=\"https:\/\/www.facebook.com\/KMVducriou\/\" class=\"icone\"><img decoding=\"async\" src=\"\/wp-content\/themes\/samoens\/img\/menu\/facebookbleu.svg\"><\/a><\/div><\/div><\/section>[\/vc_column][\/vc_row][vc_row][vc_column][vc_column_text]<\/p>\n<h3>VIND ONS EN NEEM GEMAKKELIJK CONTACT MET ONS OP!<\/h3>\n<p>Toeristenbureau Samo\u00ebns<\/p>\n<p>66, place de l&#8217;Office de Tourisme &#8211; 74340 SAMO\u00cbNS<\/p>\n<p>Tel : +33 (0)4.50.34.40.28<\/p>\n<p>Mail : infos@samoens.com<\/p>\n<p>Elke dag geopend van 9u tot 12u en van 14u30 tot 18u30[\/vc_column_text][\/vc_column][\/vc_row][vc_row][vc_column][\/vc_column][\/vc_row]<\/p>\n<\/div>","protected":false},"excerpt":{"rendered":"<p>[vc_row][vc_column][vc_column_text] De meeste verticale kilometers zijn in Samo\u00ebns [\/vc_column_text][vc_column_text] Op zoek naar een uitdaging? Samo\u00ebns nodigt u uit om de verticale kilometer van Criou te lopen, de kortste en steilste ter wereld! Met of zonder wandelstok, in groep of solo, dit monument van het trailrunnen nodigt alle liefhebbers uit om zichzelf te komen testen. [\/vc_column_text][vc_column_text] [&hellip;]<\/p>\n","protected":false},"author":2,"featured_media":562438,"comment_status":"closed","ping_status":"closed","sticky":false,"template":"","format":"standard","meta":{"_acf_changed":false,"footnotes":""},"categories":[5539],"tags":[],"class_list":["post-577384","post","type-post","status-publish","format-standard","hentry","category-decouverte-de-samoens-lete-nl"],"acf":[],"yoast_head":"<!-- This site is optimized with the Yoast SEO plugin v27.4 - https:\/\/yoast.com\/product\/yoast-seo-wordpress\/ -->\n<title>De Verticale du Criou in Samo\u00ebns<\/title>\n<meta name=\"description\" content=\"Le kilom\u00e8tre vertical le plus pentu du monde est \u00e0 Samo\u00ebns ! Venez vous mesurer \u00e0 ce monument du trail running : la verticale du Criou \u00e0 Samo\u00ebns.\" \/>\n<meta name=\"robots\" content=\"index, follow, max-snippet:-1, max-image-preview:large, max-video-preview:-1\" \/>\n<link rel=\"canonical\" href=\"https:\/\/www.samoens.com\/nl\/la-verticale-du-criou-a-samoens\/\" \/>\n<meta property=\"og:locale\" content=\"nl_NL\" \/>\n<meta property=\"og:type\" content=\"article\" \/>\n<meta property=\"og:title\" content=\"De Verticale du Criou in Samo\u00ebns\" \/>\n<meta property=\"og:description\" content=\"Le kilom\u00e8tre vertical le plus pentu du monde est \u00e0 Samo\u00ebns ! Venez vous mesurer \u00e0 ce monument du trail running : la verticale du Criou \u00e0 Samo\u00ebns.\" \/>\n<meta property=\"og:url\" content=\"https:\/\/www.samoens.com\/nl\/la-verticale-du-criou-a-samoens\/\" \/>\n<meta property=\"og:site_name\" content=\"Samo\u00ebns, station de ski et village authentique en Haute-Savoie\" \/>\n<meta property=\"article:published_time\" content=\"2025-04-18T08:25:00+00:00\" \/>\n<meta property=\"article:modified_time\" content=\"2026-03-31T13:21:07+00:00\" \/>\n<meta property=\"og:image\" content=\"https:\/\/www.samoens.com\/wp-content\/uploads\/2022\/07\/KMV2021-elisemorgand-16.jpg\" \/>\n\t<meta property=\"og:image:width\" content=\"1920\" \/>\n\t<meta property=\"og:image:height\" content=\"1282\" \/>\n\t<meta property=\"og:image:type\" content=\"image\/jpeg\" \/>\n<meta name=\"author\" content=\"Isabelle\" \/>\n<meta name=\"twitter:card\" content=\"summary_large_image\" \/>\n<meta name=\"twitter:label1\" content=\"Geschreven door\" \/>\n\t<meta name=\"twitter:data1\" content=\"Isabelle\" \/>\n\t<meta name=\"twitter:label2\" content=\"Geschatte leestijd\" \/>\n\t<meta name=\"twitter:data2\" content=\"3 minuten\" \/>\n<script type=\"application\/ld+json\" class=\"yoast-schema-graph\">{\"@context\":\"https:\\\/\\\/schema.org\",\"@graph\":[{\"@type\":\"Article\",\"@id\":\"https:\\\/\\\/www.samoens.com\\\/nl\\\/la-verticale-du-criou-a-samoens\\\/#article\",\"isPartOf\":{\"@id\":\"https:\\\/\\\/www.samoens.com\\\/nl\\\/la-verticale-du-criou-a-samoens\\\/\"},\"author\":{\"name\":\"Isabelle\",\"@id\":\"https:\\\/\\\/www.samoens.com\\\/#\\\/schema\\\/person\\\/9f84694e97a9b976109162d9d96dc2f2\"},\"headline\":\"De Verticale du Criou in Samo\u00ebns\",\"datePublished\":\"2025-04-18T08:25:00+00:00\",\"dateModified\":\"2026-03-31T13:21:07+00:00\",\"mainEntityOfPage\":{\"@id\":\"https:\\\/\\\/www.samoens.com\\\/nl\\\/la-verticale-du-criou-a-samoens\\\/\"},\"wordCount\":570,\"image\":{\"@id\":\"https:\\\/\\\/www.samoens.com\\\/nl\\\/la-verticale-du-criou-a-samoens\\\/#primaryimage\"},\"thumbnailUrl\":\"https:\\\/\\\/www.samoens.com\\\/wp-content\\\/uploads\\\/2022\\\/07\\\/KMV2021-elisemorgand-16.jpg\",\"articleSection\":[\"Ontdek Samo\u00ebns in de zomer\"],\"inLanguage\":\"nl-NL\"},{\"@type\":\"WebPage\",\"@id\":\"https:\\\/\\\/www.samoens.com\\\/nl\\\/la-verticale-du-criou-a-samoens\\\/\",\"url\":\"https:\\\/\\\/www.samoens.com\\\/nl\\\/la-verticale-du-criou-a-samoens\\\/\",\"name\":\"De Verticale du Criou in Samo\u00ebns\",\"isPartOf\":{\"@id\":\"https:\\\/\\\/www.samoens.com\\\/#website\"},\"primaryImageOfPage\":{\"@id\":\"https:\\\/\\\/www.samoens.com\\\/nl\\\/la-verticale-du-criou-a-samoens\\\/#primaryimage\"},\"image\":{\"@id\":\"https:\\\/\\\/www.samoens.com\\\/nl\\\/la-verticale-du-criou-a-samoens\\\/#primaryimage\"},\"thumbnailUrl\":\"https:\\\/\\\/www.samoens.com\\\/wp-content\\\/uploads\\\/2022\\\/07\\\/KMV2021-elisemorgand-16.jpg\",\"datePublished\":\"2025-04-18T08:25:00+00:00\",\"dateModified\":\"2026-03-31T13:21:07+00:00\",\"author\":{\"@id\":\"https:\\\/\\\/www.samoens.com\\\/#\\\/schema\\\/person\\\/9f84694e97a9b976109162d9d96dc2f2\"},\"description\":\"Le kilom\u00e8tre vertical le plus pentu du monde est \u00e0 Samo\u00ebns ! Venez vous mesurer \u00e0 ce monument du trail running : la verticale du Criou \u00e0 Samo\u00ebns.\",\"breadcrumb\":{\"@id\":\"https:\\\/\\\/www.samoens.com\\\/nl\\\/la-verticale-du-criou-a-samoens\\\/#breadcrumb\"},\"inLanguage\":\"nl-NL\",\"potentialAction\":[{\"@type\":\"ReadAction\",\"target\":[\"https:\\\/\\\/www.samoens.com\\\/nl\\\/la-verticale-du-criou-a-samoens\\\/\"]}]},{\"@type\":\"ImageObject\",\"inLanguage\":\"nl-NL\",\"@id\":\"https:\\\/\\\/www.samoens.com\\\/nl\\\/la-verticale-du-criou-a-samoens\\\/#primaryimage\",\"url\":\"https:\\\/\\\/www.samoens.com\\\/wp-content\\\/uploads\\\/2022\\\/07\\\/KMV2021-elisemorgand-16.jpg\",\"contentUrl\":\"https:\\\/\\\/www.samoens.com\\\/wp-content\\\/uploads\\\/2022\\\/07\\\/KMV2021-elisemorgand-16.jpg\",\"width\":1920,\"height\":1282},{\"@type\":\"BreadcrumbList\",\"@id\":\"https:\\\/\\\/www.samoens.com\\\/nl\\\/la-verticale-du-criou-a-samoens\\\/#breadcrumb\",\"itemListElement\":[{\"@type\":\"ListItem\",\"position\":1,\"name\":\"Accueil\",\"item\":\"https:\\\/\\\/www.samoens.com\\\/nl\\\/\"},{\"@type\":\"ListItem\",\"position\":2,\"name\":\"Ontdek Samo\u00ebns in de zomer\",\"item\":\"https:\\\/\\\/www.samoens.com\\\/nl\\\/category\\\/decouverte-de-samoens-lete-nl\\\/\"},{\"@type\":\"ListItem\",\"position\":3,\"name\":\"De Verticale du Criou in Samo\u00ebns\"}]},{\"@type\":\"WebSite\",\"@id\":\"https:\\\/\\\/www.samoens.com\\\/#website\",\"url\":\"https:\\\/\\\/www.samoens.com\\\/\",\"name\":\"Samo\u00ebns, station de ski et village authentique en Haute-Savoie\",\"description\":\"Nich\u00e9e au coeur du domaine skiable du Grand Massif et \u00e0 moins d&#039;1h de Gen\u00e8ve, Samo\u00ebns rendra vos vacances inoubliables en \u00e9t\u00e9 comme en hiver\",\"potentialAction\":[{\"@type\":\"SearchAction\",\"target\":{\"@type\":\"EntryPoint\",\"urlTemplate\":\"https:\\\/\\\/www.samoens.com\\\/?s={search_term_string}\"},\"query-input\":{\"@type\":\"PropertyValueSpecification\",\"valueRequired\":true,\"valueName\":\"search_term_string\"}}],\"inLanguage\":\"nl-NL\"},{\"@type\":\"Person\",\"@id\":\"https:\\\/\\\/www.samoens.com\\\/#\\\/schema\\\/person\\\/9f84694e97a9b976109162d9d96dc2f2\",\"name\":\"Isabelle\",\"image\":{\"@type\":\"ImageObject\",\"inLanguage\":\"nl-NL\",\"@id\":\"https:\\\/\\\/secure.gravatar.com\\\/avatar\\\/13973acc16a6871b2e7a2b758c75fd8b7c5f0835b5f5b665a2a81454820bba2f?s=96&d=mm&r=g\",\"url\":\"https:\\\/\\\/secure.gravatar.com\\\/avatar\\\/13973acc16a6871b2e7a2b758c75fd8b7c5f0835b5f5b665a2a81454820bba2f?s=96&d=mm&r=g\",\"contentUrl\":\"https:\\\/\\\/secure.gravatar.com\\\/avatar\\\/13973acc16a6871b2e7a2b758c75fd8b7c5f0835b5f5b665a2a81454820bba2f?s=96&d=mm&r=g\",\"caption\":\"Isabelle\"}}]}<\/script>\n<!-- \/ Yoast SEO plugin. -->","yoast_head_json":{"title":"De Verticale du Criou in Samo\u00ebns","description":"Le kilom\u00e8tre vertical le plus pentu du monde est \u00e0 Samo\u00ebns ! Venez vous mesurer \u00e0 ce monument du trail running : la verticale du Criou \u00e0 Samo\u00ebns.","robots":{"index":"index","follow":"follow","max-snippet":"max-snippet:-1","max-image-preview":"max-image-preview:large","max-video-preview":"max-video-preview:-1"},"canonical":"https:\/\/www.samoens.com\/nl\/la-verticale-du-criou-a-samoens\/","og_locale":"nl_NL","og_type":"article","og_title":"De Verticale du Criou in Samo\u00ebns","og_description":"Le kilom\u00e8tre vertical le plus pentu du monde est \u00e0 Samo\u00ebns ! Venez vous mesurer \u00e0 ce monument du trail running : la verticale du Criou \u00e0 Samo\u00ebns.","og_url":"https:\/\/www.samoens.com\/nl\/la-verticale-du-criou-a-samoens\/","og_site_name":"Samo\u00ebns, station de ski et village authentique en Haute-Savoie","article_published_time":"2025-04-18T08:25:00+00:00","article_modified_time":"2026-03-31T13:21:07+00:00","og_image":[{"width":1920,"height":1282,"url":"https:\/\/www.samoens.com\/wp-content\/uploads\/2022\/07\/KMV2021-elisemorgand-16.jpg","type":"image\/jpeg"}],"author":"Isabelle","twitter_card":"summary_large_image","twitter_misc":{"Geschreven door":"Isabelle","Geschatte leestijd":"3 minuten"},"schema":{"@context":"https:\/\/schema.org","@graph":[{"@type":"Article","@id":"https:\/\/www.samoens.com\/nl\/la-verticale-du-criou-a-samoens\/#article","isPartOf":{"@id":"https:\/\/www.samoens.com\/nl\/la-verticale-du-criou-a-samoens\/"},"author":{"name":"Isabelle","@id":"https:\/\/www.samoens.com\/#\/schema\/person\/9f84694e97a9b976109162d9d96dc2f2"},"headline":"De Verticale du Criou in Samo\u00ebns","datePublished":"2025-04-18T08:25:00+00:00","dateModified":"2026-03-31T13:21:07+00:00","mainEntityOfPage":{"@id":"https:\/\/www.samoens.com\/nl\/la-verticale-du-criou-a-samoens\/"},"wordCount":570,"image":{"@id":"https:\/\/www.samoens.com\/nl\/la-verticale-du-criou-a-samoens\/#primaryimage"},"thumbnailUrl":"https:\/\/www.samoens.com\/wp-content\/uploads\/2022\/07\/KMV2021-elisemorgand-16.jpg","articleSection":["Ontdek Samo\u00ebns in de zomer"],"inLanguage":"nl-NL"},{"@type":"WebPage","@id":"https:\/\/www.samoens.com\/nl\/la-verticale-du-criou-a-samoens\/","url":"https:\/\/www.samoens.com\/nl\/la-verticale-du-criou-a-samoens\/","name":"De Verticale du Criou in Samo\u00ebns","isPartOf":{"@id":"https:\/\/www.samoens.com\/#website"},"primaryImageOfPage":{"@id":"https:\/\/www.samoens.com\/nl\/la-verticale-du-criou-a-samoens\/#primaryimage"},"image":{"@id":"https:\/\/www.samoens.com\/nl\/la-verticale-du-criou-a-samoens\/#primaryimage"},"thumbnailUrl":"https:\/\/www.samoens.com\/wp-content\/uploads\/2022\/07\/KMV2021-elisemorgand-16.jpg","datePublished":"2025-04-18T08:25:00+00:00","dateModified":"2026-03-31T13:21:07+00:00","author":{"@id":"https:\/\/www.samoens.com\/#\/schema\/person\/9f84694e97a9b976109162d9d96dc2f2"},"description":"Le kilom\u00e8tre vertical le plus pentu du monde est \u00e0 Samo\u00ebns ! Venez vous mesurer \u00e0 ce monument du trail running : la verticale du Criou \u00e0 Samo\u00ebns.","breadcrumb":{"@id":"https:\/\/www.samoens.com\/nl\/la-verticale-du-criou-a-samoens\/#breadcrumb"},"inLanguage":"nl-NL","potentialAction":[{"@type":"ReadAction","target":["https:\/\/www.samoens.com\/nl\/la-verticale-du-criou-a-samoens\/"]}]},{"@type":"ImageObject","inLanguage":"nl-NL","@id":"https:\/\/www.samoens.com\/nl\/la-verticale-du-criou-a-samoens\/#primaryimage","url":"https:\/\/www.samoens.com\/wp-content\/uploads\/2022\/07\/KMV2021-elisemorgand-16.jpg","contentUrl":"https:\/\/www.samoens.com\/wp-content\/uploads\/2022\/07\/KMV2021-elisemorgand-16.jpg","width":1920,"height":1282},{"@type":"BreadcrumbList","@id":"https:\/\/www.samoens.com\/nl\/la-verticale-du-criou-a-samoens\/#breadcrumb","itemListElement":[{"@type":"ListItem","position":1,"name":"Accueil","item":"https:\/\/www.samoens.com\/nl\/"},{"@type":"ListItem","position":2,"name":"Ontdek Samo\u00ebns in de zomer","item":"https:\/\/www.samoens.com\/nl\/category\/decouverte-de-samoens-lete-nl\/"},{"@type":"ListItem","position":3,"name":"De Verticale du Criou in Samo\u00ebns"}]},{"@type":"WebSite","@id":"https:\/\/www.samoens.com\/#website","url":"https:\/\/www.samoens.com\/","name":"Samo\u00ebns, station de ski et village authentique en Haute-Savoie","description":"Nich\u00e9e au coeur du domaine skiable du Grand Massif et \u00e0 moins d&#039;1h de Gen\u00e8ve, Samo\u00ebns rendra vos vacances inoubliables en \u00e9t\u00e9 comme en hiver","potentialAction":[{"@type":"SearchAction","target":{"@type":"EntryPoint","urlTemplate":"https:\/\/www.samoens.com\/?s={search_term_string}"},"query-input":{"@type":"PropertyValueSpecification","valueRequired":true,"valueName":"search_term_string"}}],"inLanguage":"nl-NL"},{"@type":"Person","@id":"https:\/\/www.samoens.com\/#\/schema\/person\/9f84694e97a9b976109162d9d96dc2f2","name":"Isabelle","image":{"@type":"ImageObject","inLanguage":"nl-NL","@id":"https:\/\/secure.gravatar.com\/avatar\/13973acc16a6871b2e7a2b758c75fd8b7c5f0835b5f5b665a2a81454820bba2f?s=96&d=mm&r=g","url":"https:\/\/secure.gravatar.com\/avatar\/13973acc16a6871b2e7a2b758c75fd8b7c5f0835b5f5b665a2a81454820bba2f?s=96&d=mm&r=g","contentUrl":"https:\/\/secure.gravatar.com\/avatar\/13973acc16a6871b2e7a2b758c75fd8b7c5f0835b5f5b665a2a81454820bba2f?s=96&d=mm&r=g","caption":"Isabelle"}}]}},"_links":{"self":[{"href":"https:\/\/www.samoens.com\/nl\/wp-json\/wp\/v2\/posts\/577384","targetHints":{"allow":["GET"]}}],"collection":[{"href":"https:\/\/www.samoens.com\/nl\/wp-json\/wp\/v2\/posts"}],"about":[{"href":"https:\/\/www.samoens.com\/nl\/wp-json\/wp\/v2\/types\/post"}],"author":[{"embeddable":true,"href":"https:\/\/www.samoens.com\/nl\/wp-json\/wp\/v2\/users\/2"}],"replies":[{"embeddable":true,"href":"https:\/\/www.samoens.com\/nl\/wp-json\/wp\/v2\/comments?post=577384"}],"version-history":[{"count":5,"href":"https:\/\/www.samoens.com\/nl\/wp-json\/wp\/v2\/posts\/577384\/revisions"}],"predecessor-version":[{"id":607169,"href":"https:\/\/www.samoens.com\/nl\/wp-json\/wp\/v2\/posts\/577384\/revisions\/607169"}],"wp:featuredmedia":[{"embeddable":true,"href":"https:\/\/www.samoens.com\/nl\/wp-json\/wp\/v2\/media\/562438"}],"wp:attachment":[{"href":"https:\/\/www.samoens.com\/nl\/wp-json\/wp\/v2\/media?parent=577384"}],"wp:term":[{"taxonomy":"category","embeddable":true,"href":"https:\/\/www.samoens.com\/nl\/wp-json\/wp\/v2\/categories?post=577384"},{"taxonomy":"post_tag","embeddable":true,"href":"https:\/\/www.samoens.com\/nl\/wp-json\/wp\/v2\/tags?post=577384"}],"curies":[{"name":"wp","href":"https:\/\/api.w.org\/{rel}","templated":true}]}}