{"id":577366,"date":"2026-03-31T14:00:05","date_gmt":"2026-03-31T12:00:05","guid":{"rendered":"https:\/\/www.samoens.com\/festival-lyrique-de-samoens\/"},"modified":"2026-03-31T14:33:12","modified_gmt":"2026-03-31T12:33:12","slug":"festival-lyrique-de-samoens","status":"publish","type":"post","link":"https:\/\/www.samoens.com\/nl\/festival-lyrique-de-samoens\/","title":{"rendered":"Samo\u00ebns Lyrisch Festival"},"content":{"rendered":"<div class=\"wpb-content-wrapper\"><p>[vc_row][vc_column][vc_column_text]<\/p>\n<h2><strong>Een lyrisch festival in het hart van de Giffre, in Samo\u00ebns<\/strong><\/h2>\n<p>[\/vc_column_text][vc_column_text]<\/p>\n<h2 class=\"chapeau\"><em>Samo\u00ebns en de vallei van de Giffre komen een week lang tot leven op de klanken van lyrische liederen. Zangers, artiesten en orkesten komen samen om hun passie voor deze zeer po\u00ebtische kunst te delen. Neem deel aan de activiteiten, masterclasses, repetities en optredens en ontdek deze bijzondere wereld.<\/em><\/h2>\n<p>[\/vc_column_text][vc_column_text]<\/p>\n<h3>IN SAMO\u00cbNS WORDT DE LYRISCHE KUNST GE\u00cbERD<\/h3>\n<p>[\/vc_column_text][\/vc_column][\/vc_row][vc_row][vc_column][vc_empty_space][vc_column_text]<\/p>\n<h5>Een muzikaal intermezzo in het hart van de vallei van de Giffre en het dorp Samo\u00ebns<\/h5>\n<p>&nbsp;<\/p>\n<p>Concerten, masterclasses, animaties en toegang tot de repetities voor de eindvoorstellingen, dat is wat u te wachten staat tijdens het lyrisch festival van Samo\u00ebns. Dit festival, opgezet door en voor liefhebbers van lyrische muziek, is een even origineel als aantrekkelijk evenement.<\/p>\n<p>In het Bois aux Dames, in het hart van de vallei van de Giffre en op steeds ongebruikelijker plaatsen, vindt een programma vol liederen en ontdekkingen plaats. De prachtige muziek geeft ritme aan de avonden van deze week die gewijd is aan de po\u00ebtische kunst van de opera.<\/p>\n<p>&nbsp;<\/p>\n<h5>Is het Samo\u00ebns Lyric Festival een ecologisch verantwoord festival?<\/h5>\n<p>&nbsp;<\/p>\n<p>De organisatie van het festival is gevoelig voor de impact van elk evenement dat een publiek bijeenbrengt, waarvoor logistiek, transportmiddelen, enz. nodig zijn. Het Samo\u00ebns Lyric Festival verandert sinds enkele jaren in een eco-festival dankzij de acties die worden ondernomen met artiesten, festivalgangers en teams. Zo &#8220;zet het festival in op een eco-verantwoordelijke aanpak, voor een duurzaam en solidair evenement. Door artiesten, teams en festivalgangers te sensibiliseren, streeft het Festival naar een beleid van rationele verplaatsingen, afvalbeheer en ecologisch verantwoorde aankopen, allemaal in het kader van een duurzaam gebruik van de site en een steeds hernieuwde solidariteitsbeweging. Het is met een aanpak die aansluit bij de huidige milieuproblematiek dat het Samo\u00ebns Lyric Festival elk jaar beter wordt.<\/p>\n<p>&nbsp;<\/p>\n<h5>Hoe kom ik naar het Samo\u00ebns Lyric Festival?<\/h5>\n<p>&nbsp;<\/p>\n<p><strong>MET DE AUTO :<\/strong><\/p>\n<p>Witte snelweg A40 Gen\u00e8ve\/Chamonix<br \/>\nAfslag Cluses-Scionzier (n\u00b018)<br \/>\nRichting Samo\u00ebns (20 minuten)<br \/>\nVanuit Itali\u00eb via de Mont Blanc-tunnel: neem de snelweg A40 naar Gen\u00e8ve en neem de afslag Cluses\/Scionzier (nr. 18).<\/p>\n<p><strong>MET HET OPENBAAR VERVOER :<\/strong><\/p>\n<p>Rechtstreekse treinen vanuit Lyon, Parijs, Rijsel, Brussel.<br \/>\nVervolgens regelmatige buslijnen vanuit Cluses en Annemasse[\/vc_column_text][\/vc_column][\/vc_row][vc_row][vc_column width=&#8221;1\/2&#8243;][vc_empty_space height=&#8221;35px&#8221;][vc_column_text]<\/p>\n<h4>Het Samo\u00ebns Lyric Festival, in het kort:<\/h4>\n<p>Een programma vol ontdekkingen<br \/>\nGratis masterclasses en activiteiten<br \/>\nProfessionele voorstellingen<br \/>\nAtypische plaatsen in het hart van een prachtige omgeving[\/vc_column_text][vc_empty_space height=&#8221;5px&#8221;][vc_empty_space height=&#8221;5px&#8221;][vc_empty_space height=&#8221;5px&#8221;][vc_empty_space height=&#8221;5px&#8221;][\/vc_column][vc_column width=&#8221;1\/2&#8243;][vc_single_image image=&#8221;132647&#8243; img_size=&#8221;800&#215;400&#8243;][\/vc_column][\/vc_row][vc_row][vc_column]<section class=\"presta_elem row\"><div class=\"col-sm-6 imgpresta\" style=\"background-image:url(\/wp-content\/plugins\/yatadata\/public\/multimedias\/6175804\/22152516-diaporama.jpg);\"><\/div><div class=\"col-sm-6 infospresta\"><div class=\"surtitre\"><\/div><div class=\"titre\"><a href=\"https:\/\/www.samoens.com\/nl\/festival-lyrique-du-giffre-2026\/\" class=\"titrelien\">Festival Lyrique<\/a><\/div><div class=\"blocadresse\"><img decoding=\"async\" class=\"marker\" src=\"\/wp-content\/themes\/samoens\/img\/marker-white.svg\"><div class=\"adresse\">Centre Sportif et culturel<br>74340 Samo\u00ebns<\/div><\/div><a target=\"_blank\" href=\"https:\/\/www.samoens.com\/nl\/festival-lyrique-du-giffre-2026\/\" class=\"ye_boutVide ye_coul2\">Meer informatie gebruiksaanwijzing<\/a><a target=\"_blank\" href=\"https:\/\/www.festivalyriquesamoens.com\/\" class=\"ye_boutVide ye_coul2\">Zie de website<\/a><div class=\"contacts\"><a target=\"_blank\" href=\"tel:04 50 89 71 18\" class=\"icone\"><img decoding=\"async\" src=\"\/wp-content\/themes\/samoens\/img\/menu\/telephonebleu.svg\"><\/a><a target=\"_blank\" href=\"mailto:festival.lyriquesamoens@gmail.com\" class=\"icone\"><img decoding=\"async\" src=\"\/wp-content\/themes\/samoens\/img\/menu\/emailbleu.svg\"><\/a><a target=\"_blank\" target=\"_blank\" href=\"https:\/\/www.facebook.com\/Festivallyriquesamoensgiffre\/\" class=\"icone\"><img decoding=\"async\" src=\"\/wp-content\/themes\/samoens\/img\/menu\/facebookbleu.svg\"><\/a><\/div><\/div><\/section>[\/vc_column][\/vc_row][vc_row][vc_column][vc_column_text]<\/p>\n<h3><b>VIND ONS EN NEEM GEMAKKELIJK CONTACT MET ONS OP!<\/b><\/h3>\n<p><strong>Samo\u00ebns Toeristische Dienst<\/strong><\/p>\n<p><span style=\"font-weight: 400;\">66, place de l\u2019Office de Tourisme \u2013 74340 SAMO\u00cbNS<\/span><\/p>\n<p><span style=\"font-weight: 400;\">T\u00e9l. : +(33) 04.50.34.40.28<\/span><\/p>\n<p><span style=\"font-weight: 400;\">Mail : infos@samoens.com<\/span><\/p>\n<p>[\/vc_column_text][\/vc_column][\/vc_row]<\/p>\n<\/div>","protected":false},"excerpt":{"rendered":"<p>[vc_row][vc_column][vc_column_text] Een lyrisch festival in het hart van de Giffre, in Samo\u00ebns [\/vc_column_text][vc_column_text] Samo\u00ebns en de vallei van de Giffre komen een week lang tot leven op de klanken van lyrische liederen. Zangers, artiesten en orkesten komen samen om hun passie voor deze zeer po\u00ebtische kunst te delen. Neem deel aan de activiteiten, masterclasses, repetities [&hellip;]<\/p>\n","protected":false},"author":2,"featured_media":562446,"comment_status":"closed","ping_status":"closed","sticky":false,"template":"","format":"standard","meta":{"_acf_changed":false,"footnotes":""},"categories":[5539],"tags":[],"class_list":["post-577366","post","type-post","status-publish","format-standard","hentry","category-decouverte-de-samoens-lete-nl"],"acf":[],"yoast_head":"<!-- This site is optimized with the Yoast SEO plugin v27.4 - https:\/\/yoast.com\/product\/yoast-seo-wordpress\/ -->\n<title>Le Samo\u00ebns Lyrisch Festival<\/title>\n<meta name=\"description\" content=\"Samo\u00ebns et la vall\u00e9e du Giffre s\u2019animent le temps d\u2019une semaine au son des chants lyriques. Venez d\u00e9couvrir le festival lyrique de Samo\u00ebns !\" \/>\n<meta name=\"robots\" content=\"index, follow, max-snippet:-1, max-image-preview:large, max-video-preview:-1\" \/>\n<link rel=\"canonical\" href=\"https:\/\/www.samoens.com\/nl\/festival-lyrique-de-samoens\/\" \/>\n<meta property=\"og:locale\" content=\"nl_NL\" \/>\n<meta property=\"og:type\" content=\"article\" \/>\n<meta property=\"og:title\" content=\"Le Samo\u00ebns Lyrisch Festival\" \/>\n<meta property=\"og:description\" content=\"Samo\u00ebns et la vall\u00e9e du Giffre s\u2019animent le temps d\u2019une semaine au son des chants lyriques. Venez d\u00e9couvrir le festival lyrique de Samo\u00ebns !\" \/>\n<meta property=\"og:url\" content=\"https:\/\/www.samoens.com\/nl\/festival-lyrique-de-samoens\/\" \/>\n<meta property=\"og:site_name\" content=\"Samo\u00ebns, station de ski et village authentique en Haute-Savoie\" \/>\n<meta property=\"article:published_time\" content=\"2026-03-31T12:00:05+00:00\" \/>\n<meta property=\"article:modified_time\" content=\"2026-03-31T12:33:12+00:00\" \/>\n<meta property=\"og:image\" content=\"https:\/\/www.samoens.com\/wp-content\/uploads\/2022\/07\/flute-4006386-scaled.jpg\" \/>\n\t<meta property=\"og:image:width\" content=\"2048\" \/>\n\t<meta property=\"og:image:height\" content=\"1356\" \/>\n\t<meta property=\"og:image:type\" content=\"image\/jpeg\" \/>\n<meta name=\"author\" content=\"Isabelle\" \/>\n<meta name=\"twitter:card\" content=\"summary_large_image\" \/>\n<meta name=\"twitter:label1\" content=\"Geschreven door\" \/>\n\t<meta name=\"twitter:data1\" content=\"Isabelle\" \/>\n\t<meta name=\"twitter:label2\" content=\"Geschatte leestijd\" \/>\n\t<meta name=\"twitter:data2\" content=\"3 minuten\" \/>\n<script type=\"application\/ld+json\" class=\"yoast-schema-graph\">{\"@context\":\"https:\\\/\\\/schema.org\",\"@graph\":[{\"@type\":\"Article\",\"@id\":\"https:\\\/\\\/www.samoens.com\\\/nl\\\/festival-lyrique-de-samoens\\\/#article\",\"isPartOf\":{\"@id\":\"https:\\\/\\\/www.samoens.com\\\/nl\\\/festival-lyrique-de-samoens\\\/\"},\"author\":{\"name\":\"Isabelle\",\"@id\":\"https:\\\/\\\/www.samoens.com\\\/#\\\/schema\\\/person\\\/9f84694e97a9b976109162d9d96dc2f2\"},\"headline\":\"Samo\u00ebns Lyrisch Festival\",\"datePublished\":\"2026-03-31T12:00:05+00:00\",\"dateModified\":\"2026-03-31T12:33:12+00:00\",\"mainEntityOfPage\":{\"@id\":\"https:\\\/\\\/www.samoens.com\\\/nl\\\/festival-lyrique-de-samoens\\\/\"},\"wordCount\":573,\"image\":{\"@id\":\"https:\\\/\\\/www.samoens.com\\\/nl\\\/festival-lyrique-de-samoens\\\/#primaryimage\"},\"thumbnailUrl\":\"https:\\\/\\\/www.samoens.com\\\/wp-content\\\/uploads\\\/2022\\\/07\\\/flute-4006386-scaled.jpg\",\"articleSection\":[\"Ontdek Samo\u00ebns in de zomer\"],\"inLanguage\":\"nl-NL\"},{\"@type\":\"WebPage\",\"@id\":\"https:\\\/\\\/www.samoens.com\\\/nl\\\/festival-lyrique-de-samoens\\\/\",\"url\":\"https:\\\/\\\/www.samoens.com\\\/nl\\\/festival-lyrique-de-samoens\\\/\",\"name\":\"Le Samo\u00ebns Lyrisch Festival\",\"isPartOf\":{\"@id\":\"https:\\\/\\\/www.samoens.com\\\/#website\"},\"primaryImageOfPage\":{\"@id\":\"https:\\\/\\\/www.samoens.com\\\/nl\\\/festival-lyrique-de-samoens\\\/#primaryimage\"},\"image\":{\"@id\":\"https:\\\/\\\/www.samoens.com\\\/nl\\\/festival-lyrique-de-samoens\\\/#primaryimage\"},\"thumbnailUrl\":\"https:\\\/\\\/www.samoens.com\\\/wp-content\\\/uploads\\\/2022\\\/07\\\/flute-4006386-scaled.jpg\",\"datePublished\":\"2026-03-31T12:00:05+00:00\",\"dateModified\":\"2026-03-31T12:33:12+00:00\",\"author\":{\"@id\":\"https:\\\/\\\/www.samoens.com\\\/#\\\/schema\\\/person\\\/9f84694e97a9b976109162d9d96dc2f2\"},\"description\":\"Samo\u00ebns et la vall\u00e9e du Giffre s\u2019animent le temps d\u2019une semaine au son des chants lyriques. Venez d\u00e9couvrir le festival lyrique de Samo\u00ebns !\",\"breadcrumb\":{\"@id\":\"https:\\\/\\\/www.samoens.com\\\/nl\\\/festival-lyrique-de-samoens\\\/#breadcrumb\"},\"inLanguage\":\"nl-NL\",\"potentialAction\":[{\"@type\":\"ReadAction\",\"target\":[\"https:\\\/\\\/www.samoens.com\\\/nl\\\/festival-lyrique-de-samoens\\\/\"]}]},{\"@type\":\"ImageObject\",\"inLanguage\":\"nl-NL\",\"@id\":\"https:\\\/\\\/www.samoens.com\\\/nl\\\/festival-lyrique-de-samoens\\\/#primaryimage\",\"url\":\"https:\\\/\\\/www.samoens.com\\\/wp-content\\\/uploads\\\/2022\\\/07\\\/flute-4006386-scaled.jpg\",\"contentUrl\":\"https:\\\/\\\/www.samoens.com\\\/wp-content\\\/uploads\\\/2022\\\/07\\\/flute-4006386-scaled.jpg\",\"width\":2048,\"height\":1356},{\"@type\":\"BreadcrumbList\",\"@id\":\"https:\\\/\\\/www.samoens.com\\\/nl\\\/festival-lyrique-de-samoens\\\/#breadcrumb\",\"itemListElement\":[{\"@type\":\"ListItem\",\"position\":1,\"name\":\"Accueil\",\"item\":\"https:\\\/\\\/www.samoens.com\\\/nl\\\/\"},{\"@type\":\"ListItem\",\"position\":2,\"name\":\"Ontdek Samo\u00ebns in de zomer\",\"item\":\"https:\\\/\\\/www.samoens.com\\\/nl\\\/category\\\/decouverte-de-samoens-lete-nl\\\/\"},{\"@type\":\"ListItem\",\"position\":3,\"name\":\"Samo\u00ebns Lyrisch Festival\"}]},{\"@type\":\"WebSite\",\"@id\":\"https:\\\/\\\/www.samoens.com\\\/#website\",\"url\":\"https:\\\/\\\/www.samoens.com\\\/\",\"name\":\"Samo\u00ebns, station de ski et village authentique en Haute-Savoie\",\"description\":\"Nich\u00e9e au coeur du domaine skiable du Grand Massif et \u00e0 moins d&#039;1h de Gen\u00e8ve, Samo\u00ebns rendra vos vacances inoubliables en \u00e9t\u00e9 comme en hiver\",\"potentialAction\":[{\"@type\":\"SearchAction\",\"target\":{\"@type\":\"EntryPoint\",\"urlTemplate\":\"https:\\\/\\\/www.samoens.com\\\/?s={search_term_string}\"},\"query-input\":{\"@type\":\"PropertyValueSpecification\",\"valueRequired\":true,\"valueName\":\"search_term_string\"}}],\"inLanguage\":\"nl-NL\"},{\"@type\":\"Person\",\"@id\":\"https:\\\/\\\/www.samoens.com\\\/#\\\/schema\\\/person\\\/9f84694e97a9b976109162d9d96dc2f2\",\"name\":\"Isabelle\",\"image\":{\"@type\":\"ImageObject\",\"inLanguage\":\"nl-NL\",\"@id\":\"https:\\\/\\\/secure.gravatar.com\\\/avatar\\\/13973acc16a6871b2e7a2b758c75fd8b7c5f0835b5f5b665a2a81454820bba2f?s=96&d=mm&r=g\",\"url\":\"https:\\\/\\\/secure.gravatar.com\\\/avatar\\\/13973acc16a6871b2e7a2b758c75fd8b7c5f0835b5f5b665a2a81454820bba2f?s=96&d=mm&r=g\",\"contentUrl\":\"https:\\\/\\\/secure.gravatar.com\\\/avatar\\\/13973acc16a6871b2e7a2b758c75fd8b7c5f0835b5f5b665a2a81454820bba2f?s=96&d=mm&r=g\",\"caption\":\"Isabelle\"}}]}<\/script>\n<!-- \/ Yoast SEO plugin. -->","yoast_head_json":{"title":"Le Samo\u00ebns Lyrisch Festival","description":"Samo\u00ebns et la vall\u00e9e du Giffre s\u2019animent le temps d\u2019une semaine au son des chants lyriques. Venez d\u00e9couvrir le festival lyrique de Samo\u00ebns !","robots":{"index":"index","follow":"follow","max-snippet":"max-snippet:-1","max-image-preview":"max-image-preview:large","max-video-preview":"max-video-preview:-1"},"canonical":"https:\/\/www.samoens.com\/nl\/festival-lyrique-de-samoens\/","og_locale":"nl_NL","og_type":"article","og_title":"Le Samo\u00ebns Lyrisch Festival","og_description":"Samo\u00ebns et la vall\u00e9e du Giffre s\u2019animent le temps d\u2019une semaine au son des chants lyriques. Venez d\u00e9couvrir le festival lyrique de Samo\u00ebns !","og_url":"https:\/\/www.samoens.com\/nl\/festival-lyrique-de-samoens\/","og_site_name":"Samo\u00ebns, station de ski et village authentique en Haute-Savoie","article_published_time":"2026-03-31T12:00:05+00:00","article_modified_time":"2026-03-31T12:33:12+00:00","og_image":[{"width":2048,"height":1356,"url":"https:\/\/www.samoens.com\/wp-content\/uploads\/2022\/07\/flute-4006386-scaled.jpg","type":"image\/jpeg"}],"author":"Isabelle","twitter_card":"summary_large_image","twitter_misc":{"Geschreven door":"Isabelle","Geschatte leestijd":"3 minuten"},"schema":{"@context":"https:\/\/schema.org","@graph":[{"@type":"Article","@id":"https:\/\/www.samoens.com\/nl\/festival-lyrique-de-samoens\/#article","isPartOf":{"@id":"https:\/\/www.samoens.com\/nl\/festival-lyrique-de-samoens\/"},"author":{"name":"Isabelle","@id":"https:\/\/www.samoens.com\/#\/schema\/person\/9f84694e97a9b976109162d9d96dc2f2"},"headline":"Samo\u00ebns Lyrisch Festival","datePublished":"2026-03-31T12:00:05+00:00","dateModified":"2026-03-31T12:33:12+00:00","mainEntityOfPage":{"@id":"https:\/\/www.samoens.com\/nl\/festival-lyrique-de-samoens\/"},"wordCount":573,"image":{"@id":"https:\/\/www.samoens.com\/nl\/festival-lyrique-de-samoens\/#primaryimage"},"thumbnailUrl":"https:\/\/www.samoens.com\/wp-content\/uploads\/2022\/07\/flute-4006386-scaled.jpg","articleSection":["Ontdek Samo\u00ebns in de zomer"],"inLanguage":"nl-NL"},{"@type":"WebPage","@id":"https:\/\/www.samoens.com\/nl\/festival-lyrique-de-samoens\/","url":"https:\/\/www.samoens.com\/nl\/festival-lyrique-de-samoens\/","name":"Le Samo\u00ebns Lyrisch Festival","isPartOf":{"@id":"https:\/\/www.samoens.com\/#website"},"primaryImageOfPage":{"@id":"https:\/\/www.samoens.com\/nl\/festival-lyrique-de-samoens\/#primaryimage"},"image":{"@id":"https:\/\/www.samoens.com\/nl\/festival-lyrique-de-samoens\/#primaryimage"},"thumbnailUrl":"https:\/\/www.samoens.com\/wp-content\/uploads\/2022\/07\/flute-4006386-scaled.jpg","datePublished":"2026-03-31T12:00:05+00:00","dateModified":"2026-03-31T12:33:12+00:00","author":{"@id":"https:\/\/www.samoens.com\/#\/schema\/person\/9f84694e97a9b976109162d9d96dc2f2"},"description":"Samo\u00ebns et la vall\u00e9e du Giffre s\u2019animent le temps d\u2019une semaine au son des chants lyriques. Venez d\u00e9couvrir le festival lyrique de Samo\u00ebns !","breadcrumb":{"@id":"https:\/\/www.samoens.com\/nl\/festival-lyrique-de-samoens\/#breadcrumb"},"inLanguage":"nl-NL","potentialAction":[{"@type":"ReadAction","target":["https:\/\/www.samoens.com\/nl\/festival-lyrique-de-samoens\/"]}]},{"@type":"ImageObject","inLanguage":"nl-NL","@id":"https:\/\/www.samoens.com\/nl\/festival-lyrique-de-samoens\/#primaryimage","url":"https:\/\/www.samoens.com\/wp-content\/uploads\/2022\/07\/flute-4006386-scaled.jpg","contentUrl":"https:\/\/www.samoens.com\/wp-content\/uploads\/2022\/07\/flute-4006386-scaled.jpg","width":2048,"height":1356},{"@type":"BreadcrumbList","@id":"https:\/\/www.samoens.com\/nl\/festival-lyrique-de-samoens\/#breadcrumb","itemListElement":[{"@type":"ListItem","position":1,"name":"Accueil","item":"https:\/\/www.samoens.com\/nl\/"},{"@type":"ListItem","position":2,"name":"Ontdek Samo\u00ebns in de zomer","item":"https:\/\/www.samoens.com\/nl\/category\/decouverte-de-samoens-lete-nl\/"},{"@type":"ListItem","position":3,"name":"Samo\u00ebns Lyrisch Festival"}]},{"@type":"WebSite","@id":"https:\/\/www.samoens.com\/#website","url":"https:\/\/www.samoens.com\/","name":"Samo\u00ebns, station de ski et village authentique en Haute-Savoie","description":"Nich\u00e9e au coeur du domaine skiable du Grand Massif et \u00e0 moins d&#039;1h de Gen\u00e8ve, Samo\u00ebns rendra vos vacances inoubliables en \u00e9t\u00e9 comme en hiver","potentialAction":[{"@type":"SearchAction","target":{"@type":"EntryPoint","urlTemplate":"https:\/\/www.samoens.com\/?s={search_term_string}"},"query-input":{"@type":"PropertyValueSpecification","valueRequired":true,"valueName":"search_term_string"}}],"inLanguage":"nl-NL"},{"@type":"Person","@id":"https:\/\/www.samoens.com\/#\/schema\/person\/9f84694e97a9b976109162d9d96dc2f2","name":"Isabelle","image":{"@type":"ImageObject","inLanguage":"nl-NL","@id":"https:\/\/secure.gravatar.com\/avatar\/13973acc16a6871b2e7a2b758c75fd8b7c5f0835b5f5b665a2a81454820bba2f?s=96&d=mm&r=g","url":"https:\/\/secure.gravatar.com\/avatar\/13973acc16a6871b2e7a2b758c75fd8b7c5f0835b5f5b665a2a81454820bba2f?s=96&d=mm&r=g","contentUrl":"https:\/\/secure.gravatar.com\/avatar\/13973acc16a6871b2e7a2b758c75fd8b7c5f0835b5f5b665a2a81454820bba2f?s=96&d=mm&r=g","caption":"Isabelle"}}]}},"_links":{"self":[{"href":"https:\/\/www.samoens.com\/nl\/wp-json\/wp\/v2\/posts\/577366","targetHints":{"allow":["GET"]}}],"collection":[{"href":"https:\/\/www.samoens.com\/nl\/wp-json\/wp\/v2\/posts"}],"about":[{"href":"https:\/\/www.samoens.com\/nl\/wp-json\/wp\/v2\/types\/post"}],"author":[{"embeddable":true,"href":"https:\/\/www.samoens.com\/nl\/wp-json\/wp\/v2\/users\/2"}],"replies":[{"embeddable":true,"href":"https:\/\/www.samoens.com\/nl\/wp-json\/wp\/v2\/comments?post=577366"}],"version-history":[{"count":5,"href":"https:\/\/www.samoens.com\/nl\/wp-json\/wp\/v2\/posts\/577366\/revisions"}],"predecessor-version":[{"id":607150,"href":"https:\/\/www.samoens.com\/nl\/wp-json\/wp\/v2\/posts\/577366\/revisions\/607150"}],"wp:featuredmedia":[{"embeddable":true,"href":"https:\/\/www.samoens.com\/nl\/wp-json\/wp\/v2\/media\/562446"}],"wp:attachment":[{"href":"https:\/\/www.samoens.com\/nl\/wp-json\/wp\/v2\/media?parent=577366"}],"wp:term":[{"taxonomy":"category","embeddable":true,"href":"https:\/\/www.samoens.com\/nl\/wp-json\/wp\/v2\/categories?post=577366"},{"taxonomy":"post_tag","embeddable":true,"href":"https:\/\/www.samoens.com\/nl\/wp-json\/wp\/v2\/tags?post=577366"}],"curies":[{"name":"wp","href":"https:\/\/api.w.org\/{rel}","templated":true}]}}