{"id":577358,"date":"2026-04-05T14:45:08","date_gmt":"2026-04-05T12:45:08","guid":{"rendered":"https:\/\/www.samoens.com\/criou-celte-festival-a-samoens\/"},"modified":"2026-04-06T15:41:42","modified_gmt":"2026-04-06T13:41:42","slug":"criou-celte-festival-a-samoens","status":"publish","type":"post","link":"https:\/\/www.samoens.com\/nl\/criou-celte-festival-a-samoens\/","title":{"rendered":"Criou Celte Festival in Samo\u00ebns"},"content":{"rendered":"<div class=\"wpb-content-wrapper\"><p>[vc_row][vc_column][vc_column_text]<\/p>\n<h2><b>Het Criou Celte Festival brengt het dorp Samo\u00ebns tot leven!<\/b><\/h2>\n<p>[\/vc_column_text][vc_column_text]<\/p>\n<h2 class=\"chapeau\"><em>Het Criou Celte Festival, opgericht door een vereniging van enthousiastelingen, &#8220;On s&#8217;accorde&#8221;, animeert elke zomer een week lang het dorp Samo\u00ebns. Op het ritme van Keltische klanken, animaties en trainingen in deze cultuur afkomstig van overzee, is het festival een opening die zeer gewaardeerd wordt door de lokale bevolking en bezoekers.<\/em><\/h2>\n<p>[\/vc_column_text][vc_column_text]<\/p>\n<h3><b>KELTISCHE CULTUUR WORDT GE\u00cbERD IN SAMO\u00cbNS<\/b><\/h3>\n<p>[\/vc_column_text][\/vc_column][\/vc_row][vc_row][vc_column][vc_video link=&#8221;https:\/\/youtu.be\/ikv6MUX-dB4&#8243;][\/vc_column][\/vc_row][vc_row][vc_column][vc_empty_space][vc_column_text]<\/p>\n<h5><b>Ontdekking van de Keltische cultuur<\/b><\/h5>\n<p>Speciaal uit Ierland, uit de stad Westport en andere regio&#8217;s, animeren muzikanten en dansers het dorp Samo\u00ebns tijdens een week die in het teken staat van de Keltische cultuur. Optochten, concerten, dansdemonstraties en een gala staan op het programma van deze prachtige week. Tijdens een concert verenigen de gemeentelijke harmonie en de uitgenodigde Keltische groep zich om u een muzikaal moment te bieden waarbij culturele uitwisseling centraal staat.<\/p>\n<h5><b>Kom en leer Keltisch dansen<\/b><\/h5>\n<p>Tijdens dit festival kunnen jong en oud de beginselen van de traditionele Keltische en Ierse dans leren. Cursussen onder leiding van professionals en gepassioneerde amateurs zullen iedereen die nieuwsgierig is de kans geven zich open te stellen voor een nieuwe cultuur en de grondbeginselen ervan te ontdekken. Dit is ook het mooie van het Criou Celte Festival: de overdracht!<\/p>\n<h5><b>Het dorp Samo\u00ebns in feeststemming<\/b><\/h5>\n<p>Het dorp Haute-Savoie gaat in feestmodus tijdens deze week in de kleuren van Ierland. Op verschillende plaatsen, in het hart van het dorp of op de top van de heuvel, worden concerten, dansen en workshops gemengd, om u een paar dagen buiten de tijd te bieden. Of u nu op doorreis bent voor een dag of meerdere dagen in de buurt bent, met familie of vrienden, de sfeer zal er zijn![\/vc_column_text][vc_empty_space][\/vc_column][\/vc_row][vc_row][vc_column width=&#8221;1\/2&#8243;][vc_column_text]<\/p>\n<h3><b>Het Criou Celte Festival, in het kort:<\/b><\/h3>\n<ul>\n<li style=\"font-weight: 400;\" aria-level=\"1\">Een feestelijke week gebaseerd op de Keltische cultuur<\/li>\n<li style=\"font-weight: 400;\" aria-level=\"1\">Activiteiten voor jong en oud<\/li>\n<li style=\"font-weight: 400;\" aria-level=\"1\">Ontdekkingscursussen in traditionele dansen<\/li>\n<li style=\"font-weight: 400;\" aria-level=\"1\">Een originele sfeer in het hart van Samo\u00ebns<\/li>\n<\/ul>\n<p>[\/vc_column_text][vc_empty_space height=&#8221;5px&#8221;][vc_empty_space height=&#8221;5px&#8221;][vc_empty_space height=&#8221;5px&#8221;][vc_empty_space height=&#8221;5px&#8221;][\/vc_column][vc_column width=&#8221;1\/2&#8243;][vc_single_image image=&#8221;563114&#8243;][\/vc_column][\/vc_row][vc_row][vc_column][vc_column_text]<\/p>\n<h2>Foire aux questions<\/h2>\n<p>[\/vc_column_text]<div class=\"blocqr\"><div class=\"question\" id=\"qr980q\" onclick=\"openqr('qr980');\"><span>Wanneer vindt het volgende Criou Celte Festival plaats?<\/span><i class=\"fas fa-chevron-down\"><\/i><\/div><div class=\"reponse\" id=\"qr980\">Niet aangekondigde data.<\/div><\/div><script>function openqr(div){\n                    if($(\"#\"+div+\"q\").hasClass(\"opened\")){\n                    $(\"#\"+div+\"\").toggle(\"fast\");\n                    $(\"#\"+div+\"q\").removeClass(\"opened\");\n                    }\n                    else{\n                        $(\"#\"+div+\"\").toggle(\"fast\");\n                        $(\"#\"+div+\"q\").addClass(\"opened\");\n                    }\n                }<\/script><div class=\"blocqr\"><div class=\"question\" id=\"qr134q\" onclick=\"openqr('qr134');\"><span>Zijn de concerten gratis?<\/span><i class=\"fas fa-chevron-down\"><\/i><\/div><div class=\"reponse\" id=\"qr134\">Ja, de concerten zijn volledig gratis, tot groot genoegen van jong en oud!<\/div><\/div><script>function openqr(div){\n                    if($(\"#\"+div+\"q\").hasClass(\"opened\")){\n                    $(\"#\"+div+\"\").toggle(\"fast\");\n                    $(\"#\"+div+\"q\").removeClass(\"opened\");\n                    }\n                    else{\n                        $(\"#\"+div+\"\").toggle(\"fast\");\n                        $(\"#\"+div+\"q\").addClass(\"opened\");\n                    }\n                }<\/script><div class=\"blocqr\"><div class=\"question\" id=\"qr62q\" onclick=\"openqr('qr62');\"><span>Wat is het programma voor de volgende editie van het Criou Celte Festival?<\/span><i class=\"fas fa-chevron-down\"><\/i><\/div><div class=\"reponse\" id=\"qr62\">Programma te volgen op <a href=\"https:\/\/www.samoens.com\/nl\/criou-celte-festival\/\">samoens.com. <\/a><\/div><\/div><script>function openqr(div){\n                    if($(\"#\"+div+\"q\").hasClass(\"opened\")){\n                    $(\"#\"+div+\"\").toggle(\"fast\");\n                    $(\"#\"+div+\"q\").removeClass(\"opened\");\n                    }\n                    else{\n                        $(\"#\"+div+\"\").toggle(\"fast\");\n                        $(\"#\"+div+\"q\").addClass(\"opened\");\n                    }\n                }<\/script>[vc_empty_space][\/vc_column][\/vc_row][vc_row][vc_column]<section class=\"presta_elem row\"><div class=\"col-sm-6 imgpresta\" style=\"background-image:url();\"><\/div><div class=\"col-sm-6 infospresta\"><div class=\"surtitre\"><\/div><div class=\"titre\"><a href=\"\" class=\"titrelien\"><\/a><\/div><div class=\"blocadresse\"><img decoding=\"async\" class=\"marker\" src=\"\/wp-content\/themes\/samoens\/img\/marker-white.svg\"><div class=\"adresse\"><br> <\/div><\/div><div class=\"contacts\"><\/div><\/div><\/section>[\/vc_column][\/vc_row]<\/p>\n<\/div>","protected":false},"excerpt":{"rendered":"<p>[vc_row][vc_column][vc_column_text] Het Criou Celte Festival brengt het dorp Samo\u00ebns tot leven! [\/vc_column_text][vc_column_text] Het Criou Celte Festival, opgericht door een vereniging van enthousiastelingen, &#8220;On s&#8217;accorde&#8221;, animeert elke zomer een week lang het dorp Samo\u00ebns. Op het ritme van Keltische klanken, animaties en trainingen in deze cultuur afkomstig van overzee, is het festival een opening die zeer [&hellip;]<\/p>\n","protected":false},"author":2,"featured_media":563110,"comment_status":"closed","ping_status":"closed","sticky":false,"template":"","format":"standard","meta":{"_acf_changed":false,"footnotes":""},"categories":[5539],"tags":[],"class_list":["post-577358","post","type-post","status-publish","format-standard","hentry","category-decouverte-de-samoens-lete-nl"],"acf":[],"yoast_head":"<!-- This site is optimized with the Yoast SEO plugin v27.4 - https:\/\/yoast.com\/product\/yoast-seo-wordpress\/ -->\n<title>Criou Celte Festival in Samo\u00ebns<\/title>\n<meta name=\"description\" content=\"Cet \u00e9t\u00e9, le temps d&#039;une semaine, le village de Samo\u00ebns accueille le Criou Celte Festival. Concerts, danses, animations, ... d\u00e9couvrez cette belle culture !\" \/>\n<meta name=\"robots\" content=\"index, follow, max-snippet:-1, max-image-preview:large, max-video-preview:-1\" \/>\n<link rel=\"canonical\" href=\"https:\/\/www.samoens.com\/nl\/criou-celte-festival-a-samoens\/\" \/>\n<meta property=\"og:locale\" content=\"nl_NL\" \/>\n<meta property=\"og:type\" content=\"article\" \/>\n<meta property=\"og:title\" content=\"Criou Celte Festival in Samo\u00ebns\" \/>\n<meta property=\"og:description\" content=\"Cet \u00e9t\u00e9, le temps d&#039;une semaine, le village de Samo\u00ebns accueille le Criou Celte Festival. Concerts, danses, animations, ... d\u00e9couvrez cette belle culture !\" \/>\n<meta property=\"og:url\" content=\"https:\/\/www.samoens.com\/nl\/criou-celte-festival-a-samoens\/\" \/>\n<meta property=\"og:site_name\" content=\"Samo\u00ebns, station de ski et village authentique en Haute-Savoie\" \/>\n<meta property=\"article:published_time\" content=\"2026-04-05T12:45:08+00:00\" \/>\n<meta property=\"article:modified_time\" content=\"2026-04-06T13:41:42+00:00\" \/>\n<meta property=\"og:image\" content=\"https:\/\/www.samoens.com\/wp-content\/uploads\/2022\/08\/Clew-Bay-Pipeband-Gers.jpg\" \/>\n\t<meta property=\"og:image:width\" content=\"1024\" \/>\n\t<meta property=\"og:image:height\" content=\"768\" \/>\n\t<meta property=\"og:image:type\" content=\"image\/jpeg\" \/>\n<meta name=\"author\" content=\"Isabelle\" \/>\n<meta name=\"twitter:card\" content=\"summary_large_image\" \/>\n<meta name=\"twitter:label1\" content=\"Geschreven door\" \/>\n\t<meta name=\"twitter:data1\" content=\"Isabelle\" \/>\n\t<meta name=\"twitter:label2\" content=\"Geschatte leestijd\" \/>\n\t<meta name=\"twitter:data2\" content=\"3 minuten\" \/>\n<script type=\"application\/ld+json\" class=\"yoast-schema-graph\">{\"@context\":\"https:\\\/\\\/schema.org\",\"@graph\":[{\"@type\":\"Article\",\"@id\":\"https:\\\/\\\/www.samoens.com\\\/nl\\\/criou-celte-festival-a-samoens\\\/#article\",\"isPartOf\":{\"@id\":\"https:\\\/\\\/www.samoens.com\\\/nl\\\/criou-celte-festival-a-samoens\\\/\"},\"author\":{\"name\":\"Isabelle\",\"@id\":\"https:\\\/\\\/www.samoens.com\\\/#\\\/schema\\\/person\\\/9f84694e97a9b976109162d9d96dc2f2\"},\"headline\":\"Criou Celte Festival in Samo\u00ebns\",\"datePublished\":\"2026-04-05T12:45:08+00:00\",\"dateModified\":\"2026-04-06T13:41:42+00:00\",\"mainEntityOfPage\":{\"@id\":\"https:\\\/\\\/www.samoens.com\\\/nl\\\/criou-celte-festival-a-samoens\\\/\"},\"wordCount\":539,\"image\":{\"@id\":\"https:\\\/\\\/www.samoens.com\\\/nl\\\/criou-celte-festival-a-samoens\\\/#primaryimage\"},\"thumbnailUrl\":\"https:\\\/\\\/www.samoens.com\\\/wp-content\\\/uploads\\\/2022\\\/08\\\/Clew-Bay-Pipeband-Gers.jpg\",\"articleSection\":[\"Ontdek Samo\u00ebns in de zomer\"],\"inLanguage\":\"nl-NL\"},{\"@type\":\"WebPage\",\"@id\":\"https:\\\/\\\/www.samoens.com\\\/nl\\\/criou-celte-festival-a-samoens\\\/\",\"url\":\"https:\\\/\\\/www.samoens.com\\\/nl\\\/criou-celte-festival-a-samoens\\\/\",\"name\":\"Criou Celte Festival in Samo\u00ebns\",\"isPartOf\":{\"@id\":\"https:\\\/\\\/www.samoens.com\\\/#website\"},\"primaryImageOfPage\":{\"@id\":\"https:\\\/\\\/www.samoens.com\\\/nl\\\/criou-celte-festival-a-samoens\\\/#primaryimage\"},\"image\":{\"@id\":\"https:\\\/\\\/www.samoens.com\\\/nl\\\/criou-celte-festival-a-samoens\\\/#primaryimage\"},\"thumbnailUrl\":\"https:\\\/\\\/www.samoens.com\\\/wp-content\\\/uploads\\\/2022\\\/08\\\/Clew-Bay-Pipeband-Gers.jpg\",\"datePublished\":\"2026-04-05T12:45:08+00:00\",\"dateModified\":\"2026-04-06T13:41:42+00:00\",\"author\":{\"@id\":\"https:\\\/\\\/www.samoens.com\\\/#\\\/schema\\\/person\\\/9f84694e97a9b976109162d9d96dc2f2\"},\"description\":\"Cet \u00e9t\u00e9, le temps d'une semaine, le village de Samo\u00ebns accueille le Criou Celte Festival. Concerts, danses, animations, ... d\u00e9couvrez cette belle culture !\",\"breadcrumb\":{\"@id\":\"https:\\\/\\\/www.samoens.com\\\/nl\\\/criou-celte-festival-a-samoens\\\/#breadcrumb\"},\"inLanguage\":\"nl-NL\",\"potentialAction\":[{\"@type\":\"ReadAction\",\"target\":[\"https:\\\/\\\/www.samoens.com\\\/nl\\\/criou-celte-festival-a-samoens\\\/\"]}]},{\"@type\":\"ImageObject\",\"inLanguage\":\"nl-NL\",\"@id\":\"https:\\\/\\\/www.samoens.com\\\/nl\\\/criou-celte-festival-a-samoens\\\/#primaryimage\",\"url\":\"https:\\\/\\\/www.samoens.com\\\/wp-content\\\/uploads\\\/2022\\\/08\\\/Clew-Bay-Pipeband-Gers.jpg\",\"contentUrl\":\"https:\\\/\\\/www.samoens.com\\\/wp-content\\\/uploads\\\/2022\\\/08\\\/Clew-Bay-Pipeband-Gers.jpg\",\"width\":1024,\"height\":768},{\"@type\":\"BreadcrumbList\",\"@id\":\"https:\\\/\\\/www.samoens.com\\\/nl\\\/criou-celte-festival-a-samoens\\\/#breadcrumb\",\"itemListElement\":[{\"@type\":\"ListItem\",\"position\":1,\"name\":\"Accueil\",\"item\":\"https:\\\/\\\/www.samoens.com\\\/nl\\\/\"},{\"@type\":\"ListItem\",\"position\":2,\"name\":\"Ontdek Samo\u00ebns in de zomer\",\"item\":\"https:\\\/\\\/www.samoens.com\\\/nl\\\/category\\\/decouverte-de-samoens-lete-nl\\\/\"},{\"@type\":\"ListItem\",\"position\":3,\"name\":\"Criou Celte Festival in Samo\u00ebns\"}]},{\"@type\":\"WebSite\",\"@id\":\"https:\\\/\\\/www.samoens.com\\\/#website\",\"url\":\"https:\\\/\\\/www.samoens.com\\\/\",\"name\":\"Samo\u00ebns, station de ski et village authentique en Haute-Savoie\",\"description\":\"Nich\u00e9e au coeur du domaine skiable du Grand Massif et \u00e0 moins d&#039;1h de Gen\u00e8ve, Samo\u00ebns rendra vos vacances inoubliables en \u00e9t\u00e9 comme en hiver\",\"potentialAction\":[{\"@type\":\"SearchAction\",\"target\":{\"@type\":\"EntryPoint\",\"urlTemplate\":\"https:\\\/\\\/www.samoens.com\\\/?s={search_term_string}\"},\"query-input\":{\"@type\":\"PropertyValueSpecification\",\"valueRequired\":true,\"valueName\":\"search_term_string\"}}],\"inLanguage\":\"nl-NL\"},{\"@type\":\"Person\",\"@id\":\"https:\\\/\\\/www.samoens.com\\\/#\\\/schema\\\/person\\\/9f84694e97a9b976109162d9d96dc2f2\",\"name\":\"Isabelle\",\"image\":{\"@type\":\"ImageObject\",\"inLanguage\":\"nl-NL\",\"@id\":\"https:\\\/\\\/secure.gravatar.com\\\/avatar\\\/13973acc16a6871b2e7a2b758c75fd8b7c5f0835b5f5b665a2a81454820bba2f?s=96&d=mm&r=g\",\"url\":\"https:\\\/\\\/secure.gravatar.com\\\/avatar\\\/13973acc16a6871b2e7a2b758c75fd8b7c5f0835b5f5b665a2a81454820bba2f?s=96&d=mm&r=g\",\"contentUrl\":\"https:\\\/\\\/secure.gravatar.com\\\/avatar\\\/13973acc16a6871b2e7a2b758c75fd8b7c5f0835b5f5b665a2a81454820bba2f?s=96&d=mm&r=g\",\"caption\":\"Isabelle\"}}]}<\/script>\n<!-- \/ Yoast SEO plugin. -->","yoast_head_json":{"title":"Criou Celte Festival in Samo\u00ebns","description":"Cet \u00e9t\u00e9, le temps d'une semaine, le village de Samo\u00ebns accueille le Criou Celte Festival. Concerts, danses, animations, ... d\u00e9couvrez cette belle culture !","robots":{"index":"index","follow":"follow","max-snippet":"max-snippet:-1","max-image-preview":"max-image-preview:large","max-video-preview":"max-video-preview:-1"},"canonical":"https:\/\/www.samoens.com\/nl\/criou-celte-festival-a-samoens\/","og_locale":"nl_NL","og_type":"article","og_title":"Criou Celte Festival in Samo\u00ebns","og_description":"Cet \u00e9t\u00e9, le temps d'une semaine, le village de Samo\u00ebns accueille le Criou Celte Festival. Concerts, danses, animations, ... d\u00e9couvrez cette belle culture !","og_url":"https:\/\/www.samoens.com\/nl\/criou-celte-festival-a-samoens\/","og_site_name":"Samo\u00ebns, station de ski et village authentique en Haute-Savoie","article_published_time":"2026-04-05T12:45:08+00:00","article_modified_time":"2026-04-06T13:41:42+00:00","og_image":[{"width":1024,"height":768,"url":"https:\/\/www.samoens.com\/wp-content\/uploads\/2022\/08\/Clew-Bay-Pipeband-Gers.jpg","type":"image\/jpeg"}],"author":"Isabelle","twitter_card":"summary_large_image","twitter_misc":{"Geschreven door":"Isabelle","Geschatte leestijd":"3 minuten"},"schema":{"@context":"https:\/\/schema.org","@graph":[{"@type":"Article","@id":"https:\/\/www.samoens.com\/nl\/criou-celte-festival-a-samoens\/#article","isPartOf":{"@id":"https:\/\/www.samoens.com\/nl\/criou-celte-festival-a-samoens\/"},"author":{"name":"Isabelle","@id":"https:\/\/www.samoens.com\/#\/schema\/person\/9f84694e97a9b976109162d9d96dc2f2"},"headline":"Criou Celte Festival in Samo\u00ebns","datePublished":"2026-04-05T12:45:08+00:00","dateModified":"2026-04-06T13:41:42+00:00","mainEntityOfPage":{"@id":"https:\/\/www.samoens.com\/nl\/criou-celte-festival-a-samoens\/"},"wordCount":539,"image":{"@id":"https:\/\/www.samoens.com\/nl\/criou-celte-festival-a-samoens\/#primaryimage"},"thumbnailUrl":"https:\/\/www.samoens.com\/wp-content\/uploads\/2022\/08\/Clew-Bay-Pipeband-Gers.jpg","articleSection":["Ontdek Samo\u00ebns in de zomer"],"inLanguage":"nl-NL"},{"@type":"WebPage","@id":"https:\/\/www.samoens.com\/nl\/criou-celte-festival-a-samoens\/","url":"https:\/\/www.samoens.com\/nl\/criou-celte-festival-a-samoens\/","name":"Criou Celte Festival in Samo\u00ebns","isPartOf":{"@id":"https:\/\/www.samoens.com\/#website"},"primaryImageOfPage":{"@id":"https:\/\/www.samoens.com\/nl\/criou-celte-festival-a-samoens\/#primaryimage"},"image":{"@id":"https:\/\/www.samoens.com\/nl\/criou-celte-festival-a-samoens\/#primaryimage"},"thumbnailUrl":"https:\/\/www.samoens.com\/wp-content\/uploads\/2022\/08\/Clew-Bay-Pipeband-Gers.jpg","datePublished":"2026-04-05T12:45:08+00:00","dateModified":"2026-04-06T13:41:42+00:00","author":{"@id":"https:\/\/www.samoens.com\/#\/schema\/person\/9f84694e97a9b976109162d9d96dc2f2"},"description":"Cet \u00e9t\u00e9, le temps d'une semaine, le village de Samo\u00ebns accueille le Criou Celte Festival. Concerts, danses, animations, ... d\u00e9couvrez cette belle culture !","breadcrumb":{"@id":"https:\/\/www.samoens.com\/nl\/criou-celte-festival-a-samoens\/#breadcrumb"},"inLanguage":"nl-NL","potentialAction":[{"@type":"ReadAction","target":["https:\/\/www.samoens.com\/nl\/criou-celte-festival-a-samoens\/"]}]},{"@type":"ImageObject","inLanguage":"nl-NL","@id":"https:\/\/www.samoens.com\/nl\/criou-celte-festival-a-samoens\/#primaryimage","url":"https:\/\/www.samoens.com\/wp-content\/uploads\/2022\/08\/Clew-Bay-Pipeband-Gers.jpg","contentUrl":"https:\/\/www.samoens.com\/wp-content\/uploads\/2022\/08\/Clew-Bay-Pipeband-Gers.jpg","width":1024,"height":768},{"@type":"BreadcrumbList","@id":"https:\/\/www.samoens.com\/nl\/criou-celte-festival-a-samoens\/#breadcrumb","itemListElement":[{"@type":"ListItem","position":1,"name":"Accueil","item":"https:\/\/www.samoens.com\/nl\/"},{"@type":"ListItem","position":2,"name":"Ontdek Samo\u00ebns in de zomer","item":"https:\/\/www.samoens.com\/nl\/category\/decouverte-de-samoens-lete-nl\/"},{"@type":"ListItem","position":3,"name":"Criou Celte Festival in Samo\u00ebns"}]},{"@type":"WebSite","@id":"https:\/\/www.samoens.com\/#website","url":"https:\/\/www.samoens.com\/","name":"Samo\u00ebns, station de ski et village authentique en Haute-Savoie","description":"Nich\u00e9e au coeur du domaine skiable du Grand Massif et \u00e0 moins d&#039;1h de Gen\u00e8ve, Samo\u00ebns rendra vos vacances inoubliables en \u00e9t\u00e9 comme en hiver","potentialAction":[{"@type":"SearchAction","target":{"@type":"EntryPoint","urlTemplate":"https:\/\/www.samoens.com\/?s={search_term_string}"},"query-input":{"@type":"PropertyValueSpecification","valueRequired":true,"valueName":"search_term_string"}}],"inLanguage":"nl-NL"},{"@type":"Person","@id":"https:\/\/www.samoens.com\/#\/schema\/person\/9f84694e97a9b976109162d9d96dc2f2","name":"Isabelle","image":{"@type":"ImageObject","inLanguage":"nl-NL","@id":"https:\/\/secure.gravatar.com\/avatar\/13973acc16a6871b2e7a2b758c75fd8b7c5f0835b5f5b665a2a81454820bba2f?s=96&d=mm&r=g","url":"https:\/\/secure.gravatar.com\/avatar\/13973acc16a6871b2e7a2b758c75fd8b7c5f0835b5f5b665a2a81454820bba2f?s=96&d=mm&r=g","contentUrl":"https:\/\/secure.gravatar.com\/avatar\/13973acc16a6871b2e7a2b758c75fd8b7c5f0835b5f5b665a2a81454820bba2f?s=96&d=mm&r=g","caption":"Isabelle"}}]}},"_links":{"self":[{"href":"https:\/\/www.samoens.com\/nl\/wp-json\/wp\/v2\/posts\/577358","targetHints":{"allow":["GET"]}}],"collection":[{"href":"https:\/\/www.samoens.com\/nl\/wp-json\/wp\/v2\/posts"}],"about":[{"href":"https:\/\/www.samoens.com\/nl\/wp-json\/wp\/v2\/types\/post"}],"author":[{"embeddable":true,"href":"https:\/\/www.samoens.com\/nl\/wp-json\/wp\/v2\/users\/2"}],"replies":[{"embeddable":true,"href":"https:\/\/www.samoens.com\/nl\/wp-json\/wp\/v2\/comments?post=577358"}],"version-history":[{"count":5,"href":"https:\/\/www.samoens.com\/nl\/wp-json\/wp\/v2\/posts\/577358\/revisions"}],"predecessor-version":[{"id":607390,"href":"https:\/\/www.samoens.com\/nl\/wp-json\/wp\/v2\/posts\/577358\/revisions\/607390"}],"wp:featuredmedia":[{"embeddable":true,"href":"https:\/\/www.samoens.com\/nl\/wp-json\/wp\/v2\/media\/563110"}],"wp:attachment":[{"href":"https:\/\/www.samoens.com\/nl\/wp-json\/wp\/v2\/media?parent=577358"}],"wp:term":[{"taxonomy":"category","embeddable":true,"href":"https:\/\/www.samoens.com\/nl\/wp-json\/wp\/v2\/categories?post=577358"},{"taxonomy":"post_tag","embeddable":true,"href":"https:\/\/www.samoens.com\/nl\/wp-json\/wp\/v2\/tags?post=577358"}],"curies":[{"name":"wp","href":"https:\/\/api.w.org\/{rel}","templated":true}]}}