{"id":558200,"date":"2023-03-12T14:50:25","date_gmt":"2023-03-12T13:50:25","guid":{"rendered":"https:\/\/www.samoens.com\/les-journees-botaniques-de-samoens-au-coeur-de-la-vallee-du-haut-giffre\/"},"modified":"2024-07-26T16:37:55","modified_gmt":"2024-07-26T14:37:55","slug":"de-botanische-dagen-van-samoan-in-het-hart-van-de-bovenklauwvallei","status":"publish","type":"post","link":"https:\/\/www.samoens.com\/nl\/de-botanische-dagen-van-samoan-in-het-hart-van-de-bovenklauwvallei\/","title":{"rendered":"De botanische dagen van Samo\u00ebns, in het hart van de vallei van de Haut-Giffre"},"content":{"rendered":"<div class=\"wpb-content-wrapper\"><p>[vc_row][vc_column][vc_column_text]<\/p>\n<h2>Plantkunde in de kijker in Samo\u00ebns<\/h2>\n<p>[\/vc_column_text][vc_column_text]<\/p>\n<h2 class=\"chapeau\">Een weekend lang wordt de tuin van Samo\u00ebns omgetoverd tot een waar openluchtparadijs voor alle liefhebbers van botanica. De botanische alpentuin van Ja\u00ffsinia ligt in het hart van de vallei van de Haut-Giffre en biedt een po\u00ebtische wandeling tussen de alpiene planten en bloemen van de vijf continenten. Tijdens het zomerseizoen worden op deze site, die geklasseerd is als opmerkelijke tuin van Frankrijk, de botanische dagen van Samo\u00ebns georganiseerd voor een weekend gewijd aan planten, ontdekking en passie.<\/h2>\n<p>[\/vc_column_text][\/vc_column][\/vc_row][vc_row][vc_column][vc_video link=&#8221;https:\/\/www.youtube.com\/watch?v=ivP0mu5a1Ns&#8221;][\/vc_column][\/vc_row][vc_row][vc_column][vc_column_text]<\/p>\n<h3>Een weekend in Samo\u00ebns rond plantkunde, tuinieren en planten<\/h3>\n<p>De Botanische Dagen is een evenement dat u niet mag missen tijdens het zomerseizoen in Samo\u00ebns. In het hart van het historische stadscentrum verwelkomt de tuin van Ja\u00ffsinia, voor een weekend, een moment van ontdekking en uitwisseling dat zowel fascinerend als authentiek is. In deze gemoedelijke sfeer is het dorp versierd met zijn mooiste bloemendecoraties tot groot genoegen van de natuurliefhebbers. Er vindt een botanische markt plaats waar u alles kunt vinden wat u nodig hebt voor een bloeiende tuin en een goed gevulde moestuin onder het deskundige advies van professionals. Zowel voor amateurs als voor meer ervaren botanici zijn de botanische dagen een gelegenheid om een mooi weekend door te brengen, met het vooruitzicht op verwondering, ontdekkingen en praktische en technische informatie.<\/p>\n<h3>Bezoeken en workshops voor jong en oud, midden in de natuur<\/h3>\n<p>Gedurende het hele weekend vindt u in het hart van de tuin van Ja\u00ffsinia bezoeken die botanica, natuur en cultuur combineren, maar niet alleen! Deze workshops zijn het juiste moment om de schoonheid van de aangrenzende bossen van de Haute-Savoie en de schatten die ze bevatten te ontdekken. In het centrum van de historische stad worden in de tuin workshops macrofotografie, rondleidingen, speurtochten voor gezinnen, talrijke voorstellingen op de Place du Gros Tilleul en bloemenworkshops (compositie, land art, enz.) georganiseerd. Terwijl de oudere kinderen het fascinerende leven van planten kunnen ontdekken door gesprekken met professionals, kunnen de jongere kinderen meer te weten komen over de tuin en het leven dat hen omringt door de aangeboden spelletjes en shows.[\/vc_column_text][vc_empty_space][\/vc_column][\/vc_row][vc_row][vc_column width=&#8221;1\/2&#8243;][vc_empty_space][vc_column_text]<\/p>\n<h4>Botanische animaties, in het kort:<\/h4>\n<ul>\n<li><strong>Ontmoetingen met professionele tuiniers<\/strong><\/li>\n<li><strong>Workshop macrofotografie<\/strong><\/li>\n<li><strong>Rondleidingen in de botanische tuin<\/strong><\/li>\n<li><strong>Spektakel, atelier art floral, land art<\/strong><\/li>\n<li><strong>Schattenjacht in de tuin<\/strong><\/li>\n<li><strong>Botanische markt open voor iedereen<\/strong><\/li>\n<li><strong>Workshop over eetbare planten<\/strong><\/li>\n<li><strong>Ontdekking van de omliggende bossen<\/strong><\/li>\n<li><strong>Boeken en kunst in al hun pracht<\/strong><\/li>\n<\/ul>\n<div class=\"vc_empty_space\">\n<div class=\"wpb_text_column wpb_content_element \">\n<div class=\"wpb_wrapper\"><\/div>\n<\/div>\n<\/div>\n<p>[\/vc_column_text][vc_empty_space height=&#8221;5px&#8221;][vc_empty_space height=&#8221;5px&#8221;][vc_empty_space height=&#8221;5px&#8221;][vc_empty_space height=&#8221;5px&#8221;][\/vc_column][vc_column width=&#8221;1\/2&#8243;][vc_single_image image=&#8221;1309&#8243; img_size=&#8221;1500*1500&#8243;][\/vc_column][\/vc_row][vc_row][vc_column][vc_column_text]<\/p>\n<h3>Een moment van uitwisseling tussen botanische liefhebbers<\/h3>\n<p>Naast het genieten van een moment buiten de tijd in de tuin van Ja\u00ffsinia en het historische stadscentrum, is het weekend van de botanische dagen een niet te missen moment om te ontdekken, te leren en uit te wisselen met andere liefhebbers. Professionele en amateurtuiniers vinden hier alle adviezen die zij nodig hebben om te beginnen of om hun planten en tuinen te verzorgen. Een mooi weekend in perspectief, in het groen, in het hart van de Haut-Giffre vallei.<\/p>\n<h3>De Ja\u00ffsinia tuin, een unieke plek in de Haute-Savoie<\/h3>\n<p>Deze tijdloze plek in het centrum van Samo\u00ebns is een bergtuin die in het begin van de 20e eeuw werd aangelegd door Marie-Louise Cognacq-Ja\u00ff. Als stichteres van La Samaritaine in Parijs, financierde zij deze groene omgeving voor de Samo\u00ebns om meer dan 5.000 planten en bloemen uit de berggebieden van de vijf continenten te kunnen aanschouwen. Deze unieke tuin in de Haute-Savoie wordt doorkruist door een bergbeekje en zijn waterval en brengt een groene en frisse hoek in het historische centrum van Samo\u00ebns. De botanische dagen konden geen betere plaats vinden om gehouden te worden. Het hele weekend kunt u ronddwalen en de ru\u00efne van het Ch\u00e2teau de la Tornalta ontdekken, in het hart van de tuin, en zijn 18e-eeuwse kapel, een essentieel onderdeel van een wandeling in deze oase van rust.[\/vc_column_text][\/vc_column][\/vc_row][vc_row][vc_column][vc_column_text]<\/p>\n<h2>Foire aux questions<\/h2>\n<p>[\/vc_column_text]<div class=\"blocqr\"><div class=\"question\" id=\"qr453q\" onclick=\"openqr('qr453');\"><span>Waar ligt de Ja\u00ffsinia tuin? Hoe kom je daar?<\/span><i class=\"fas fa-chevron-down\"><\/i><\/div><div class=\"reponse\" id=\"qr453\">De tuin van Ja\u00ffsinia kijkt uit over het centrum van het historische dorp, op een steenworp afstand van het Place du Gros Tilleul. De toegang tot de tuin is naast het Ja\u00ffsinia huis, op 30 rue du Parc, 74340 Samo\u00ebns. Voor meer informatie kunt u contact opnemen met de tuin op 04.50.34.49.86. Het is belangrijk op te merken dat er brede maar steile paden zijn naar de top van de tuin.<\/div><\/div><script>function openqr(div){\n                    if($(\"#\"+div+\"q\").hasClass(\"opened\")){\n                    $(\"#\"+div+\"\").toggle(\"fast\");\n                    $(\"#\"+div+\"q\").removeClass(\"opened\");\n                    }\n                    else{\n                        $(\"#\"+div+\"\").toggle(\"fast\");\n                        $(\"#\"+div+\"q\").addClass(\"opened\");\n                    }\n                }<\/script><div class=\"blocqr\"><div class=\"question\" id=\"qr988q\" onclick=\"openqr('qr988');\"><span>Voor wie zijn de workshops bedoeld?<\/span><i class=\"fas fa-chevron-down\"><\/i><\/div><div class=\"reponse\" id=\"qr988\">De workshops zijn voor iedereen! Zowel kinderen als volwassenen, nieuwsgierigen, gepassioneerden en professionals vinden hier een workshop of activiteit naar hun gading. Voor ervaren of beginnende tuiniers die hun tuin willen onderhouden, nieuwe planten willen vinden en nieuwe technieken willen ontdekken, zal de botanische markt u tevreden stellen.<\/div><\/div><script>function openqr(div){\n                    if($(\"#\"+div+\"q\").hasClass(\"opened\")){\n                    $(\"#\"+div+\"\").toggle(\"fast\");\n                    $(\"#\"+div+\"q\").removeClass(\"opened\");\n                    }\n                    else{\n                        $(\"#\"+div+\"\").toggle(\"fast\");\n                        $(\"#\"+div+\"q\").addClass(\"opened\");\n                    }\n                }<\/script><div class=\"blocqr\"><div class=\"question\" id=\"qr820q\" onclick=\"openqr('qr820');\"><span>Zijn de botanische dagen alleen in de Ja\u00ffsinia tuin?<\/span><i class=\"fas fa-chevron-down\"><\/i><\/div><div class=\"reponse\" id=\"qr820\">In de tuin van Ja\u00ffsinia worden tal van activiteiten, ontmoetingen, speurtochten en bezoeken georganiseerd, maar dit weekend is ook bedoeld om u de natuur in haar geheel te laten ontdekken. U kunt dus op de place du Gros Tilleul animaties en wandelingen vinden die u over de Haut-Savoyard paden op de hoogten van Samo\u00ebns zullen leiden. De botanische dagen zijn ook het moment om rond te wandelen in het dorpscentrum, dat voor de gelegenheid versierd is met bloemen volgens een thema dat elk jaar verandert.<\/div><\/div><script>function openqr(div){\n                    if($(\"#\"+div+\"q\").hasClass(\"opened\")){\n                    $(\"#\"+div+\"\").toggle(\"fast\");\n                    $(\"#\"+div+\"q\").removeClass(\"opened\");\n                    }\n                    else{\n                        $(\"#\"+div+\"\").toggle(\"fast\");\n                        $(\"#\"+div+\"q\").addClass(\"opened\");\n                    }\n                }<\/script><div class=\"blocqr\"><div class=\"question\" id=\"qr74q\" onclick=\"openqr('qr74');\"><span>Waar vindt u nuttige informatie en details over het programma van het weekend?<\/span><i class=\"fas fa-chevron-down\"><\/i><\/div><div class=\"reponse\" id=\"qr74\">Alle nuttige informatie en details over het programma van het weekend vindt u op de website van het toeristenbureau. In Samo\u00ebns kunt u terecht in onze kantoren, dagelijks geopend van 9.00 tot 12.00 uur en van 14.30 tot 18.30 uur (66 Place de l&#8217;Office de Tourisme, 74340 SAMO\u00cbNS) voor alle nodige informatie. U kunt ons ook bereiken op 04.50.34.40.28 of op infos@samoens.com.<\/div><\/div><script>function openqr(div){\n                    if($(\"#\"+div+\"q\").hasClass(\"opened\")){\n                    $(\"#\"+div+\"\").toggle(\"fast\");\n                    $(\"#\"+div+\"q\").removeClass(\"opened\");\n                    }\n                    else{\n                        $(\"#\"+div+\"\").toggle(\"fast\");\n                        $(\"#\"+div+\"q\").addClass(\"opened\");\n                    }\n                }<\/script>[\/vc_column][\/vc_row][vc_row][vc_column]<section class=\"presta_elem row\"><div class=\"col-sm-6 imgpresta\" style=\"background-image:url();\"><\/div><div class=\"col-sm-6 infospresta\"><div class=\"surtitre\"><\/div><div class=\"titre\"><a href=\"\" class=\"titrelien\"><\/a><\/div><div class=\"blocadresse\"><img decoding=\"async\" class=\"marker\" src=\"\/wp-content\/themes\/samoens\/img\/marker-white.svg\"><div class=\"adresse\"><br> <\/div><\/div><div class=\"contacts\"><\/div><\/div><\/section>[\/vc_column][\/vc_row]<\/p>\n<\/div>","protected":false},"excerpt":{"rendered":"<p>[vc_row][vc_column][vc_column_text] Plantkunde in de kijker in Samo\u00ebns [\/vc_column_text][vc_column_text] Een weekend lang wordt de tuin van Samo\u00ebns omgetoverd tot een waar openluchtparadijs voor alle liefhebbers van botanica. De botanische alpentuin van Ja\u00ffsinia ligt in het hart van de vallei van de Haut-Giffre en biedt een po\u00ebtische wandeling tussen de alpiene planten en bloemen van de vijf [&hellip;]<\/p>\n","protected":false},"author":2,"featured_media":529590,"comment_status":"closed","ping_status":"closed","sticky":false,"template":"","format":"standard","meta":{"_acf_changed":false,"footnotes":""},"categories":[5539],"tags":[],"class_list":["post-558200","post","type-post","status-publish","format-standard","hentry","category-decouverte-de-samoens-lete-nl"],"acf":[],"yoast_head":"<!-- This site is optimized with the Yoast SEO plugin v27.4 - https:\/\/yoast.com\/product\/yoast-seo-wordpress\/ -->\n<title>De botanische dagen van Samo\u00ebns, in het hart van de vallei van de Haut-Giffre<\/title>\n<meta name=\"description\" content=\"Gedurende \u00e9\u00e9n weekend wordt de tuin van Samo\u00ebns omgetoverd tot een waar openluchtparadijs voor alle liefhebbers van botanica. Ontdek de botanische dagen van Samo\u00ebns!\" \/>\n<meta name=\"robots\" content=\"index, follow, max-snippet:-1, max-image-preview:large, max-video-preview:-1\" \/>\n<link rel=\"canonical\" href=\"https:\/\/www.samoens.com\/nl\/de-botanische-dagen-van-samoan-in-het-hart-van-de-bovenklauwvallei\/\" \/>\n<meta property=\"og:locale\" content=\"nl_NL\" \/>\n<meta property=\"og:type\" content=\"article\" \/>\n<meta property=\"og:title\" content=\"De botanische dagen van Samo\u00ebns, in het hart van de vallei van de Haut-Giffre\" \/>\n<meta property=\"og:description\" content=\"Gedurende \u00e9\u00e9n weekend wordt de tuin van Samo\u00ebns omgetoverd tot een waar openluchtparadijs voor alle liefhebbers van botanica. Ontdek de botanische dagen van Samo\u00ebns!\" \/>\n<meta property=\"og:url\" content=\"https:\/\/www.samoens.com\/nl\/de-botanische-dagen-van-samoan-in-het-hart-van-de-bovenklauwvallei\/\" \/>\n<meta property=\"og:site_name\" content=\"Samo\u00ebns, station de ski et village authentique en Haute-Savoie\" \/>\n<meta property=\"article:published_time\" content=\"2023-03-12T13:50:25+00:00\" \/>\n<meta property=\"article:modified_time\" content=\"2024-07-26T14:37:55+00:00\" \/>\n<meta property=\"og:image\" content=\"https:\/\/www.samoens.com\/wp-content\/uploads\/2021\/04\/D384066.jpg\" \/>\n\t<meta property=\"og:image:width\" content=\"800\" \/>\n\t<meta property=\"og:image:height\" content=\"532\" \/>\n\t<meta property=\"og:image:type\" content=\"image\/jpeg\" \/>\n<meta name=\"author\" content=\"Isabelle\" \/>\n<meta name=\"twitter:card\" content=\"summary_large_image\" \/>\n<meta name=\"twitter:label1\" content=\"Geschreven door\" \/>\n\t<meta name=\"twitter:data1\" content=\"Isabelle\" \/>\n\t<meta name=\"twitter:label2\" content=\"Geschatte leestijd\" \/>\n\t<meta name=\"twitter:data2\" content=\"5 minuten\" \/>\n<script type=\"application\/ld+json\" class=\"yoast-schema-graph\">{\"@context\":\"https:\\\/\\\/schema.org\",\"@graph\":[{\"@type\":\"Article\",\"@id\":\"https:\\\/\\\/www.samoens.com\\\/nl\\\/de-botanische-dagen-van-samoan-in-het-hart-van-de-bovenklauwvallei\\\/#article\",\"isPartOf\":{\"@id\":\"https:\\\/\\\/www.samoens.com\\\/nl\\\/de-botanische-dagen-van-samoan-in-het-hart-van-de-bovenklauwvallei\\\/\"},\"author\":{\"name\":\"Isabelle\",\"@id\":\"https:\\\/\\\/www.samoens.com\\\/#\\\/schema\\\/person\\\/9f84694e97a9b976109162d9d96dc2f2\"},\"headline\":\"De botanische dagen van Samo\u00ebns, in het hart van de vallei van de Haut-Giffre\",\"datePublished\":\"2023-03-12T13:50:25+00:00\",\"dateModified\":\"2024-07-26T14:37:55+00:00\",\"mainEntityOfPage\":{\"@id\":\"https:\\\/\\\/www.samoens.com\\\/nl\\\/de-botanische-dagen-van-samoan-in-het-hart-van-de-bovenklauwvallei\\\/\"},\"wordCount\":1149,\"image\":{\"@id\":\"https:\\\/\\\/www.samoens.com\\\/nl\\\/de-botanische-dagen-van-samoan-in-het-hart-van-de-bovenklauwvallei\\\/#primaryimage\"},\"thumbnailUrl\":\"https:\\\/\\\/www.samoens.com\\\/wp-content\\\/uploads\\\/2021\\\/04\\\/D384066.jpg\",\"articleSection\":[\"Ontdek Samo\u00ebns in de zomer\"],\"inLanguage\":\"nl-NL\"},{\"@type\":\"WebPage\",\"@id\":\"https:\\\/\\\/www.samoens.com\\\/nl\\\/de-botanische-dagen-van-samoan-in-het-hart-van-de-bovenklauwvallei\\\/\",\"url\":\"https:\\\/\\\/www.samoens.com\\\/nl\\\/de-botanische-dagen-van-samoan-in-het-hart-van-de-bovenklauwvallei\\\/\",\"name\":\"De botanische dagen van Samo\u00ebns, in het hart van de vallei van de Haut-Giffre\",\"isPartOf\":{\"@id\":\"https:\\\/\\\/www.samoens.com\\\/#website\"},\"primaryImageOfPage\":{\"@id\":\"https:\\\/\\\/www.samoens.com\\\/nl\\\/de-botanische-dagen-van-samoan-in-het-hart-van-de-bovenklauwvallei\\\/#primaryimage\"},\"image\":{\"@id\":\"https:\\\/\\\/www.samoens.com\\\/nl\\\/de-botanische-dagen-van-samoan-in-het-hart-van-de-bovenklauwvallei\\\/#primaryimage\"},\"thumbnailUrl\":\"https:\\\/\\\/www.samoens.com\\\/wp-content\\\/uploads\\\/2021\\\/04\\\/D384066.jpg\",\"datePublished\":\"2023-03-12T13:50:25+00:00\",\"dateModified\":\"2024-07-26T14:37:55+00:00\",\"author\":{\"@id\":\"https:\\\/\\\/www.samoens.com\\\/#\\\/schema\\\/person\\\/9f84694e97a9b976109162d9d96dc2f2\"},\"description\":\"Gedurende \u00e9\u00e9n weekend wordt de tuin van Samo\u00ebns omgetoverd tot een waar openluchtparadijs voor alle liefhebbers van botanica. Ontdek de botanische dagen van Samo\u00ebns!\",\"breadcrumb\":{\"@id\":\"https:\\\/\\\/www.samoens.com\\\/nl\\\/de-botanische-dagen-van-samoan-in-het-hart-van-de-bovenklauwvallei\\\/#breadcrumb\"},\"inLanguage\":\"nl-NL\",\"potentialAction\":[{\"@type\":\"ReadAction\",\"target\":[\"https:\\\/\\\/www.samoens.com\\\/nl\\\/de-botanische-dagen-van-samoan-in-het-hart-van-de-bovenklauwvallei\\\/\"]}]},{\"@type\":\"ImageObject\",\"inLanguage\":\"nl-NL\",\"@id\":\"https:\\\/\\\/www.samoens.com\\\/nl\\\/de-botanische-dagen-van-samoan-in-het-hart-van-de-bovenklauwvallei\\\/#primaryimage\",\"url\":\"https:\\\/\\\/www.samoens.com\\\/wp-content\\\/uploads\\\/2021\\\/04\\\/D384066.jpg\",\"contentUrl\":\"https:\\\/\\\/www.samoens.com\\\/wp-content\\\/uploads\\\/2021\\\/04\\\/D384066.jpg\",\"width\":800,\"height\":532,\"caption\":\"Sam\u00f6ens \u00a9 Brigitte &amp; Philippe Perdereau\"},{\"@type\":\"BreadcrumbList\",\"@id\":\"https:\\\/\\\/www.samoens.com\\\/nl\\\/de-botanische-dagen-van-samoan-in-het-hart-van-de-bovenklauwvallei\\\/#breadcrumb\",\"itemListElement\":[{\"@type\":\"ListItem\",\"position\":1,\"name\":\"Accueil\",\"item\":\"https:\\\/\\\/www.samoens.com\\\/nl\\\/\"},{\"@type\":\"ListItem\",\"position\":2,\"name\":\"Ontdek Samo\u00ebns in de zomer\",\"item\":\"https:\\\/\\\/www.samoens.com\\\/nl\\\/category\\\/decouverte-de-samoens-lete-nl\\\/\"},{\"@type\":\"ListItem\",\"position\":3,\"name\":\"De botanische dagen van Samo\u00ebns, in het hart van de vallei van de Haut-Giffre\"}]},{\"@type\":\"WebSite\",\"@id\":\"https:\\\/\\\/www.samoens.com\\\/#website\",\"url\":\"https:\\\/\\\/www.samoens.com\\\/\",\"name\":\"Samo\u00ebns, station de ski et village authentique en Haute-Savoie\",\"description\":\"Nich\u00e9e au coeur du domaine skiable du Grand Massif et \u00e0 moins d&#039;1h de Gen\u00e8ve, Samo\u00ebns rendra vos vacances inoubliables en \u00e9t\u00e9 comme en hiver\",\"potentialAction\":[{\"@type\":\"SearchAction\",\"target\":{\"@type\":\"EntryPoint\",\"urlTemplate\":\"https:\\\/\\\/www.samoens.com\\\/?s={search_term_string}\"},\"query-input\":{\"@type\":\"PropertyValueSpecification\",\"valueRequired\":true,\"valueName\":\"search_term_string\"}}],\"inLanguage\":\"nl-NL\"},{\"@type\":\"Person\",\"@id\":\"https:\\\/\\\/www.samoens.com\\\/#\\\/schema\\\/person\\\/9f84694e97a9b976109162d9d96dc2f2\",\"name\":\"Isabelle\",\"image\":{\"@type\":\"ImageObject\",\"inLanguage\":\"nl-NL\",\"@id\":\"https:\\\/\\\/secure.gravatar.com\\\/avatar\\\/13973acc16a6871b2e7a2b758c75fd8b7c5f0835b5f5b665a2a81454820bba2f?s=96&d=mm&r=g\",\"url\":\"https:\\\/\\\/secure.gravatar.com\\\/avatar\\\/13973acc16a6871b2e7a2b758c75fd8b7c5f0835b5f5b665a2a81454820bba2f?s=96&d=mm&r=g\",\"contentUrl\":\"https:\\\/\\\/secure.gravatar.com\\\/avatar\\\/13973acc16a6871b2e7a2b758c75fd8b7c5f0835b5f5b665a2a81454820bba2f?s=96&d=mm&r=g\",\"caption\":\"Isabelle\"}}]}<\/script>\n<!-- \/ Yoast SEO plugin. -->","yoast_head_json":{"title":"De botanische dagen van Samo\u00ebns, in het hart van de vallei van de Haut-Giffre","description":"Gedurende \u00e9\u00e9n weekend wordt de tuin van Samo\u00ebns omgetoverd tot een waar openluchtparadijs voor alle liefhebbers van botanica. Ontdek de botanische dagen van Samo\u00ebns!","robots":{"index":"index","follow":"follow","max-snippet":"max-snippet:-1","max-image-preview":"max-image-preview:large","max-video-preview":"max-video-preview:-1"},"canonical":"https:\/\/www.samoens.com\/nl\/de-botanische-dagen-van-samoan-in-het-hart-van-de-bovenklauwvallei\/","og_locale":"nl_NL","og_type":"article","og_title":"De botanische dagen van Samo\u00ebns, in het hart van de vallei van de Haut-Giffre","og_description":"Gedurende \u00e9\u00e9n weekend wordt de tuin van Samo\u00ebns omgetoverd tot een waar openluchtparadijs voor alle liefhebbers van botanica. Ontdek de botanische dagen van Samo\u00ebns!","og_url":"https:\/\/www.samoens.com\/nl\/de-botanische-dagen-van-samoan-in-het-hart-van-de-bovenklauwvallei\/","og_site_name":"Samo\u00ebns, station de ski et village authentique en Haute-Savoie","article_published_time":"2023-03-12T13:50:25+00:00","article_modified_time":"2024-07-26T14:37:55+00:00","og_image":[{"width":800,"height":532,"url":"https:\/\/www.samoens.com\/wp-content\/uploads\/2021\/04\/D384066.jpg","type":"image\/jpeg"}],"author":"Isabelle","twitter_card":"summary_large_image","twitter_misc":{"Geschreven door":"Isabelle","Geschatte leestijd":"5 minuten"},"schema":{"@context":"https:\/\/schema.org","@graph":[{"@type":"Article","@id":"https:\/\/www.samoens.com\/nl\/de-botanische-dagen-van-samoan-in-het-hart-van-de-bovenklauwvallei\/#article","isPartOf":{"@id":"https:\/\/www.samoens.com\/nl\/de-botanische-dagen-van-samoan-in-het-hart-van-de-bovenklauwvallei\/"},"author":{"name":"Isabelle","@id":"https:\/\/www.samoens.com\/#\/schema\/person\/9f84694e97a9b976109162d9d96dc2f2"},"headline":"De botanische dagen van Samo\u00ebns, in het hart van de vallei van de Haut-Giffre","datePublished":"2023-03-12T13:50:25+00:00","dateModified":"2024-07-26T14:37:55+00:00","mainEntityOfPage":{"@id":"https:\/\/www.samoens.com\/nl\/de-botanische-dagen-van-samoan-in-het-hart-van-de-bovenklauwvallei\/"},"wordCount":1149,"image":{"@id":"https:\/\/www.samoens.com\/nl\/de-botanische-dagen-van-samoan-in-het-hart-van-de-bovenklauwvallei\/#primaryimage"},"thumbnailUrl":"https:\/\/www.samoens.com\/wp-content\/uploads\/2021\/04\/D384066.jpg","articleSection":["Ontdek Samo\u00ebns in de zomer"],"inLanguage":"nl-NL"},{"@type":"WebPage","@id":"https:\/\/www.samoens.com\/nl\/de-botanische-dagen-van-samoan-in-het-hart-van-de-bovenklauwvallei\/","url":"https:\/\/www.samoens.com\/nl\/de-botanische-dagen-van-samoan-in-het-hart-van-de-bovenklauwvallei\/","name":"De botanische dagen van Samo\u00ebns, in het hart van de vallei van de Haut-Giffre","isPartOf":{"@id":"https:\/\/www.samoens.com\/#website"},"primaryImageOfPage":{"@id":"https:\/\/www.samoens.com\/nl\/de-botanische-dagen-van-samoan-in-het-hart-van-de-bovenklauwvallei\/#primaryimage"},"image":{"@id":"https:\/\/www.samoens.com\/nl\/de-botanische-dagen-van-samoan-in-het-hart-van-de-bovenklauwvallei\/#primaryimage"},"thumbnailUrl":"https:\/\/www.samoens.com\/wp-content\/uploads\/2021\/04\/D384066.jpg","datePublished":"2023-03-12T13:50:25+00:00","dateModified":"2024-07-26T14:37:55+00:00","author":{"@id":"https:\/\/www.samoens.com\/#\/schema\/person\/9f84694e97a9b976109162d9d96dc2f2"},"description":"Gedurende \u00e9\u00e9n weekend wordt de tuin van Samo\u00ebns omgetoverd tot een waar openluchtparadijs voor alle liefhebbers van botanica. Ontdek de botanische dagen van Samo\u00ebns!","breadcrumb":{"@id":"https:\/\/www.samoens.com\/nl\/de-botanische-dagen-van-samoan-in-het-hart-van-de-bovenklauwvallei\/#breadcrumb"},"inLanguage":"nl-NL","potentialAction":[{"@type":"ReadAction","target":["https:\/\/www.samoens.com\/nl\/de-botanische-dagen-van-samoan-in-het-hart-van-de-bovenklauwvallei\/"]}]},{"@type":"ImageObject","inLanguage":"nl-NL","@id":"https:\/\/www.samoens.com\/nl\/de-botanische-dagen-van-samoan-in-het-hart-van-de-bovenklauwvallei\/#primaryimage","url":"https:\/\/www.samoens.com\/wp-content\/uploads\/2021\/04\/D384066.jpg","contentUrl":"https:\/\/www.samoens.com\/wp-content\/uploads\/2021\/04\/D384066.jpg","width":800,"height":532,"caption":"Sam\u00f6ens \u00a9 Brigitte &amp; Philippe Perdereau"},{"@type":"BreadcrumbList","@id":"https:\/\/www.samoens.com\/nl\/de-botanische-dagen-van-samoan-in-het-hart-van-de-bovenklauwvallei\/#breadcrumb","itemListElement":[{"@type":"ListItem","position":1,"name":"Accueil","item":"https:\/\/www.samoens.com\/nl\/"},{"@type":"ListItem","position":2,"name":"Ontdek Samo\u00ebns in de zomer","item":"https:\/\/www.samoens.com\/nl\/category\/decouverte-de-samoens-lete-nl\/"},{"@type":"ListItem","position":3,"name":"De botanische dagen van Samo\u00ebns, in het hart van de vallei van de Haut-Giffre"}]},{"@type":"WebSite","@id":"https:\/\/www.samoens.com\/#website","url":"https:\/\/www.samoens.com\/","name":"Samo\u00ebns, station de ski et village authentique en Haute-Savoie","description":"Nich\u00e9e au coeur du domaine skiable du Grand Massif et \u00e0 moins d&#039;1h de Gen\u00e8ve, Samo\u00ebns rendra vos vacances inoubliables en \u00e9t\u00e9 comme en hiver","potentialAction":[{"@type":"SearchAction","target":{"@type":"EntryPoint","urlTemplate":"https:\/\/www.samoens.com\/?s={search_term_string}"},"query-input":{"@type":"PropertyValueSpecification","valueRequired":true,"valueName":"search_term_string"}}],"inLanguage":"nl-NL"},{"@type":"Person","@id":"https:\/\/www.samoens.com\/#\/schema\/person\/9f84694e97a9b976109162d9d96dc2f2","name":"Isabelle","image":{"@type":"ImageObject","inLanguage":"nl-NL","@id":"https:\/\/secure.gravatar.com\/avatar\/13973acc16a6871b2e7a2b758c75fd8b7c5f0835b5f5b665a2a81454820bba2f?s=96&d=mm&r=g","url":"https:\/\/secure.gravatar.com\/avatar\/13973acc16a6871b2e7a2b758c75fd8b7c5f0835b5f5b665a2a81454820bba2f?s=96&d=mm&r=g","contentUrl":"https:\/\/secure.gravatar.com\/avatar\/13973acc16a6871b2e7a2b758c75fd8b7c5f0835b5f5b665a2a81454820bba2f?s=96&d=mm&r=g","caption":"Isabelle"}}]}},"_links":{"self":[{"href":"https:\/\/www.samoens.com\/nl\/wp-json\/wp\/v2\/posts\/558200","targetHints":{"allow":["GET"]}}],"collection":[{"href":"https:\/\/www.samoens.com\/nl\/wp-json\/wp\/v2\/posts"}],"about":[{"href":"https:\/\/www.samoens.com\/nl\/wp-json\/wp\/v2\/types\/post"}],"author":[{"embeddable":true,"href":"https:\/\/www.samoens.com\/nl\/wp-json\/wp\/v2\/users\/2"}],"replies":[{"embeddable":true,"href":"https:\/\/www.samoens.com\/nl\/wp-json\/wp\/v2\/comments?post=558200"}],"version-history":[{"count":2,"href":"https:\/\/www.samoens.com\/nl\/wp-json\/wp\/v2\/posts\/558200\/revisions"}],"predecessor-version":[{"id":590626,"href":"https:\/\/www.samoens.com\/nl\/wp-json\/wp\/v2\/posts\/558200\/revisions\/590626"}],"wp:featuredmedia":[{"embeddable":true,"href":"https:\/\/www.samoens.com\/nl\/wp-json\/wp\/v2\/media\/529590"}],"wp:attachment":[{"href":"https:\/\/www.samoens.com\/nl\/wp-json\/wp\/v2\/media?parent=558200"}],"wp:term":[{"taxonomy":"category","embeddable":true,"href":"https:\/\/www.samoens.com\/nl\/wp-json\/wp\/v2\/categories?post=558200"},{"taxonomy":"post_tag","embeddable":true,"href":"https:\/\/www.samoens.com\/nl\/wp-json\/wp\/v2\/tags?post=558200"}],"curies":[{"name":"wp","href":"https:\/\/api.w.org\/{rel}","templated":true}]}}