{"id":530063,"date":"2026-04-06T15:00:31","date_gmt":"2026-04-06T13:00:31","guid":{"rendered":"https:\/\/www.samoens.com\/?p=530063"},"modified":"2026-04-06T15:11:18","modified_gmt":"2026-04-06T13:11:18","slug":"alles-wat-je-moet-weten-over-fietsen-in-de-giffre-vallei-en-het-grand-massif","status":"publish","type":"post","link":"https:\/\/www.samoens.com\/nl\/alles-wat-je-moet-weten-over-fietsen-in-de-giffre-vallei-en-het-grand-massif\/","title":{"rendered":"Alles wat je moet weten over fietsen in de Giffre Vallei en het Grand Massif"},"content":{"rendered":"<div class=\"wpb-content-wrapper\"><p>[vc_row][vc_column][vc_column_text]<\/p>\n<h2 class=\"p1 chapeau\">Samo\u00ebns <span id=\"s2_1\">en de Giffre Vallei bieden een ideale omgeving om in al zijn vormen te fietsen.<\/span>\u00a0<span id=\"s2_2\">Dankzij de diversiteit van het terrein zal klein en groot deze zomer in staat zijn om de grote ruimtes te verkennen dankzij deze manier van locomotie van de meest speelse.<\/span>\u00a0<span id=\"s2_3\">Tussen het rijden op de weg, mountainbiken, downhill biking en elektrisch fietsen zijn alle middelen goed om een goede tijd door te brengen met familie of vrienden en om vol te gaan met ontdekkingen.<\/span>\u00a0<span id=\"s2_4\">Het pluspunt?<\/span>\u00a0<span id=\"s2_5\">Samo\u00ebns heeft het fietslabel dat garant staat voor een hoge kwaliteit van diensten en routes.<\/span><\/h2>\n<p>[\/vc_column_text][\/vc_column][\/vc_row][vc_row][vc_column width=&#8221;2\/3&#8243;][vc_column_text]<\/p>\n<h2 class=\"p1\">De fiets van Route<\/h2>\n<p>[\/vc_column_text][vc_column_text]<\/p>\n<h4 class=\"p1\"><b>Een mythische pas<\/b><\/h4>\n<p class=\"p1\"><span id=\"s2_1\">Veel routes zijn mogelijk met de fiets vanuit Samo\u00ebns.<\/span>\u00a0<span id=\"s2_2\">De route van de beroemde Col de Joux Plane (pas buiten categorie) begint vanuit het centrum van het dorp.<\/span>\u00a0<span id=\"s2_3\">Deze klim, vele malen beklommen door de renners van de Tour de France, biedt formidabele percentages die fietsers zullen aanspreken die op zoek zijn naar een hoogteverschil.<\/span>\u00a0<span id=\"s2_4\">Het adembenemende uitzicht op de Mont-Blanc op de top van deze pas is een paar druppels zweet waard.<\/span><\/p>\n<h4 class=\"p1\"><b>Enkele exotische wandelingen<\/b><\/h4>\n<p class=\"p1\"><span id=\"s2_1\">Er zijn ook eenvoudigere routes beschikbaar.<\/span>\u00a0<span id=\"s2_2\">Met de Horseshoe loop kun je jezelf volledig onderdompelen in het hart van de bergen terwijl je betaalbaar blijft voor het hele gezin.<\/span>\u00a0<span id=\"s2_3\">Een perfecte setting voor een rustig moment.<\/span>\u00a0<span id=\"s2_4\">U kunt de prachtige kloven van de tanden ontdekken, of de waterval van Rouget voor een verfrissende rit.<\/span><\/p>\n<p>[\/vc_column_text][\/vc_column][vc_column width=&#8221;1\/3&#8243;][vc_empty_space height=&#8221;18px&#8221;][vc_single_image image=&#8221;2271&#8243; img_size=&#8221;300&#215;300&#8243;][vc_column_text css=&#8221;&#8221;]<\/p>\n<p class=\"p1\"><span style=\"color: #eb4747;\"><a style=\"color: #eb4747;\" href=\"https:\/\/www.samoens.com\/nl\/fietsen-over-de-joux-plane-pas\/\"><b>De route van de Col de Joux Plane<\/b><\/a><\/span><\/p>\n<p class=\"p1\"><span style=\"color: #eb4747;\"><strong><a style=\"color: #eb4747;\" href=\"https:\/\/www.samoens.com\/nl\/samoens-sixt-fer-a-cheval-op-de-fiets\/\" target=\"_blank\" rel=\"noopener\">De Road Bike for Fer \u00e0 Cheval<\/a><\/strong><\/span><\/p>\n<p class=\"p1\">Om fietsen te huren in Samo\u00ebns, is het <span style=\"color: #eb4747;\"><a style=\"color: #eb4747;\" href=\"https:\/\/www.samoens.com\/nl\/zomeractiviteiten\/2-wielen\/racefiets\/racefiets-verhuur\/\" target=\"_blank\" rel=\"noopener\"><strong>hier<\/strong><\/a>!<\/span><\/p>\n<p class=\"p1\"><span style=\"color: #eb4747;\"><a style=\"color: #eb4747;\" href=\"https:\/\/www.samoens.com\/nl\/zomeractiviteiten\/2-wielen\/racefiets\/racefiets-verhuur\/\" target=\"_blank\" rel=\"noopener\"><strong>Voor begeleide wandelingen<\/strong><\/a><\/span><\/p>\n<p>[\/vc_column_text][\/vc_column][\/vc_row][vc_row][vc_column][vc_zigzag][\/vc_column][\/vc_row][vc_row][vc_column width=&#8221;1\/3&#8243;][vc_empty_space height=&#8221;18px&#8221;][vc_single_image image=&#8221;2533&#8243; img_size=&#8221;300&#215;330&#8243;][vc_column_text css=&#8221;&#8221;]<\/p>\n<p class=\"p1\">Vind de lijst van<span style=\"color: #eb4747;\"> <strong><a style=\"color: #eb4747;\" href=\"https:\/\/www.samoens.com\/nl\/wandelroutes\/\" target=\"_blank\" rel=\"noopener\">verschillende mountainbike routes<\/a><\/strong><\/span> in Samo\u00ebns<\/p>\n<p class=\"p1\"><span style=\"color: #eb4747;\"><a style=\"color: #eb4747;\" href=\"https:\/\/explore.samoens.com\/en\/cycle-routes\" target=\"_blank\" rel=\"noopener\"><strong>Kaart van de mountainbike routes<\/strong><\/a><\/span> in Samo\u00ebns<\/p>\n<p class=\"p1\"><span style=\"color: #eb4747;\"><a style=\"color: #eb4747;\" href=\"https:\/\/www.samoens.com\/nl\/zomeractiviteiten\/2-wielen\/atv\/mtb-verhuur-enduro\/\" target=\"_blank\" rel=\"noopener\"><b>MTB verhuur in Samo\u00ebns<\/b><\/a><\/span><\/p>\n<p class=\"p1\"><span style=\"color: #eb4747;\"><a style=\"color: #eb4747;\" href=\"https:\/\/www.samoens.com\/nl\/zomeractiviteiten\/2-wielen\/atv\/mtb-activiteiten\/\" target=\"_blank\" rel=\"noopener\"><strong>Begeleide wandelingen<\/strong><\/a> <\/span>in Samo\u00ebns<\/p>\n<p>[\/vc_column_text][\/vc_column][vc_column width=&#8221;2\/3&#8243;][vc_column_text]<\/p>\n<h2 class=\"p1\"><b>ATV<\/b><\/h2>\n<p>[\/vc_column_text][vc_column_text]<\/p>\n<h4 class=\"p1\"><b>De Giffre Valley, een oneindige speeltuin<\/b><\/h4>\n<p class=\"p1\"><span id=\"s2_1\">Met meer dan 400 km aan paden is Samo\u00ebns een paradijs voor mountainbikers.<\/span>\u00a0<span id=\"s2_2\">Jong of oud, beginners of ervaren, zullen allemaal hier een terrein vinden op hun gemak als de diversiteit is breed.<\/span>\u00a0<span id=\"s2_3\">Zodra de sneeuw plaats maakt voor groen, ga en ontdek deze bewaard gebleven omgeving in het hart van de Alpen, met de mountainbike en de kracht van uw kalveren!<\/span><\/p>\n<h4 class=\"p1\"><b>Getraceerde routes voor alle profielen<\/b><\/h4>\n<p class=\"p1\"><span id=\"s2_1\">De 51km aan land routes beschikbaar zal u in staat stellen om te genieten van een grote kom van de natuur in het hart van de bossen van de vallei, aan de oevers van de Giffre en aan de uitlopers van de bergen.<\/span>\u00a0<span id=\"s2_2\">Of u nu op zoek bent naar inhalen of rust, Samo\u00ebns en zijn vallei zijn de ideale plekken om te trappen.<\/span><\/p>\n<p><span id=\"s2_3\">Gidsen zullen je door de paden kunnen nemen om de geheimen van deze grote ruimtes te onthullen en je de mooiste gezichtspunten te laten ontdekken.<\/span><\/p>\n<p>[\/vc_column_text][\/vc_column][\/vc_row][vc_row][vc_column][vc_zigzag][\/vc_column][\/vc_row][vc_row][vc_column width=&#8221;2\/3&#8243;][vc_column_text]<\/p>\n<h2 class=\"p1\"><b>De afdalend fiets<\/b><\/h2>\n<p>[\/vc_column_text][vc_column_text]<\/p>\n<h4 class=\"p1\"><b>Veel paden om af te dalen<\/b><\/h4>\n<p class=\"p1\"><span id=\"s2_1\">Vanuit Samo\u00ebns zijn er 120 km aan enduro-routes voor alle niveaus beschikbaar dankzij de <a href=\"https:\/\/www.grand-massif.com\/votre-destination\/le-domaine-en-ete\/\"><strong>skiliften<\/strong><\/a> van het resort.<\/span>\u00a0<span id=\"s2_2\">U zult dus toegang hebben tot hoge toppen en de vallei in al zijn omvang kunnen verkennen.<\/span>\u00a0<span id=\"s2_3\">Laat u door de stoeltjesliften en de gondels vervoeren om de vele hellingen af te dalen.<\/span><\/p>\n<h4 class=\"p1\"><b>Cursussen voor vooruitgang<\/b><\/h4>\n<p class=\"p1\"><span id=\"s2_1\">Als je bang bent om downhill te fietsen en je niet comfortabel voelt, leer dan de sleutels van deze oefening van de Samoaanse instructeurs.<\/span>\u00a0<span id=\"s2_2\">Cursussen worden aangeboden voor alle niveaus en leeftijden om je betere afstammelingen te maken.<\/span>\u00a0<span id=\"s2_3\">Je wordt experts in enduro en je kunt beginnen op moeilijkere routes.<\/span>\u00a0<span id=\"s2_4\">Maak gebruik van de metgezellen om rustiger op de hellingen te gaan.<\/span>\u00a0<span id=\"s2_5\">Zij zullen u begeleiden en u geruststellen om maximaal plezier te hebben in uw stuur.<\/span><\/p>\n<h4 class=\"p1\">Een kick<\/h4>\n<p class=\"p1\"><span id=\"s2_1\">Snelheidsliefhebbers blijven niet achter in Samoens.<\/span> <span id=\"s2_2\">Sensatiezoekers kunnen zich verheugen op de 28 Freeride- en Single Track-tracks.<\/span> <span id=\"s2_3\">Spanning gegarandeerd!<\/span><\/p>\n<p>[\/vc_column_text][\/vc_column][vc_column width=&#8221;1\/3&#8243;][vc_empty_space height=&#8221;18px&#8221;][vc_single_image image=&#8221;2537&#8243; img_size=&#8221;300&#215;460&#8243;][vc_empty_space height=&#8221;18px&#8221;][vc_column_text css=&#8221;&#8221;]<\/p>\n<p class=\"p1\"><span style=\"color: #eb4747;\"><a style=\"color: #eb4747;\" href=\"https:\/\/www.samoens.com\/nl\/zomeractiviteiten\/2-wielen\/atv\/mtb-activiteiten\/\" target=\"_blank\" rel=\"noopener\"><strong>Downhill-fietspaden<\/strong><\/a> <\/span>in Samo\u00ebns<\/p>\n<p class=\"p1\">Link van <span style=\"color: #eb4747;\"><strong><a style=\"color: #eb4747;\" href=\"https:\/\/www.samoens.com\/nl\/zomeractiviteiten\/2-wielen\/atv\/mtb-activiteiten\/\" target=\"_blank\" rel=\"noopener\">begeleide wandelingen<\/a><\/strong><\/span><\/p>\n<p class=\"p1\"><span style=\"color: #eb4747;\"><strong><a style=\"color: #eb4747;\" href=\"https:\/\/www.samoens.com\/nl\/grand-massif-in-de-zomer\/#\" target=\"_blank\" rel=\"noopener\">Tijdschema van de skiliften<\/a><\/strong><\/span><\/p>\n<p class=\"p1\"><span style=\"color: #eb4747;\"><a style=\"color: #eb4747;\" href=\"https:\/\/www.samoens.com\/nl\/wandelroutes\/\" target=\"_blank\" rel=\"noopener\"><strong>Kaart van VTT routes<\/strong><\/a><\/span> van Samo\u00ebns<\/p>\n<p class=\"p1\"><span style=\"color: #eb4747;\"><a style=\"color: #eb4747;\" href=\"https:\/\/www.samoens.com\/nl\/zomeractiviteiten\/2-wielen\/atv\/mtb-verhuur-enduro\/\" target=\"_blank\" rel=\"noopener\"><b>Verhuur van mountainbikes<\/b><\/a><\/span><\/p>\n<p>[\/vc_column_text][\/vc_column][\/vc_row][vc_row][vc_column][vc_zigzag][\/vc_column][\/vc_row][vc_row][vc_column width=&#8221;1\/3&#8243;][vc_empty_space height=&#8221;18px&#8221;][vc_single_image image=&#8221;2267&#8243; img_size=&#8221;300&#215;260&#8243;][vc_column_text css=&#8221;&#8221;]<\/p>\n<p class=\"p1\"><span style=\"color: #eb4747;\"><a style=\"color: #eb4747;\" href=\"https:\/\/www.samoens.com\/nl\/zomeractiviteiten\/2-wielen\/vae\/vae-verhuur\/\" target=\"_blank\" rel=\"noopener\"><b>Elektrische Fietsverhuur<\/b><\/a><\/span><\/p>\n<p class=\"p1\"><span style=\"color: #eb4747;\"><a style=\"color: #eb4747;\" href=\"https:\/\/www.montagnesdugiffre.fr\/actualites\/vtt-electrique-les-premiers-itineraires-en-cours-damenagement\/\" target=\"_blank\" rel=\"noopener\"><b>Route voor elektrische fiets<\/b><\/a><\/span><\/p>\n<p>[\/vc_column_text][vc_single_image image=&#8221;2269&#8243; img_size=&#8221;300&#215;250&#8243;][\/vc_column][vc_column width=&#8221;2\/3&#8243;][vc_column_text]<\/p>\n<h2 class=\"p1\"><b>De elektrische bekrachtigde fiets<\/b><\/h2>\n<p>[\/vc_column_text][vc_column_text]<\/p>\n<h4 class=\"p1\"><b>Reis grote afstanden<\/b><\/h4>\n<p class=\"p1\"><span id=\"s2_1\">Om de Giffre vallei te ontdekken, van lang tot breed zonder grote moeite, bieden de partners van het resort Samo\u00ebns u aan om een fiets te huren met elektrische hulp.<\/span>\u00a0<span id=\"s2_2\">Het is de ideale manier om zowel het lokale erfgoed als de omliggende natuur te ontdekken.<\/span>\u00a0<span id=\"s2_3\">Dankzij de accu&#8217;s zullen deze fietsen je langere afstanden laten afleggen zonder jezelf te vermoeien.<\/span>\u00a0<span id=\"s2_4\">De verhuurbedrijven zullen u voorzien van technisch advies om optimaal gebruik te maken van uw elektrische hulp.<\/span><\/p>\n<h4 class=\"p1\"><b>4 nieuwe gemarkeerde routes zijn te vinden in de vallei voor deze zomer:<\/b><\/h4>\n<p class=\"p1\"><span style=\"font-size: 1em;\"><span id=\"s2_1\">A Een rood genaamd \u00abKapel Saint Grat\u00bb: 35 km voor 1100m van D+<\/span><\/span><\/p>\n<p><span id=\"s2_2\">B Blue\u00a0 genaamd \u00abLe Grand Bois\u00bb: 14 km voor 340m D+<\/span><\/p>\n<p><span id=\"s2_3\">C blauw \u00abkapellen van Samo\u00ebns\u00bb: 28 km en 750m D+<\/span><\/p>\n<p><span id=\"s2_4\">D blauw \u00abGorges des tines\u00bb: 19 km en 600m <\/span> D+<\/p>\n<p>[\/vc_column_text][\/vc_column][\/vc_row][vc_row][vc_column][vc_zigzag][\/vc_column][\/vc_row][vc_row][vc_column width=&#8221;2\/3&#8243;][vc_column_text]<\/p>\n<h2 class=\"p1\">Diensten rond de fiets<\/h2>\n<p>[\/vc_column_text][vc_column_text css=&#8221;&#8221;]<\/p>\n<h4 class=\"p1\">Huren<\/h4>\n<p class=\"p1\"><span id=\"s2_1\">Veel fietsverhuurbedrijven zijn aanwezig in Samo\u00ebns om u modellen aan te bieden die zijn aangepast aan alle disciplines.<\/span>\u00a0<span id=\"s2_2\">Op elk moment van de dag zijn ze er om aan uw behoeften te voldoen en u op zijn best te voorzien om uw fiets veilig te besturen.<\/span><\/p>\n<p><span id=\"s2_3\">Onze partners beantwoorden ook al uw vragen v\u00f3\u00f3r uw reizen voor een rit op twee wielen zoals u altijd van hebt gedroomd!<\/span><\/p>\n<h4 class=\"p1\"><b>Een uitzonderlijk welkom om te fietsen<\/b><\/h4>\n<p class=\"p1\"><span id=\"s2_1\">Fietsers genieten van een warm welkom in de Giffre-vallei.<\/span>\u00a0<span id=\"s2_2\">Informatie over routes, weer en moeilijkheden is zeer gemakkelijk te bereiken.<\/span>\u00a0<span id=\"s2_3\">Aangepaste diensten zijn beschikbaar in de gemarkeerde routes, zoals bagage transfer of fietsen wassen, maar ook transport of water en sanitaire punten.<\/span>\u00a0<span id=\"s2_4\">Sommige hotels hebben ook het label &#8216;bike home&#8217; en bieden speciale diensten aan om je in de beste omstandigheden te brengen om in het grootste comfort te trappen.<\/span>\u00a0<span id=\"s2_5\">Dit label garandeert dat u zich op minder dan 5 km van een fietspad bevindt.<\/span><\/p>\n<h4 class=\"p1\"><b>Mountainbike evenementen in Samo\u00ebns<\/b><\/h4>\n<p class=\"p1\">Samo\u00ebns is altijd al een groot aantal mountainbike-evenementen geweest. Sinds 1989 begon het trans&#8217;Grand Massif van Flaine naar Lac aux Dames. Dan hebben de VTTIcimes, de M\u00e9gavalanche en meer recent de Enduro Series, de Enduro World Series en de M\u00e9gawatt de geschiedenis van het mountainbiken in Samo\u00ebns gemarkeerd, tot het v\u00e9lo Vert Festival dat volgend jaar zal worden gepresenteerd.<\/p>\n<p>[\/vc_column_text][\/vc_column][vc_column width=&#8221;1\/3&#8243;][vc_empty_space height=&#8221;18px&#8221;][vc_single_image image=&#8221;67852&#8243; img_size=&#8221;300&#215;400&#8243;][vc_empty_space][vc_column_text css=&#8221;&#8221;]<\/p>\n<p class=\"p1\"><span style=\"color: #eb4747;\"><a style=\"color: #eb4747;\" href=\"https:\/\/www.samoens.com\/nl\/zomeractiviteiten\/2-wielen\/racefiets\/racefiets-verhuur\/\" target=\"_blank\" rel=\"noopener\"><b>Fietsverhuur<\/b><\/a><\/span><\/p>\n<p class=\"p1\"><span style=\"color: #eb4747;\"><a style=\"color: #eb4747;\" href=\"https:\/\/www.samoens.com\/nl\/zomeractiviteiten\/2-wielen\/atv\/mtb-verhuur-enduro\/\" target=\"_blank\" rel=\"noopener\"><b>ATV-verhuurL<\/b><\/a><\/span><\/p>\n<p class=\"p1\"><span style=\"color: #eb4747;\"><a style=\"color: #eb4747;\" href=\"https:\/\/www.samoens.com\/nl\/zomeractiviteiten\/2-wielen\/vae\/vae-verhuur\/\" target=\"_blank\" rel=\"noopener\"><b>Elektrische Fietsverhuur<\/b><\/a><\/span><\/p>\n<p><span style=\"color: #eb4747;\"><a style=\"color: #eb4747;\" href=\"https:\/\/www.samoens.com\/nl\/zomeractiviteiten\/2-wielen\/accueil-velo-label\/\" target=\"_blank\" rel=\"noopener\"><b>De fiets hosting partners<\/b><\/a><\/span>[\/vc_column_text][vc_empty_space][\/vc_column][\/vc_row][vc_row][vc_column][vc_separator][\/vc_column][\/vc_row]<\/p>\n<\/div>","protected":false},"excerpt":{"rendered":"<p>Samoens en de Giffre Vallei bieden een ideale omgeving om in al zijn vormen te fietsen. Dankzij de diversiteit van het terrein zal klein en groot deze zomer in staat zijn om de grote ruimtes te verkennen dankzij deze manier van locomotie van de meest speelse. Tussen het rijden op de weg, mountainbiken, downhill biking en elektrisch fietsen zijn alle middelen goed om een goede tijd door te brengen met familie of vrienden en om vol te gaan met ontdekkingen.<\/p>\n","protected":false},"author":2,"featured_media":67852,"comment_status":"closed","ping_status":"closed","sticky":false,"template":"","format":"standard","meta":{"_acf_changed":false,"footnotes":""},"categories":[5539],"tags":[],"class_list":["post-530063","post","type-post","status-publish","format-standard","hentry","category-decouverte-de-samoens-lete-nl"],"acf":[],"yoast_head":"<!-- This site is optimized with the Yoast SEO plugin v27.4 - https:\/\/yoast.com\/product\/yoast-seo-wordpress\/ -->\n<title>Alles wat je moet weten over fietsen in de Giffre Vallei en het Grand Massif<\/title>\n<meta name=\"robots\" content=\"index, follow, max-snippet:-1, max-image-preview:large, max-video-preview:-1\" \/>\n<link rel=\"canonical\" href=\"https:\/\/www.samoens.com\/nl\/alles-wat-je-moet-weten-over-fietsen-in-de-giffre-vallei-en-het-grand-massif\/\" \/>\n<meta property=\"og:locale\" content=\"nl_NL\" \/>\n<meta property=\"og:type\" content=\"article\" \/>\n<meta property=\"og:title\" content=\"Alles wat je moet weten over fietsen in de Giffre Vallei en het Grand Massif\" \/>\n<meta property=\"og:description\" content=\"Samoens en de Giffre Vallei bieden een ideale omgeving om in al zijn vormen te fietsen. Dankzij de diversiteit van het terrein zal klein en groot deze zomer in staat zijn om de grote ruimtes te verkennen dankzij deze manier van locomotie van de meest speelse. Tussen het rijden op de weg, mountainbiken, downhill biking en elektrisch fietsen zijn alle middelen goed om een goede tijd door te brengen met familie of vrienden en om vol te gaan met ontdekkingen.\" \/>\n<meta property=\"og:url\" content=\"https:\/\/www.samoens.com\/nl\/alles-wat-je-moet-weten-over-fietsen-in-de-giffre-vallei-en-het-grand-massif\/\" \/>\n<meta property=\"og:site_name\" content=\"Samo\u00ebns, station de ski et village authentique en Haute-Savoie\" \/>\n<meta property=\"article:published_time\" content=\"2026-04-06T13:00:31+00:00\" \/>\n<meta property=\"article:modified_time\" content=\"2026-04-06T13:11:18+00:00\" \/>\n<meta property=\"og:image\" content=\"https:\/\/www.samoens.com\/wp-content\/uploads\/2019\/10\/V\u00e9lo-\u00e0-Joux-Plane-@Christian-Martelet.jpg\" \/>\n\t<meta property=\"og:image:width\" content=\"3543\" \/>\n\t<meta property=\"og:image:height\" content=\"2365\" \/>\n\t<meta property=\"og:image:type\" content=\"image\/jpeg\" \/>\n<meta name=\"author\" content=\"Isabelle\" \/>\n<meta name=\"twitter:card\" content=\"summary_large_image\" \/>\n<meta name=\"twitter:label1\" content=\"Geschreven door\" \/>\n\t<meta name=\"twitter:data1\" content=\"Isabelle\" \/>\n\t<meta name=\"twitter:label2\" content=\"Geschatte leestijd\" \/>\n\t<meta name=\"twitter:data2\" content=\"6 minuten\" \/>\n<script type=\"application\/ld+json\" class=\"yoast-schema-graph\">{\"@context\":\"https:\\\/\\\/schema.org\",\"@graph\":[{\"@type\":\"Article\",\"@id\":\"https:\\\/\\\/www.samoens.com\\\/nl\\\/alles-wat-je-moet-weten-over-fietsen-in-de-giffre-vallei-en-het-grand-massif\\\/#article\",\"isPartOf\":{\"@id\":\"https:\\\/\\\/www.samoens.com\\\/nl\\\/alles-wat-je-moet-weten-over-fietsen-in-de-giffre-vallei-en-het-grand-massif\\\/\"},\"author\":{\"name\":\"Isabelle\",\"@id\":\"https:\\\/\\\/www.samoens.com\\\/#\\\/schema\\\/person\\\/9f84694e97a9b976109162d9d96dc2f2\"},\"headline\":\"Alles wat je moet weten over fietsen in de Giffre Vallei en het Grand Massif\",\"datePublished\":\"2026-04-06T13:00:31+00:00\",\"dateModified\":\"2026-04-06T13:11:18+00:00\",\"mainEntityOfPage\":{\"@id\":\"https:\\\/\\\/www.samoens.com\\\/nl\\\/alles-wat-je-moet-weten-over-fietsen-in-de-giffre-vallei-en-het-grand-massif\\\/\"},\"wordCount\":1347,\"image\":{\"@id\":\"https:\\\/\\\/www.samoens.com\\\/nl\\\/alles-wat-je-moet-weten-over-fietsen-in-de-giffre-vallei-en-het-grand-massif\\\/#primaryimage\"},\"thumbnailUrl\":\"https:\\\/\\\/www.samoens.com\\\/wp-content\\\/uploads\\\/2019\\\/10\\\/V\u00e9lo-\u00e0-Joux-Plane-@Christian-Martelet.jpg\",\"articleSection\":[\"Ontdek Samo\u00ebns in de zomer\"],\"inLanguage\":\"nl-NL\"},{\"@type\":\"WebPage\",\"@id\":\"https:\\\/\\\/www.samoens.com\\\/nl\\\/alles-wat-je-moet-weten-over-fietsen-in-de-giffre-vallei-en-het-grand-massif\\\/\",\"url\":\"https:\\\/\\\/www.samoens.com\\\/nl\\\/alles-wat-je-moet-weten-over-fietsen-in-de-giffre-vallei-en-het-grand-massif\\\/\",\"name\":\"Alles wat je moet weten over fietsen in de Giffre Vallei en het Grand Massif\",\"isPartOf\":{\"@id\":\"https:\\\/\\\/www.samoens.com\\\/#website\"},\"primaryImageOfPage\":{\"@id\":\"https:\\\/\\\/www.samoens.com\\\/nl\\\/alles-wat-je-moet-weten-over-fietsen-in-de-giffre-vallei-en-het-grand-massif\\\/#primaryimage\"},\"image\":{\"@id\":\"https:\\\/\\\/www.samoens.com\\\/nl\\\/alles-wat-je-moet-weten-over-fietsen-in-de-giffre-vallei-en-het-grand-massif\\\/#primaryimage\"},\"thumbnailUrl\":\"https:\\\/\\\/www.samoens.com\\\/wp-content\\\/uploads\\\/2019\\\/10\\\/V\u00e9lo-\u00e0-Joux-Plane-@Christian-Martelet.jpg\",\"datePublished\":\"2026-04-06T13:00:31+00:00\",\"dateModified\":\"2026-04-06T13:11:18+00:00\",\"author\":{\"@id\":\"https:\\\/\\\/www.samoens.com\\\/#\\\/schema\\\/person\\\/9f84694e97a9b976109162d9d96dc2f2\"},\"breadcrumb\":{\"@id\":\"https:\\\/\\\/www.samoens.com\\\/nl\\\/alles-wat-je-moet-weten-over-fietsen-in-de-giffre-vallei-en-het-grand-massif\\\/#breadcrumb\"},\"inLanguage\":\"nl-NL\",\"potentialAction\":[{\"@type\":\"ReadAction\",\"target\":[\"https:\\\/\\\/www.samoens.com\\\/nl\\\/alles-wat-je-moet-weten-over-fietsen-in-de-giffre-vallei-en-het-grand-massif\\\/\"]}]},{\"@type\":\"ImageObject\",\"inLanguage\":\"nl-NL\",\"@id\":\"https:\\\/\\\/www.samoens.com\\\/nl\\\/alles-wat-je-moet-weten-over-fietsen-in-de-giffre-vallei-en-het-grand-massif\\\/#primaryimage\",\"url\":\"https:\\\/\\\/www.samoens.com\\\/wp-content\\\/uploads\\\/2019\\\/10\\\/V\u00e9lo-\u00e0-Joux-Plane-@Christian-Martelet.jpg\",\"contentUrl\":\"https:\\\/\\\/www.samoens.com\\\/wp-content\\\/uploads\\\/2019\\\/10\\\/V\u00e9lo-\u00e0-Joux-Plane-@Christian-Martelet.jpg\",\"width\":3543,\"height\":2365},{\"@type\":\"BreadcrumbList\",\"@id\":\"https:\\\/\\\/www.samoens.com\\\/nl\\\/alles-wat-je-moet-weten-over-fietsen-in-de-giffre-vallei-en-het-grand-massif\\\/#breadcrumb\",\"itemListElement\":[{\"@type\":\"ListItem\",\"position\":1,\"name\":\"Accueil\",\"item\":\"https:\\\/\\\/www.samoens.com\\\/nl\\\/\"},{\"@type\":\"ListItem\",\"position\":2,\"name\":\"Ontdek Samo\u00ebns in de zomer\",\"item\":\"https:\\\/\\\/www.samoens.com\\\/nl\\\/category\\\/decouverte-de-samoens-lete-nl\\\/\"},{\"@type\":\"ListItem\",\"position\":3,\"name\":\"Alles wat je moet weten over fietsen in de Giffre Vallei en het Grand Massif\"}]},{\"@type\":\"WebSite\",\"@id\":\"https:\\\/\\\/www.samoens.com\\\/#website\",\"url\":\"https:\\\/\\\/www.samoens.com\\\/\",\"name\":\"Samo\u00ebns, station de ski et village authentique en Haute-Savoie\",\"description\":\"Nich\u00e9e au coeur du domaine skiable du Grand Massif et \u00e0 moins d&#039;1h de Gen\u00e8ve, Samo\u00ebns rendra vos vacances inoubliables en \u00e9t\u00e9 comme en hiver\",\"potentialAction\":[{\"@type\":\"SearchAction\",\"target\":{\"@type\":\"EntryPoint\",\"urlTemplate\":\"https:\\\/\\\/www.samoens.com\\\/?s={search_term_string}\"},\"query-input\":{\"@type\":\"PropertyValueSpecification\",\"valueRequired\":true,\"valueName\":\"search_term_string\"}}],\"inLanguage\":\"nl-NL\"},{\"@type\":\"Person\",\"@id\":\"https:\\\/\\\/www.samoens.com\\\/#\\\/schema\\\/person\\\/9f84694e97a9b976109162d9d96dc2f2\",\"name\":\"Isabelle\",\"image\":{\"@type\":\"ImageObject\",\"inLanguage\":\"nl-NL\",\"@id\":\"https:\\\/\\\/secure.gravatar.com\\\/avatar\\\/13973acc16a6871b2e7a2b758c75fd8b7c5f0835b5f5b665a2a81454820bba2f?s=96&d=mm&r=g\",\"url\":\"https:\\\/\\\/secure.gravatar.com\\\/avatar\\\/13973acc16a6871b2e7a2b758c75fd8b7c5f0835b5f5b665a2a81454820bba2f?s=96&d=mm&r=g\",\"contentUrl\":\"https:\\\/\\\/secure.gravatar.com\\\/avatar\\\/13973acc16a6871b2e7a2b758c75fd8b7c5f0835b5f5b665a2a81454820bba2f?s=96&d=mm&r=g\",\"caption\":\"Isabelle\"}}]}<\/script>\n<!-- \/ Yoast SEO plugin. -->","yoast_head_json":{"title":"Alles wat je moet weten over fietsen in de Giffre Vallei en het Grand Massif","robots":{"index":"index","follow":"follow","max-snippet":"max-snippet:-1","max-image-preview":"max-image-preview:large","max-video-preview":"max-video-preview:-1"},"canonical":"https:\/\/www.samoens.com\/nl\/alles-wat-je-moet-weten-over-fietsen-in-de-giffre-vallei-en-het-grand-massif\/","og_locale":"nl_NL","og_type":"article","og_title":"Alles wat je moet weten over fietsen in de Giffre Vallei en het Grand Massif","og_description":"Samoens en de Giffre Vallei bieden een ideale omgeving om in al zijn vormen te fietsen. Dankzij de diversiteit van het terrein zal klein en groot deze zomer in staat zijn om de grote ruimtes te verkennen dankzij deze manier van locomotie van de meest speelse. Tussen het rijden op de weg, mountainbiken, downhill biking en elektrisch fietsen zijn alle middelen goed om een goede tijd door te brengen met familie of vrienden en om vol te gaan met ontdekkingen.","og_url":"https:\/\/www.samoens.com\/nl\/alles-wat-je-moet-weten-over-fietsen-in-de-giffre-vallei-en-het-grand-massif\/","og_site_name":"Samo\u00ebns, station de ski et village authentique en Haute-Savoie","article_published_time":"2026-04-06T13:00:31+00:00","article_modified_time":"2026-04-06T13:11:18+00:00","og_image":[{"width":3543,"height":2365,"url":"https:\/\/www.samoens.com\/wp-content\/uploads\/2019\/10\/V\u00e9lo-\u00e0-Joux-Plane-@Christian-Martelet.jpg","type":"image\/jpeg"}],"author":"Isabelle","twitter_card":"summary_large_image","twitter_misc":{"Geschreven door":"Isabelle","Geschatte leestijd":"6 minuten"},"schema":{"@context":"https:\/\/schema.org","@graph":[{"@type":"Article","@id":"https:\/\/www.samoens.com\/nl\/alles-wat-je-moet-weten-over-fietsen-in-de-giffre-vallei-en-het-grand-massif\/#article","isPartOf":{"@id":"https:\/\/www.samoens.com\/nl\/alles-wat-je-moet-weten-over-fietsen-in-de-giffre-vallei-en-het-grand-massif\/"},"author":{"name":"Isabelle","@id":"https:\/\/www.samoens.com\/#\/schema\/person\/9f84694e97a9b976109162d9d96dc2f2"},"headline":"Alles wat je moet weten over fietsen in de Giffre Vallei en het Grand Massif","datePublished":"2026-04-06T13:00:31+00:00","dateModified":"2026-04-06T13:11:18+00:00","mainEntityOfPage":{"@id":"https:\/\/www.samoens.com\/nl\/alles-wat-je-moet-weten-over-fietsen-in-de-giffre-vallei-en-het-grand-massif\/"},"wordCount":1347,"image":{"@id":"https:\/\/www.samoens.com\/nl\/alles-wat-je-moet-weten-over-fietsen-in-de-giffre-vallei-en-het-grand-massif\/#primaryimage"},"thumbnailUrl":"https:\/\/www.samoens.com\/wp-content\/uploads\/2019\/10\/V\u00e9lo-\u00e0-Joux-Plane-@Christian-Martelet.jpg","articleSection":["Ontdek Samo\u00ebns in de zomer"],"inLanguage":"nl-NL"},{"@type":"WebPage","@id":"https:\/\/www.samoens.com\/nl\/alles-wat-je-moet-weten-over-fietsen-in-de-giffre-vallei-en-het-grand-massif\/","url":"https:\/\/www.samoens.com\/nl\/alles-wat-je-moet-weten-over-fietsen-in-de-giffre-vallei-en-het-grand-massif\/","name":"Alles wat je moet weten over fietsen in de Giffre Vallei en het Grand Massif","isPartOf":{"@id":"https:\/\/www.samoens.com\/#website"},"primaryImageOfPage":{"@id":"https:\/\/www.samoens.com\/nl\/alles-wat-je-moet-weten-over-fietsen-in-de-giffre-vallei-en-het-grand-massif\/#primaryimage"},"image":{"@id":"https:\/\/www.samoens.com\/nl\/alles-wat-je-moet-weten-over-fietsen-in-de-giffre-vallei-en-het-grand-massif\/#primaryimage"},"thumbnailUrl":"https:\/\/www.samoens.com\/wp-content\/uploads\/2019\/10\/V\u00e9lo-\u00e0-Joux-Plane-@Christian-Martelet.jpg","datePublished":"2026-04-06T13:00:31+00:00","dateModified":"2026-04-06T13:11:18+00:00","author":{"@id":"https:\/\/www.samoens.com\/#\/schema\/person\/9f84694e97a9b976109162d9d96dc2f2"},"breadcrumb":{"@id":"https:\/\/www.samoens.com\/nl\/alles-wat-je-moet-weten-over-fietsen-in-de-giffre-vallei-en-het-grand-massif\/#breadcrumb"},"inLanguage":"nl-NL","potentialAction":[{"@type":"ReadAction","target":["https:\/\/www.samoens.com\/nl\/alles-wat-je-moet-weten-over-fietsen-in-de-giffre-vallei-en-het-grand-massif\/"]}]},{"@type":"ImageObject","inLanguage":"nl-NL","@id":"https:\/\/www.samoens.com\/nl\/alles-wat-je-moet-weten-over-fietsen-in-de-giffre-vallei-en-het-grand-massif\/#primaryimage","url":"https:\/\/www.samoens.com\/wp-content\/uploads\/2019\/10\/V\u00e9lo-\u00e0-Joux-Plane-@Christian-Martelet.jpg","contentUrl":"https:\/\/www.samoens.com\/wp-content\/uploads\/2019\/10\/V\u00e9lo-\u00e0-Joux-Plane-@Christian-Martelet.jpg","width":3543,"height":2365},{"@type":"BreadcrumbList","@id":"https:\/\/www.samoens.com\/nl\/alles-wat-je-moet-weten-over-fietsen-in-de-giffre-vallei-en-het-grand-massif\/#breadcrumb","itemListElement":[{"@type":"ListItem","position":1,"name":"Accueil","item":"https:\/\/www.samoens.com\/nl\/"},{"@type":"ListItem","position":2,"name":"Ontdek Samo\u00ebns in de zomer","item":"https:\/\/www.samoens.com\/nl\/category\/decouverte-de-samoens-lete-nl\/"},{"@type":"ListItem","position":3,"name":"Alles wat je moet weten over fietsen in de Giffre Vallei en het Grand Massif"}]},{"@type":"WebSite","@id":"https:\/\/www.samoens.com\/#website","url":"https:\/\/www.samoens.com\/","name":"Samo\u00ebns, station de ski et village authentique en Haute-Savoie","description":"Nich\u00e9e au coeur du domaine skiable du Grand Massif et \u00e0 moins d&#039;1h de Gen\u00e8ve, Samo\u00ebns rendra vos vacances inoubliables en \u00e9t\u00e9 comme en hiver","potentialAction":[{"@type":"SearchAction","target":{"@type":"EntryPoint","urlTemplate":"https:\/\/www.samoens.com\/?s={search_term_string}"},"query-input":{"@type":"PropertyValueSpecification","valueRequired":true,"valueName":"search_term_string"}}],"inLanguage":"nl-NL"},{"@type":"Person","@id":"https:\/\/www.samoens.com\/#\/schema\/person\/9f84694e97a9b976109162d9d96dc2f2","name":"Isabelle","image":{"@type":"ImageObject","inLanguage":"nl-NL","@id":"https:\/\/secure.gravatar.com\/avatar\/13973acc16a6871b2e7a2b758c75fd8b7c5f0835b5f5b665a2a81454820bba2f?s=96&d=mm&r=g","url":"https:\/\/secure.gravatar.com\/avatar\/13973acc16a6871b2e7a2b758c75fd8b7c5f0835b5f5b665a2a81454820bba2f?s=96&d=mm&r=g","contentUrl":"https:\/\/secure.gravatar.com\/avatar\/13973acc16a6871b2e7a2b758c75fd8b7c5f0835b5f5b665a2a81454820bba2f?s=96&d=mm&r=g","caption":"Isabelle"}}]}},"_links":{"self":[{"href":"https:\/\/www.samoens.com\/nl\/wp-json\/wp\/v2\/posts\/530063","targetHints":{"allow":["GET"]}}],"collection":[{"href":"https:\/\/www.samoens.com\/nl\/wp-json\/wp\/v2\/posts"}],"about":[{"href":"https:\/\/www.samoens.com\/nl\/wp-json\/wp\/v2\/types\/post"}],"author":[{"embeddable":true,"href":"https:\/\/www.samoens.com\/nl\/wp-json\/wp\/v2\/users\/2"}],"replies":[{"embeddable":true,"href":"https:\/\/www.samoens.com\/nl\/wp-json\/wp\/v2\/comments?post=530063"}],"version-history":[{"count":5,"href":"https:\/\/www.samoens.com\/nl\/wp-json\/wp\/v2\/posts\/530063\/revisions"}],"predecessor-version":[{"id":607372,"href":"https:\/\/www.samoens.com\/nl\/wp-json\/wp\/v2\/posts\/530063\/revisions\/607372"}],"wp:featuredmedia":[{"embeddable":true,"href":"https:\/\/www.samoens.com\/nl\/wp-json\/wp\/v2\/media\/67852"}],"wp:attachment":[{"href":"https:\/\/www.samoens.com\/nl\/wp-json\/wp\/v2\/media?parent=530063"}],"wp:term":[{"taxonomy":"category","embeddable":true,"href":"https:\/\/www.samoens.com\/nl\/wp-json\/wp\/v2\/categories?post=530063"},{"taxonomy":"post_tag","embeddable":true,"href":"https:\/\/www.samoens.com\/nl\/wp-json\/wp\/v2\/tags?post=530063"}],"curies":[{"name":"wp","href":"https:\/\/api.w.org\/{rel}","templated":true}]}}