{"id":3636,"date":"2026-04-05T11:45:22","date_gmt":"2026-04-05T09:45:22","guid":{"rendered":"https:\/\/www.samoens.com\/?page_id=3636"},"modified":"2026-04-06T16:38:26","modified_gmt":"2026-04-06T14:38:26","slug":"bergwandelingen-in-de-zomer-in-gondel-bij-samoens-1600","status":"publish","type":"post","link":"https:\/\/www.samoens.com\/nl\/bergwandelingen-in-de-zomer-in-gondel-bij-samoens-1600\/","title":{"rendered":"Bergwandelingen in de zomer in gondel bij Samoens 1600"},"content":{"rendered":"<div class=\"wpb-content-wrapper\"><p>[vc_row][vc_column][vc_single_image image=&#8221;2479&#8243; img_size=&#8221;large&#8221; alignment=&#8221;center&#8221;][vc_column_text]Dankzij de opening van de skiliften in Samoens 1600, wandel je met het gezin en ontdek je moeiteloos uitzonderlijke bergpanorama&#8217;s.<\/p>\n<p>Wanneer het verlangen naar natuur en ontspanning wordt gevoeld, geniet u van de liften voor eenvoudige wandelingen in het weelderige landschap. Vind het gevoel van welzijn in de rust van de hoogte, het oversteken van weiden en langs de meren &#8230; En waarom niet een kleine vissessie?[\/vc_column_text][\/vc_column][\/vc_row][vc_row][vc_column width=&#8221;1\/3&#8243;][vc_single_image image=&#8221;2533&#8243; img_size=&#8221;medium&#8221;][\/vc_column][vc_column width=&#8221;1\/3&#8243;][vc_single_image image=&#8221;2535&#8243; img_size=&#8221;medium&#8221;][\/vc_column][vc_column width=&#8221;1\/3&#8243;][vc_single_image image=&#8221;2531&#8243; img_size=&#8221;medium&#8221;][\/vc_column][\/vc_row][vc_row][vc_column][vc_column_text]<\/p>\n<h2><strong>Een adembenemend uitzicht op de vallei en het Mont Blanc-gebergte<\/strong><\/h2>\n<p>[\/vc_column_text][\/vc_column][\/vc_row][vc_row][vc_column][vc_column_text]Deze zomeropeningen zijn niet alleen voor wandelaars, wandelaars, paragliders, maar ook voor mountainbikers. De gondellift Grand Massif Express en de stoeltjeslift Chariande Express geven u inderdaad toegang tot het opstijggebied voor paragliders en de wandel- en mountainbikeroutes vanaf het plateau en de T\u00eate des Saix.<\/p>\n<p>Een idee voor een zachte wandeling met gevarieerd landschap? Ontdek vanuit Samo\u00ebns het uitzicht op de Mont Blanc vanaf T\u00eate des Saix op 2120 meter boven de zeespiegel en ga dan richting La Combe de Gers met zijn meer en zijn g\u00eete en restaurant. Je kunt dan lid worden van Samo\u00ebns of Sixt-Fer-\u00e0-Cheval.[\/vc_column_text][\/vc_column][\/vc_row][vc_row][vc_column width=&#8221;1\/3&#8243;][vc_single_image image=&#8221;2529&#8243; img_size=&#8221;medium&#8221;][\/vc_column][vc_column width=&#8221;1\/3&#8243;][vc_single_image image=&#8221;2527&#8243; img_size=&#8221;medium&#8221;][\/vc_column][vc_column width=&#8221;1\/3&#8243;][vc_single_image image=&#8221;2537&#8243; img_size=&#8221;medium&#8221;][\/vc_column][\/vc_row]<\/p>\n<\/div>","protected":false},"excerpt":{"rendered":"<p>[vc_row][vc_column][vc_single_image image=&#8221;2479&#8243; img_size=&#8221;large&#8221; alignment=&#8221;center&#8221;][vc_column_text]Dankzij de opening van de skiliften in Samoens 1600, wandel je met het gezin en ontdek je moeiteloos uitzonderlijke bergpanorama&#8217;s. Wanneer het verlangen naar natuur en ontspanning wordt gevoeld, geniet u van de liften voor eenvoudige wandelingen in het weelderige landschap. Vind het gevoel van welzijn in de rust van de hoogte, [&hellip;]<\/p>\n","protected":false},"author":2,"featured_media":67947,"comment_status":"closed","ping_status":"closed","sticky":false,"template":"","format":"standard","meta":{"_acf_changed":false,"footnotes":""},"categories":[5539,326],"tags":[],"class_list":["post-3636","post","type-post","status-publish","format-standard","hentry","category-decouverte-de-samoens-lete-nl","category-ontdek-zomeractiviteiten"],"acf":[],"yoast_head":"<!-- This site is optimized with the Yoast SEO plugin v27.4 - https:\/\/yoast.com\/product\/yoast-seo-wordpress\/ -->\n<title>Bergwandelingen in de zomer in gondel bij Samoens 1600<\/title>\n<meta name=\"robots\" content=\"index, follow, max-snippet:-1, max-image-preview:large, max-video-preview:-1\" \/>\n<link rel=\"canonical\" href=\"https:\/\/www.samoens.com\/nl\/bergwandelingen-in-de-zomer-in-gondel-bij-samoens-1600\/\" \/>\n<meta property=\"og:locale\" content=\"nl_NL\" \/>\n<meta property=\"og:type\" content=\"article\" \/>\n<meta property=\"og:title\" content=\"Bergwandelingen in de zomer in gondel bij Samoens 1600\" \/>\n<meta property=\"og:description\" content=\"[vc_row][vc_column][vc_single_image image=&#8221;2479&#8243; img_size=&#8221;large&#8221; alignment=&#8221;center&#8221;][vc_column_text]Dankzij de opening van de skiliften in Samoens 1600, wandel je met het gezin en ontdek je moeiteloos uitzonderlijke bergpanorama&#8217;s. Wanneer het verlangen naar natuur en ontspanning wordt gevoeld, geniet u van de liften voor eenvoudige wandelingen in het weelderige landschap. Vind het gevoel van welzijn in de rust van de hoogte, [&hellip;]\" \/>\n<meta property=\"og:url\" content=\"https:\/\/www.samoens.com\/nl\/bergwandelingen-in-de-zomer-in-gondel-bij-samoens-1600\/\" \/>\n<meta property=\"og:site_name\" content=\"Samo\u00ebns, station de ski et village authentique en Haute-Savoie\" \/>\n<meta property=\"article:published_time\" content=\"2026-04-05T09:45:22+00:00\" \/>\n<meta property=\"article:modified_time\" content=\"2026-04-06T14:38:26+00:00\" \/>\n<meta property=\"og:image\" content=\"https:\/\/www.samoens.com\/wp-content\/uploads\/2019\/10\/8355-TristanShu.com-DSF-DSG-1200x800.jpg\" \/>\n\t<meta property=\"og:image:width\" content=\"1200\" \/>\n\t<meta property=\"og:image:height\" content=\"800\" \/>\n\t<meta property=\"og:image:type\" content=\"image\/jpeg\" \/>\n<meta name=\"author\" content=\"Isabelle\" \/>\n<meta name=\"twitter:card\" content=\"summary_large_image\" \/>\n<meta name=\"twitter:label1\" content=\"Geschreven door\" \/>\n\t<meta name=\"twitter:data1\" content=\"Isabelle\" \/>\n\t<meta name=\"twitter:label2\" content=\"Geschatte leestijd\" \/>\n\t<meta name=\"twitter:data2\" content=\"2 minuten\" \/>\n<script type=\"application\/ld+json\" class=\"yoast-schema-graph\">{\"@context\":\"https:\\\/\\\/schema.org\",\"@graph\":[{\"@type\":\"Article\",\"@id\":\"https:\\\/\\\/www.samoens.com\\\/nl\\\/bergwandelingen-in-de-zomer-in-gondel-bij-samoens-1600\\\/#article\",\"isPartOf\":{\"@id\":\"https:\\\/\\\/www.samoens.com\\\/nl\\\/bergwandelingen-in-de-zomer-in-gondel-bij-samoens-1600\\\/\"},\"author\":{\"name\":\"Isabelle\",\"@id\":\"https:\\\/\\\/www.samoens.com\\\/#\\\/schema\\\/person\\\/9f84694e97a9b976109162d9d96dc2f2\"},\"headline\":\"Bergwandelingen in de zomer in gondel bij Samoens 1600\",\"datePublished\":\"2026-04-05T09:45:22+00:00\",\"dateModified\":\"2026-04-06T14:38:26+00:00\",\"mainEntityOfPage\":{\"@id\":\"https:\\\/\\\/www.samoens.com\\\/nl\\\/bergwandelingen-in-de-zomer-in-gondel-bij-samoens-1600\\\/\"},\"wordCount\":317,\"image\":{\"@id\":\"https:\\\/\\\/www.samoens.com\\\/nl\\\/bergwandelingen-in-de-zomer-in-gondel-bij-samoens-1600\\\/#primaryimage\"},\"thumbnailUrl\":\"https:\\\/\\\/www.samoens.com\\\/wp-content\\\/uploads\\\/2019\\\/10\\\/8355-TristanShu.com-DSF-DSG.jpg\",\"articleSection\":[\"Ontdek Samo\u00ebns in de zomer\",\"Ontdek zomeractiviteiten\"],\"inLanguage\":\"nl-NL\"},{\"@type\":\"WebPage\",\"@id\":\"https:\\\/\\\/www.samoens.com\\\/nl\\\/bergwandelingen-in-de-zomer-in-gondel-bij-samoens-1600\\\/\",\"url\":\"https:\\\/\\\/www.samoens.com\\\/nl\\\/bergwandelingen-in-de-zomer-in-gondel-bij-samoens-1600\\\/\",\"name\":\"Bergwandelingen in de zomer in gondel bij Samoens 1600\",\"isPartOf\":{\"@id\":\"https:\\\/\\\/www.samoens.com\\\/#website\"},\"primaryImageOfPage\":{\"@id\":\"https:\\\/\\\/www.samoens.com\\\/nl\\\/bergwandelingen-in-de-zomer-in-gondel-bij-samoens-1600\\\/#primaryimage\"},\"image\":{\"@id\":\"https:\\\/\\\/www.samoens.com\\\/nl\\\/bergwandelingen-in-de-zomer-in-gondel-bij-samoens-1600\\\/#primaryimage\"},\"thumbnailUrl\":\"https:\\\/\\\/www.samoens.com\\\/wp-content\\\/uploads\\\/2019\\\/10\\\/8355-TristanShu.com-DSF-DSG.jpg\",\"datePublished\":\"2026-04-05T09:45:22+00:00\",\"dateModified\":\"2026-04-06T14:38:26+00:00\",\"author\":{\"@id\":\"https:\\\/\\\/www.samoens.com\\\/#\\\/schema\\\/person\\\/9f84694e97a9b976109162d9d96dc2f2\"},\"breadcrumb\":{\"@id\":\"https:\\\/\\\/www.samoens.com\\\/nl\\\/bergwandelingen-in-de-zomer-in-gondel-bij-samoens-1600\\\/#breadcrumb\"},\"inLanguage\":\"nl-NL\",\"potentialAction\":[{\"@type\":\"ReadAction\",\"target\":[\"https:\\\/\\\/www.samoens.com\\\/nl\\\/bergwandelingen-in-de-zomer-in-gondel-bij-samoens-1600\\\/\"]}]},{\"@type\":\"ImageObject\",\"inLanguage\":\"nl-NL\",\"@id\":\"https:\\\/\\\/www.samoens.com\\\/nl\\\/bergwandelingen-in-de-zomer-in-gondel-bij-samoens-1600\\\/#primaryimage\",\"url\":\"https:\\\/\\\/www.samoens.com\\\/wp-content\\\/uploads\\\/2019\\\/10\\\/8355-TristanShu.com-DSF-DSG.jpg\",\"contentUrl\":\"https:\\\/\\\/www.samoens.com\\\/wp-content\\\/uploads\\\/2019\\\/10\\\/8355-TristanShu.com-DSF-DSG.jpg\",\"width\":5616,\"height\":3744},{\"@type\":\"BreadcrumbList\",\"@id\":\"https:\\\/\\\/www.samoens.com\\\/nl\\\/bergwandelingen-in-de-zomer-in-gondel-bij-samoens-1600\\\/#breadcrumb\",\"itemListElement\":[{\"@type\":\"ListItem\",\"position\":1,\"name\":\"Accueil\",\"item\":\"https:\\\/\\\/www.samoens.com\\\/nl\\\/\"},{\"@type\":\"ListItem\",\"position\":2,\"name\":\"Ontdek Samo\u00ebns in de zomer\",\"item\":\"https:\\\/\\\/www.samoens.com\\\/nl\\\/category\\\/decouverte-de-samoens-lete-nl\\\/\"},{\"@type\":\"ListItem\",\"position\":3,\"name\":\"Bergwandelingen in de zomer in gondel bij Samoens 1600\"}]},{\"@type\":\"WebSite\",\"@id\":\"https:\\\/\\\/www.samoens.com\\\/#website\",\"url\":\"https:\\\/\\\/www.samoens.com\\\/\",\"name\":\"Samo\u00ebns, station de ski et village authentique en Haute-Savoie\",\"description\":\"Nich\u00e9e au coeur du domaine skiable du Grand Massif et \u00e0 moins d&#039;1h de Gen\u00e8ve, Samo\u00ebns rendra vos vacances inoubliables en \u00e9t\u00e9 comme en hiver\",\"potentialAction\":[{\"@type\":\"SearchAction\",\"target\":{\"@type\":\"EntryPoint\",\"urlTemplate\":\"https:\\\/\\\/www.samoens.com\\\/?s={search_term_string}\"},\"query-input\":{\"@type\":\"PropertyValueSpecification\",\"valueRequired\":true,\"valueName\":\"search_term_string\"}}],\"inLanguage\":\"nl-NL\"},{\"@type\":\"Person\",\"@id\":\"https:\\\/\\\/www.samoens.com\\\/#\\\/schema\\\/person\\\/9f84694e97a9b976109162d9d96dc2f2\",\"name\":\"Isabelle\",\"image\":{\"@type\":\"ImageObject\",\"inLanguage\":\"nl-NL\",\"@id\":\"https:\\\/\\\/secure.gravatar.com\\\/avatar\\\/13973acc16a6871b2e7a2b758c75fd8b7c5f0835b5f5b665a2a81454820bba2f?s=96&d=mm&r=g\",\"url\":\"https:\\\/\\\/secure.gravatar.com\\\/avatar\\\/13973acc16a6871b2e7a2b758c75fd8b7c5f0835b5f5b665a2a81454820bba2f?s=96&d=mm&r=g\",\"contentUrl\":\"https:\\\/\\\/secure.gravatar.com\\\/avatar\\\/13973acc16a6871b2e7a2b758c75fd8b7c5f0835b5f5b665a2a81454820bba2f?s=96&d=mm&r=g\",\"caption\":\"Isabelle\"}}]}<\/script>\n<!-- \/ Yoast SEO plugin. -->","yoast_head_json":{"title":"Bergwandelingen in de zomer in gondel bij Samoens 1600","robots":{"index":"index","follow":"follow","max-snippet":"max-snippet:-1","max-image-preview":"max-image-preview:large","max-video-preview":"max-video-preview:-1"},"canonical":"https:\/\/www.samoens.com\/nl\/bergwandelingen-in-de-zomer-in-gondel-bij-samoens-1600\/","og_locale":"nl_NL","og_type":"article","og_title":"Bergwandelingen in de zomer in gondel bij Samoens 1600","og_description":"[vc_row][vc_column][vc_single_image image=&#8221;2479&#8243; img_size=&#8221;large&#8221; alignment=&#8221;center&#8221;][vc_column_text]Dankzij de opening van de skiliften in Samoens 1600, wandel je met het gezin en ontdek je moeiteloos uitzonderlijke bergpanorama&#8217;s. Wanneer het verlangen naar natuur en ontspanning wordt gevoeld, geniet u van de liften voor eenvoudige wandelingen in het weelderige landschap. Vind het gevoel van welzijn in de rust van de hoogte, [&hellip;]","og_url":"https:\/\/www.samoens.com\/nl\/bergwandelingen-in-de-zomer-in-gondel-bij-samoens-1600\/","og_site_name":"Samo\u00ebns, station de ski et village authentique en Haute-Savoie","article_published_time":"2026-04-05T09:45:22+00:00","article_modified_time":"2026-04-06T14:38:26+00:00","og_image":[{"width":1200,"height":800,"url":"https:\/\/www.samoens.com\/wp-content\/uploads\/2019\/10\/8355-TristanShu.com-DSF-DSG-1200x800.jpg","type":"image\/jpeg"}],"author":"Isabelle","twitter_card":"summary_large_image","twitter_misc":{"Geschreven door":"Isabelle","Geschatte leestijd":"2 minuten"},"schema":{"@context":"https:\/\/schema.org","@graph":[{"@type":"Article","@id":"https:\/\/www.samoens.com\/nl\/bergwandelingen-in-de-zomer-in-gondel-bij-samoens-1600\/#article","isPartOf":{"@id":"https:\/\/www.samoens.com\/nl\/bergwandelingen-in-de-zomer-in-gondel-bij-samoens-1600\/"},"author":{"name":"Isabelle","@id":"https:\/\/www.samoens.com\/#\/schema\/person\/9f84694e97a9b976109162d9d96dc2f2"},"headline":"Bergwandelingen in de zomer in gondel bij Samoens 1600","datePublished":"2026-04-05T09:45:22+00:00","dateModified":"2026-04-06T14:38:26+00:00","mainEntityOfPage":{"@id":"https:\/\/www.samoens.com\/nl\/bergwandelingen-in-de-zomer-in-gondel-bij-samoens-1600\/"},"wordCount":317,"image":{"@id":"https:\/\/www.samoens.com\/nl\/bergwandelingen-in-de-zomer-in-gondel-bij-samoens-1600\/#primaryimage"},"thumbnailUrl":"https:\/\/www.samoens.com\/wp-content\/uploads\/2019\/10\/8355-TristanShu.com-DSF-DSG.jpg","articleSection":["Ontdek Samo\u00ebns in de zomer","Ontdek zomeractiviteiten"],"inLanguage":"nl-NL"},{"@type":"WebPage","@id":"https:\/\/www.samoens.com\/nl\/bergwandelingen-in-de-zomer-in-gondel-bij-samoens-1600\/","url":"https:\/\/www.samoens.com\/nl\/bergwandelingen-in-de-zomer-in-gondel-bij-samoens-1600\/","name":"Bergwandelingen in de zomer in gondel bij Samoens 1600","isPartOf":{"@id":"https:\/\/www.samoens.com\/#website"},"primaryImageOfPage":{"@id":"https:\/\/www.samoens.com\/nl\/bergwandelingen-in-de-zomer-in-gondel-bij-samoens-1600\/#primaryimage"},"image":{"@id":"https:\/\/www.samoens.com\/nl\/bergwandelingen-in-de-zomer-in-gondel-bij-samoens-1600\/#primaryimage"},"thumbnailUrl":"https:\/\/www.samoens.com\/wp-content\/uploads\/2019\/10\/8355-TristanShu.com-DSF-DSG.jpg","datePublished":"2026-04-05T09:45:22+00:00","dateModified":"2026-04-06T14:38:26+00:00","author":{"@id":"https:\/\/www.samoens.com\/#\/schema\/person\/9f84694e97a9b976109162d9d96dc2f2"},"breadcrumb":{"@id":"https:\/\/www.samoens.com\/nl\/bergwandelingen-in-de-zomer-in-gondel-bij-samoens-1600\/#breadcrumb"},"inLanguage":"nl-NL","potentialAction":[{"@type":"ReadAction","target":["https:\/\/www.samoens.com\/nl\/bergwandelingen-in-de-zomer-in-gondel-bij-samoens-1600\/"]}]},{"@type":"ImageObject","inLanguage":"nl-NL","@id":"https:\/\/www.samoens.com\/nl\/bergwandelingen-in-de-zomer-in-gondel-bij-samoens-1600\/#primaryimage","url":"https:\/\/www.samoens.com\/wp-content\/uploads\/2019\/10\/8355-TristanShu.com-DSF-DSG.jpg","contentUrl":"https:\/\/www.samoens.com\/wp-content\/uploads\/2019\/10\/8355-TristanShu.com-DSF-DSG.jpg","width":5616,"height":3744},{"@type":"BreadcrumbList","@id":"https:\/\/www.samoens.com\/nl\/bergwandelingen-in-de-zomer-in-gondel-bij-samoens-1600\/#breadcrumb","itemListElement":[{"@type":"ListItem","position":1,"name":"Accueil","item":"https:\/\/www.samoens.com\/nl\/"},{"@type":"ListItem","position":2,"name":"Ontdek Samo\u00ebns in de zomer","item":"https:\/\/www.samoens.com\/nl\/category\/decouverte-de-samoens-lete-nl\/"},{"@type":"ListItem","position":3,"name":"Bergwandelingen in de zomer in gondel bij Samoens 1600"}]},{"@type":"WebSite","@id":"https:\/\/www.samoens.com\/#website","url":"https:\/\/www.samoens.com\/","name":"Samo\u00ebns, station de ski et village authentique en Haute-Savoie","description":"Nich\u00e9e au coeur du domaine skiable du Grand Massif et \u00e0 moins d&#039;1h de Gen\u00e8ve, Samo\u00ebns rendra vos vacances inoubliables en \u00e9t\u00e9 comme en hiver","potentialAction":[{"@type":"SearchAction","target":{"@type":"EntryPoint","urlTemplate":"https:\/\/www.samoens.com\/?s={search_term_string}"},"query-input":{"@type":"PropertyValueSpecification","valueRequired":true,"valueName":"search_term_string"}}],"inLanguage":"nl-NL"},{"@type":"Person","@id":"https:\/\/www.samoens.com\/#\/schema\/person\/9f84694e97a9b976109162d9d96dc2f2","name":"Isabelle","image":{"@type":"ImageObject","inLanguage":"nl-NL","@id":"https:\/\/secure.gravatar.com\/avatar\/13973acc16a6871b2e7a2b758c75fd8b7c5f0835b5f5b665a2a81454820bba2f?s=96&d=mm&r=g","url":"https:\/\/secure.gravatar.com\/avatar\/13973acc16a6871b2e7a2b758c75fd8b7c5f0835b5f5b665a2a81454820bba2f?s=96&d=mm&r=g","contentUrl":"https:\/\/secure.gravatar.com\/avatar\/13973acc16a6871b2e7a2b758c75fd8b7c5f0835b5f5b665a2a81454820bba2f?s=96&d=mm&r=g","caption":"Isabelle"}}]}},"_links":{"self":[{"href":"https:\/\/www.samoens.com\/nl\/wp-json\/wp\/v2\/posts\/3636","targetHints":{"allow":["GET"]}}],"collection":[{"href":"https:\/\/www.samoens.com\/nl\/wp-json\/wp\/v2\/posts"}],"about":[{"href":"https:\/\/www.samoens.com\/nl\/wp-json\/wp\/v2\/types\/post"}],"author":[{"embeddable":true,"href":"https:\/\/www.samoens.com\/nl\/wp-json\/wp\/v2\/users\/2"}],"replies":[{"embeddable":true,"href":"https:\/\/www.samoens.com\/nl\/wp-json\/wp\/v2\/comments?post=3636"}],"version-history":[{"count":2,"href":"https:\/\/www.samoens.com\/nl\/wp-json\/wp\/v2\/posts\/3636\/revisions"}],"predecessor-version":[{"id":607425,"href":"https:\/\/www.samoens.com\/nl\/wp-json\/wp\/v2\/posts\/3636\/revisions\/607425"}],"wp:featuredmedia":[{"embeddable":true,"href":"https:\/\/www.samoens.com\/nl\/wp-json\/wp\/v2\/media\/67947"}],"wp:attachment":[{"href":"https:\/\/www.samoens.com\/nl\/wp-json\/wp\/v2\/media?parent=3636"}],"wp:term":[{"taxonomy":"category","embeddable":true,"href":"https:\/\/www.samoens.com\/nl\/wp-json\/wp\/v2\/categories?post=3636"},{"taxonomy":"post_tag","embeddable":true,"href":"https:\/\/www.samoens.com\/nl\/wp-json\/wp\/v2\/tags?post=3636"}],"curies":[{"name":"wp","href":"https:\/\/api.w.org\/{rel}","templated":true}]}}