{"id":2995,"date":"2023-03-13T10:45:04","date_gmt":"2023-03-13T09:45:04","guid":{"rendered":"https:\/\/www.samoens.com\/?page_id=2995"},"modified":"2025-12-04T15:56:07","modified_gmt":"2025-12-04T14:56:07","slug":"alpine-botanische-tuin-ja-lasinia","status":"publish","type":"post","link":"https:\/\/www.samoens.com\/nl\/alpine-botanische-tuin-ja-lasinia\/","title":{"rendered":"Alpine Botanical Garden Ja\u00ffsinia"},"content":{"rendered":"<div class=\"wpb-content-wrapper\"><p>[vc_row][vc_column][vc_single_image image=&#8221;2207&#8243; img_size=&#8221;large&#8221;][vc_column_text]<\/p>\n<h2>De tuin van de wereld<\/h2>\n<p>Gerangschikt als &#8220;Outstanding Garden of France&#8221;, biedt de Alpine Botanical Garden Ja\u00ffsinia, met zijn 2400 soorten planten, een po\u00ebtische wandeling door de alpiene flora en planten van de bergen van de 5 continenten. Discovery.<\/p>\n<p>Wandel over de paden van deze botanische tuin in art-nouveaustijl, het kruispunt tussen de bergen en het landschap. Dit is een van de geneugten die worden aangeboden aan diegenen die Samo\u00ebns ontdekken. Op deze heuvel, in het hart van het dorp, ontstaat een indruk van vrijheid en natuurlijke harmonie. Toch is alles hier beheerst, opgesomd: &#8220;Een tuinman moet weten hoe hij discreet moet zijn, zodat het er zo natuurlijk mogelijk uitziet&#8221;, zegt Christian Chauplannaz, hoofd van de wetenschap en technologie Ja lasinia. Paardebloemen zitten bijvoorbeeld naast tulpen en berenknoflook is bijna 37 soorten pioenrozen &#8230; al meer dan een eeuw.[\/vc_column_text][\/vc_column][\/vc_row][vc_row][vc_column width=&#8221;1\/3&#8243;][vc_single_image image=&#8221;2515&#8243; img_size=&#8221;medium&#8221;][\/vc_column][vc_column width=&#8221;1\/3&#8243;][vc_single_image image=&#8221;2237&#8243; img_size=&#8221;medium&#8221;][\/vc_column][vc_column width=&#8221;1\/3&#8243;][vc_single_image image=&#8221;2513&#8243; img_size=&#8221;medium&#8221;][\/vc_column][\/vc_row][vc_row][vc_column][vc_column_text]<\/p>\n<h2>Marie-Louise Cognacq Ja\u00ff, de &#8220;goede Samaritaanse vrouw&#8221;<\/h2>\n<p>Uniek in de regio, deze tuin werd in 1906 geboren uit de wil van een vrouw: Marie-Louise Cognacq Ja\u00ff. Geboren in Samoens, verdiende ze haar fortuin in Parijs door samen met haar man het Parijse warenhuis La Samaritaine te cre\u00ebren. Maar ze vergat nooit haar dorp en kocht veel om de botanische tuin te bouwen &#8230; op dezelfde heuvel waar ze een kudde geiten had gehouden tot ze 15 was![\/vc_column_text][\/vc_column][\/vc_row][vc_row][vc_column][vc_single_image image=&#8221;2511&#8243; img_size=&#8221;large&#8221; alignment=&#8221;center&#8221;][vc_column_text]<\/p>\n<h2>Een zintuiglijke en exotische wandeling<\/h2>\n<p>Ontworpen door landschapstuinier Jules Allemand, slingert de tuin door 3 km paden en biedt op zijn 3,7 hectare een panorama van bergplanten van over de hele wereld. Europa wordt ontdekt met de blauwe distel van de Alpen, of de krokus van de Balkan, het Midden-Oosten met de ceder van Libanon. De gigantische sequoia of de bloeddorst komen uit Amerika. Azi\u00eb biedt de pioen van dominee Father Delavay en de paddenlelie uit Japan. De antipoden, we zullen de Nieuw-Zeelandse struik veronique herinneren. Namen van planten die je doen dromen &#8230; In de Ja\u00ffsinia reis je ook dankzij verrassende parfums zoals die van de karamelboom die in de herfst een zoete geur van karamel uitademt wanneer de dauw op zijn gevallen bladeren op de grond wordt afgezet &#8230; Je zult ook bloemen met verbazingwekkende kleuren ontdekken, zoals akeleien met elektrisch blauw &#8230; En om deze zintuiglijke rit te voltooien en de verschillende universums van deze tuin te versieren, zijn fonteinen, watervallen, vijvers en moerassen ge\u00efnstalleerd uit een bron van water stroomde door buizen die met de hand in de bergen werden gegraven.<\/p>\n<p>Je eindigt je reis met een reis naar het verleden en ontdekt in deze groene omgeving de kapel van de Ja\u00ffsinia, die dateert uit de zeventiende eeuw en het kasteel van Tornalta dat sinds de twaalfde eeuw op de top van de heuvel staat en de ru\u00efnes bieden een adembenemend uitzicht op het dorp en de Giffre-vallei.<\/p>\n<p>In deze ongewone en tijdloze tuin bevestigen de Septimontains dat ze weten hoe ze hun erfgoed en hun wortels moeten behouden. En genereer een broedplaats voor planten van over de hele wereld, die zich hebben gevestigd op een gebied met kenmerken die soms heel anders zijn dan hun oorspronkelijke omgeving &#8230; Het gaat erom dat we ons goed voelen in Samoens.[\/vc_column_text][\/vc_column][\/vc_row][vc_row][vc_column width=&#8221;1\/3&#8243;][vc_single_image image=&#8221;2491&#8243; img_size=&#8221;medium&#8221;][\/vc_column][vc_column width=&#8221;1\/3&#8243;][vc_single_image image=&#8221;1308&#8243; img_size=&#8221;medium&#8221;][\/vc_column][vc_column width=&#8221;1\/3&#8243;][vc_single_image image=&#8221;2497&#8243; img_size=&#8221;medium&#8221;][\/vc_column][\/vc_row][vc_row][vc_column width=&#8221;1\/3&#8243;][vc_single_image image=&#8221;2521&#8243; img_size=&#8221;medium&#8221;][\/vc_column][vc_column width=&#8221;1\/3&#8243;][vc_single_image image=&#8221;2519&#8243; img_size=&#8221;medium&#8221;][\/vc_column][vc_column width=&#8221;1\/3&#8243;][vc_single_image image=&#8221;2517&#8243; img_size=&#8221;medium&#8221;][\/vc_column][\/vc_row][vc_row][vc_column][vc_column_text]<\/p>\n<h3>Een plaats gewijd aan de wetenschap<\/h3>\n<p>Tuinen hebben altijd dichters ge\u00efnspireerd. &#8220;Het is een buitengewone tuin,&#8221; was Charles Trenet aan het zingen. Het heeft niet dat van Samoens opgeroepen, maar het lijkt erop dat de Plantentuin van Parijs, het hoofdkwartier van het Nationaal Natuurhistorisch Museum &#8230; En het blijkt dat de Ja\u00ffsinia onder de wetenschappelijke leiding van het Museum staat! Een link tussen po\u00ebzie en wetenschap die bij de plek past &#8230; Omdat de botanische tuin ook een wetenschappelijke missie heeft, vervuld door Christian Chauplannaz die werkt in het laboratorium voor plantenbiologie, gebouwd in 1935 op initiatief van Gabriel Cognacq, neef van Marie-Louise. Tijdens het goede seizoen herstelt hij zaden in de tuin en in de natuur, maakt ze schoon, schrijft een catalogus naar 800 adressen in de wereld (universiteiten en botanische instellingen die kunnen bestellen). Zo kunnen we in Zuid-Afrika planten uit de Giffre-vallei vinden! Een gratis internationale uitwisseling, die ook ten goede komt aan Ja\u00ffsinia, die elk jaar 5 tot 10% van zijn planten verliest, die in de tuin worden gekweekt als botanische soort, dat wil zeggen in het wild, die in het wild zijn en niet worden niet veranderd door mensen.<br \/>\nHet laboratorium herbergt ook een referentieherbarium.[\/vc_column_text][\/vc_column][\/vc_row][vc_row][vc_column width=&#8221;1\/3&#8243;][vc_single_image image=&#8221;2495&#8243; img_size=&#8221;medium&#8221;][\/vc_column][vc_column width=&#8221;1\/3&#8243;][vc_single_image image=&#8221;2501&#8243; img_size=&#8221;medium&#8221;][\/vc_column][vc_column width=&#8221;1\/3&#8243;][vc_single_image image=&#8221;2509&#8243; img_size=&#8221;medium&#8221;][\/vc_column][\/vc_row][vc_row][vc_column][vc_video link=&#8221;https:\/\/www.youtube.com\/watch?v=ivP0mu5a1Ns&#8221;][\/vc_column][\/vc_row][vc_row][vc_column][vc_column_text css=&#8221;&#8221;]<\/p>\n<h4><strong><span id=\"s2_1\">Praktische informatie:<\/span><\/strong><\/h4>\n<p>Periode 01\/05 tot 15\/09: 10.00-19.00 uur<br \/>\nPeriode 16\/09 tot 31\/10: 10.00-17.00 uur<br \/>\nWinterperiode 01\/11 tot 30\/04: 10.00-16.30 uur[\/vc_column_text][\/vc_column][\/vc_row]<\/p>\n<\/div>","protected":false},"excerpt":{"rendered":"<p>[vc_row][vc_column][vc_single_image image=&#8221;2207&#8243; img_size=&#8221;large&#8221;][vc_column_text] De tuin van de wereld Gerangschikt als &#8220;Outstanding Garden of France&#8221;, biedt de Alpine Botanical Garden Ja\u00ffsinia, met zijn 2400 soorten planten, een po\u00ebtische wandeling door de alpiene flora en planten van de bergen van de 5 continenten. Discovery. Wandel over de paden van deze botanische tuin in art-nouveaustijl, het kruispunt tussen [&hellip;]<\/p>\n","protected":false},"author":2,"featured_media":2237,"comment_status":"closed","ping_status":"closed","sticky":false,"template":"","format":"standard","meta":{"_acf_changed":false,"footnotes":""},"categories":[5584,366],"tags":[],"class_list":["post-2995","post","type-post","status-publish","format-standard","hentry","category-histoire-de-samoens-nl","category-erfgoed"],"acf":[],"yoast_head":"<!-- This site is optimized with the Yoast SEO plugin v27.4 - https:\/\/yoast.com\/product\/yoast-seo-wordpress\/ -->\n<title>Alpine Botanical Garden Ja\u00ffsinia<\/title>\n<meta name=\"robots\" content=\"index, follow, max-snippet:-1, max-image-preview:large, max-video-preview:-1\" \/>\n<link rel=\"canonical\" href=\"https:\/\/www.samoens.com\/nl\/alpine-botanische-tuin-ja-lasinia\/\" \/>\n<meta property=\"og:locale\" content=\"nl_NL\" \/>\n<meta property=\"og:type\" content=\"article\" \/>\n<meta property=\"og:title\" content=\"Alpine Botanical Garden Ja\u00ffsinia\" \/>\n<meta property=\"og:description\" content=\"[vc_row][vc_column][vc_single_image image=&#8221;2207&#8243; img_size=&#8221;large&#8221;][vc_column_text] De tuin van de wereld Gerangschikt als &#8220;Outstanding Garden of France&#8221;, biedt de Alpine Botanical Garden Ja\u00ffsinia, met zijn 2400 soorten planten, een po\u00ebtische wandeling door de alpiene flora en planten van de bergen van de 5 continenten. Discovery. Wandel over de paden van deze botanische tuin in art-nouveaustijl, het kruispunt tussen [&hellip;]\" \/>\n<meta property=\"og:url\" content=\"https:\/\/www.samoens.com\/nl\/alpine-botanische-tuin-ja-lasinia\/\" \/>\n<meta property=\"og:site_name\" content=\"Samo\u00ebns, station de ski et village authentique en Haute-Savoie\" \/>\n<meta property=\"article:published_time\" content=\"2023-03-13T09:45:04+00:00\" \/>\n<meta property=\"article:modified_time\" content=\"2025-12-04T14:56:07+00:00\" \/>\n<meta property=\"og:image\" content=\"https:\/\/www.samoens.com\/wp-content\/uploads\/2019\/08\/021-jaysisnia-entree-samoens.jpg\" \/>\n\t<meta property=\"og:image:width\" content=\"1029\" \/>\n\t<meta property=\"og:image:height\" content=\"684\" \/>\n\t<meta property=\"og:image:type\" content=\"image\/jpeg\" \/>\n<meta name=\"author\" content=\"Isabelle\" \/>\n<meta name=\"twitter:card\" content=\"summary_large_image\" \/>\n<meta name=\"twitter:label1\" content=\"Geschreven door\" \/>\n\t<meta name=\"twitter:data1\" content=\"Isabelle\" \/>\n\t<meta name=\"twitter:label2\" content=\"Geschatte leestijd\" \/>\n\t<meta name=\"twitter:data2\" content=\"5 minuten\" \/>\n<script type=\"application\/ld+json\" class=\"yoast-schema-graph\">{\"@context\":\"https:\\\/\\\/schema.org\",\"@graph\":[{\"@type\":\"Article\",\"@id\":\"https:\\\/\\\/www.samoens.com\\\/nl\\\/alpine-botanische-tuin-ja-lasinia\\\/#article\",\"isPartOf\":{\"@id\":\"https:\\\/\\\/www.samoens.com\\\/nl\\\/alpine-botanische-tuin-ja-lasinia\\\/\"},\"author\":{\"name\":\"Isabelle\",\"@id\":\"https:\\\/\\\/www.samoens.com\\\/#\\\/schema\\\/person\\\/9f84694e97a9b976109162d9d96dc2f2\"},\"headline\":\"Alpine Botanical Garden Ja\u00ffsinia\",\"datePublished\":\"2023-03-13T09:45:04+00:00\",\"dateModified\":\"2025-12-04T14:56:07+00:00\",\"mainEntityOfPage\":{\"@id\":\"https:\\\/\\\/www.samoens.com\\\/nl\\\/alpine-botanische-tuin-ja-lasinia\\\/\"},\"wordCount\":999,\"image\":{\"@id\":\"https:\\\/\\\/www.samoens.com\\\/nl\\\/alpine-botanische-tuin-ja-lasinia\\\/#primaryimage\"},\"thumbnailUrl\":\"https:\\\/\\\/www.samoens.com\\\/wp-content\\\/uploads\\\/2019\\\/08\\\/021-jaysisnia-entree-samoens.jpg\",\"articleSection\":[\"De geschiedenis van Samo\u00ebns\",\"Erfgoed\"],\"inLanguage\":\"nl-NL\"},{\"@type\":\"WebPage\",\"@id\":\"https:\\\/\\\/www.samoens.com\\\/nl\\\/alpine-botanische-tuin-ja-lasinia\\\/\",\"url\":\"https:\\\/\\\/www.samoens.com\\\/nl\\\/alpine-botanische-tuin-ja-lasinia\\\/\",\"name\":\"Alpine Botanical Garden Ja\u00ffsinia\",\"isPartOf\":{\"@id\":\"https:\\\/\\\/www.samoens.com\\\/#website\"},\"primaryImageOfPage\":{\"@id\":\"https:\\\/\\\/www.samoens.com\\\/nl\\\/alpine-botanische-tuin-ja-lasinia\\\/#primaryimage\"},\"image\":{\"@id\":\"https:\\\/\\\/www.samoens.com\\\/nl\\\/alpine-botanische-tuin-ja-lasinia\\\/#primaryimage\"},\"thumbnailUrl\":\"https:\\\/\\\/www.samoens.com\\\/wp-content\\\/uploads\\\/2019\\\/08\\\/021-jaysisnia-entree-samoens.jpg\",\"datePublished\":\"2023-03-13T09:45:04+00:00\",\"dateModified\":\"2025-12-04T14:56:07+00:00\",\"author\":{\"@id\":\"https:\\\/\\\/www.samoens.com\\\/#\\\/schema\\\/person\\\/9f84694e97a9b976109162d9d96dc2f2\"},\"breadcrumb\":{\"@id\":\"https:\\\/\\\/www.samoens.com\\\/nl\\\/alpine-botanische-tuin-ja-lasinia\\\/#breadcrumb\"},\"inLanguage\":\"nl-NL\",\"potentialAction\":[{\"@type\":\"ReadAction\",\"target\":[\"https:\\\/\\\/www.samoens.com\\\/nl\\\/alpine-botanische-tuin-ja-lasinia\\\/\"]}]},{\"@type\":\"ImageObject\",\"inLanguage\":\"nl-NL\",\"@id\":\"https:\\\/\\\/www.samoens.com\\\/nl\\\/alpine-botanische-tuin-ja-lasinia\\\/#primaryimage\",\"url\":\"https:\\\/\\\/www.samoens.com\\\/wp-content\\\/uploads\\\/2019\\\/08\\\/021-jaysisnia-entree-samoens.jpg\",\"contentUrl\":\"https:\\\/\\\/www.samoens.com\\\/wp-content\\\/uploads\\\/2019\\\/08\\\/021-jaysisnia-entree-samoens.jpg\",\"width\":1029,\"height\":684},{\"@type\":\"BreadcrumbList\",\"@id\":\"https:\\\/\\\/www.samoens.com\\\/nl\\\/alpine-botanische-tuin-ja-lasinia\\\/#breadcrumb\",\"itemListElement\":[{\"@type\":\"ListItem\",\"position\":1,\"name\":\"Accueil\",\"item\":\"https:\\\/\\\/www.samoens.com\\\/nl\\\/\"},{\"@type\":\"ListItem\",\"position\":2,\"name\":\"De geschiedenis van Samo\u00ebns\",\"item\":\"https:\\\/\\\/www.samoens.com\\\/nl\\\/category\\\/histoire-de-samoens-nl\\\/\"},{\"@type\":\"ListItem\",\"position\":3,\"name\":\"Alpine Botanical Garden Ja\u00ffsinia\"}]},{\"@type\":\"WebSite\",\"@id\":\"https:\\\/\\\/www.samoens.com\\\/#website\",\"url\":\"https:\\\/\\\/www.samoens.com\\\/\",\"name\":\"Samo\u00ebns, station de ski et village authentique en Haute-Savoie\",\"description\":\"Nich\u00e9e au coeur du domaine skiable du Grand Massif et \u00e0 moins d&#039;1h de Gen\u00e8ve, Samo\u00ebns rendra vos vacances inoubliables en \u00e9t\u00e9 comme en hiver\",\"potentialAction\":[{\"@type\":\"SearchAction\",\"target\":{\"@type\":\"EntryPoint\",\"urlTemplate\":\"https:\\\/\\\/www.samoens.com\\\/?s={search_term_string}\"},\"query-input\":{\"@type\":\"PropertyValueSpecification\",\"valueRequired\":true,\"valueName\":\"search_term_string\"}}],\"inLanguage\":\"nl-NL\"},{\"@type\":\"Person\",\"@id\":\"https:\\\/\\\/www.samoens.com\\\/#\\\/schema\\\/person\\\/9f84694e97a9b976109162d9d96dc2f2\",\"name\":\"Isabelle\",\"image\":{\"@type\":\"ImageObject\",\"inLanguage\":\"nl-NL\",\"@id\":\"https:\\\/\\\/secure.gravatar.com\\\/avatar\\\/13973acc16a6871b2e7a2b758c75fd8b7c5f0835b5f5b665a2a81454820bba2f?s=96&d=mm&r=g\",\"url\":\"https:\\\/\\\/secure.gravatar.com\\\/avatar\\\/13973acc16a6871b2e7a2b758c75fd8b7c5f0835b5f5b665a2a81454820bba2f?s=96&d=mm&r=g\",\"contentUrl\":\"https:\\\/\\\/secure.gravatar.com\\\/avatar\\\/13973acc16a6871b2e7a2b758c75fd8b7c5f0835b5f5b665a2a81454820bba2f?s=96&d=mm&r=g\",\"caption\":\"Isabelle\"}}]}<\/script>\n<!-- \/ Yoast SEO plugin. -->","yoast_head_json":{"title":"Alpine Botanical Garden Ja\u00ffsinia","robots":{"index":"index","follow":"follow","max-snippet":"max-snippet:-1","max-image-preview":"max-image-preview:large","max-video-preview":"max-video-preview:-1"},"canonical":"https:\/\/www.samoens.com\/nl\/alpine-botanische-tuin-ja-lasinia\/","og_locale":"nl_NL","og_type":"article","og_title":"Alpine Botanical Garden Ja\u00ffsinia","og_description":"[vc_row][vc_column][vc_single_image image=&#8221;2207&#8243; img_size=&#8221;large&#8221;][vc_column_text] De tuin van de wereld Gerangschikt als &#8220;Outstanding Garden of France&#8221;, biedt de Alpine Botanical Garden Ja\u00ffsinia, met zijn 2400 soorten planten, een po\u00ebtische wandeling door de alpiene flora en planten van de bergen van de 5 continenten. Discovery. Wandel over de paden van deze botanische tuin in art-nouveaustijl, het kruispunt tussen [&hellip;]","og_url":"https:\/\/www.samoens.com\/nl\/alpine-botanische-tuin-ja-lasinia\/","og_site_name":"Samo\u00ebns, station de ski et village authentique en Haute-Savoie","article_published_time":"2023-03-13T09:45:04+00:00","article_modified_time":"2025-12-04T14:56:07+00:00","og_image":[{"width":1029,"height":684,"url":"https:\/\/www.samoens.com\/wp-content\/uploads\/2019\/08\/021-jaysisnia-entree-samoens.jpg","type":"image\/jpeg"}],"author":"Isabelle","twitter_card":"summary_large_image","twitter_misc":{"Geschreven door":"Isabelle","Geschatte leestijd":"5 minuten"},"schema":{"@context":"https:\/\/schema.org","@graph":[{"@type":"Article","@id":"https:\/\/www.samoens.com\/nl\/alpine-botanische-tuin-ja-lasinia\/#article","isPartOf":{"@id":"https:\/\/www.samoens.com\/nl\/alpine-botanische-tuin-ja-lasinia\/"},"author":{"name":"Isabelle","@id":"https:\/\/www.samoens.com\/#\/schema\/person\/9f84694e97a9b976109162d9d96dc2f2"},"headline":"Alpine Botanical Garden Ja\u00ffsinia","datePublished":"2023-03-13T09:45:04+00:00","dateModified":"2025-12-04T14:56:07+00:00","mainEntityOfPage":{"@id":"https:\/\/www.samoens.com\/nl\/alpine-botanische-tuin-ja-lasinia\/"},"wordCount":999,"image":{"@id":"https:\/\/www.samoens.com\/nl\/alpine-botanische-tuin-ja-lasinia\/#primaryimage"},"thumbnailUrl":"https:\/\/www.samoens.com\/wp-content\/uploads\/2019\/08\/021-jaysisnia-entree-samoens.jpg","articleSection":["De geschiedenis van Samo\u00ebns","Erfgoed"],"inLanguage":"nl-NL"},{"@type":"WebPage","@id":"https:\/\/www.samoens.com\/nl\/alpine-botanische-tuin-ja-lasinia\/","url":"https:\/\/www.samoens.com\/nl\/alpine-botanische-tuin-ja-lasinia\/","name":"Alpine Botanical Garden Ja\u00ffsinia","isPartOf":{"@id":"https:\/\/www.samoens.com\/#website"},"primaryImageOfPage":{"@id":"https:\/\/www.samoens.com\/nl\/alpine-botanische-tuin-ja-lasinia\/#primaryimage"},"image":{"@id":"https:\/\/www.samoens.com\/nl\/alpine-botanische-tuin-ja-lasinia\/#primaryimage"},"thumbnailUrl":"https:\/\/www.samoens.com\/wp-content\/uploads\/2019\/08\/021-jaysisnia-entree-samoens.jpg","datePublished":"2023-03-13T09:45:04+00:00","dateModified":"2025-12-04T14:56:07+00:00","author":{"@id":"https:\/\/www.samoens.com\/#\/schema\/person\/9f84694e97a9b976109162d9d96dc2f2"},"breadcrumb":{"@id":"https:\/\/www.samoens.com\/nl\/alpine-botanische-tuin-ja-lasinia\/#breadcrumb"},"inLanguage":"nl-NL","potentialAction":[{"@type":"ReadAction","target":["https:\/\/www.samoens.com\/nl\/alpine-botanische-tuin-ja-lasinia\/"]}]},{"@type":"ImageObject","inLanguage":"nl-NL","@id":"https:\/\/www.samoens.com\/nl\/alpine-botanische-tuin-ja-lasinia\/#primaryimage","url":"https:\/\/www.samoens.com\/wp-content\/uploads\/2019\/08\/021-jaysisnia-entree-samoens.jpg","contentUrl":"https:\/\/www.samoens.com\/wp-content\/uploads\/2019\/08\/021-jaysisnia-entree-samoens.jpg","width":1029,"height":684},{"@type":"BreadcrumbList","@id":"https:\/\/www.samoens.com\/nl\/alpine-botanische-tuin-ja-lasinia\/#breadcrumb","itemListElement":[{"@type":"ListItem","position":1,"name":"Accueil","item":"https:\/\/www.samoens.com\/nl\/"},{"@type":"ListItem","position":2,"name":"De geschiedenis van Samo\u00ebns","item":"https:\/\/www.samoens.com\/nl\/category\/histoire-de-samoens-nl\/"},{"@type":"ListItem","position":3,"name":"Alpine Botanical Garden Ja\u00ffsinia"}]},{"@type":"WebSite","@id":"https:\/\/www.samoens.com\/#website","url":"https:\/\/www.samoens.com\/","name":"Samo\u00ebns, station de ski et village authentique en Haute-Savoie","description":"Nich\u00e9e au coeur du domaine skiable du Grand Massif et \u00e0 moins d&#039;1h de Gen\u00e8ve, Samo\u00ebns rendra vos vacances inoubliables en \u00e9t\u00e9 comme en hiver","potentialAction":[{"@type":"SearchAction","target":{"@type":"EntryPoint","urlTemplate":"https:\/\/www.samoens.com\/?s={search_term_string}"},"query-input":{"@type":"PropertyValueSpecification","valueRequired":true,"valueName":"search_term_string"}}],"inLanguage":"nl-NL"},{"@type":"Person","@id":"https:\/\/www.samoens.com\/#\/schema\/person\/9f84694e97a9b976109162d9d96dc2f2","name":"Isabelle","image":{"@type":"ImageObject","inLanguage":"nl-NL","@id":"https:\/\/secure.gravatar.com\/avatar\/13973acc16a6871b2e7a2b758c75fd8b7c5f0835b5f5b665a2a81454820bba2f?s=96&d=mm&r=g","url":"https:\/\/secure.gravatar.com\/avatar\/13973acc16a6871b2e7a2b758c75fd8b7c5f0835b5f5b665a2a81454820bba2f?s=96&d=mm&r=g","contentUrl":"https:\/\/secure.gravatar.com\/avatar\/13973acc16a6871b2e7a2b758c75fd8b7c5f0835b5f5b665a2a81454820bba2f?s=96&d=mm&r=g","caption":"Isabelle"}}]}},"_links":{"self":[{"href":"https:\/\/www.samoens.com\/nl\/wp-json\/wp\/v2\/posts\/2995","targetHints":{"allow":["GET"]}}],"collection":[{"href":"https:\/\/www.samoens.com\/nl\/wp-json\/wp\/v2\/posts"}],"about":[{"href":"https:\/\/www.samoens.com\/nl\/wp-json\/wp\/v2\/types\/post"}],"author":[{"embeddable":true,"href":"https:\/\/www.samoens.com\/nl\/wp-json\/wp\/v2\/users\/2"}],"replies":[{"embeddable":true,"href":"https:\/\/www.samoens.com\/nl\/wp-json\/wp\/v2\/comments?post=2995"}],"version-history":[{"count":2,"href":"https:\/\/www.samoens.com\/nl\/wp-json\/wp\/v2\/posts\/2995\/revisions"}],"predecessor-version":[{"id":604146,"href":"https:\/\/www.samoens.com\/nl\/wp-json\/wp\/v2\/posts\/2995\/revisions\/604146"}],"wp:featuredmedia":[{"embeddable":true,"href":"https:\/\/www.samoens.com\/nl\/wp-json\/wp\/v2\/media\/2237"}],"wp:attachment":[{"href":"https:\/\/www.samoens.com\/nl\/wp-json\/wp\/v2\/media?parent=2995"}],"wp:term":[{"taxonomy":"category","embeddable":true,"href":"https:\/\/www.samoens.com\/nl\/wp-json\/wp\/v2\/categories?post=2995"},{"taxonomy":"post_tag","embeddable":true,"href":"https:\/\/www.samoens.com\/nl\/wp-json\/wp\/v2\/tags?post=2995"}],"curies":[{"name":"wp","href":"https:\/\/api.w.org\/{rel}","templated":true}]}}