{"id":105132,"date":"2025-10-22T11:08:42","date_gmt":"2025-10-22T09:08:42","guid":{"rendered":"https:\/\/www.samoens.com\/?p=105132"},"modified":"2025-10-22T11:08:30","modified_gmt":"2025-10-22T09:08:30","slug":"comment-preparer-ses-vacances-dans-les-alpes-a-samoens","status":"publish","type":"post","link":"https:\/\/www.samoens.com\/nl\/comment-preparer-ses-vacances-dans-les-alpes-a-samoens\/","title":{"rendered":"Hoe bereid je je vakantie in de Alpen in Samo\u00ebns?"},"content":{"rendered":"<div class=\"wpb-content-wrapper\"><p>[vc_row][vc_column][vc_column_text]<span id=\"s2_1\">De winter nadert snel en je hebt besloten om ons Savoyaards dorp te bezoeken.<\/span> <span id=\"s2_2\">Hier zijn enkele tips en tips van de VVV om te genieten en uw verblijf te slagen.<\/span>[\/vc_column_text][\/vc_column][\/vc_row][vc_row][vc_column][vc_single_image image=&#8221;65162&#8243; img_size=&#8221;large&#8221;][\/vc_column][\/vc_row][vc_row][vc_column][vc_column_text]<strong><span id=\"s2_1\">Welke accommodatie voor uw vakantie?<\/span><\/strong><\/p>\n<p><span id=\"s2_2\">Het dorp Alpen biedt vele soorten accommodatie.<\/span>\u00a0<span id=\"s2_3\">Ze zijn geschikt voor alle soorten verblijf en budget.<\/span>\u00a0<span id=\"s2_4\">Van de chalet verhuur tot het traditionele hotel, de kamers: Een reservering service is ingesteld op de website om u beter te begeleiden en uw trappen te vergemakkelijken.<\/span>\u00a0<span id=\"s2_5\">Dit omvat accommodatie, diensten die uw verblijf en activiteiten die worden uitgevoerd tijdens dit winterseizoen vereenvoudigen.<\/span>[\/vc_column_text][\/vc_column][\/vc_row][vc_row][vc_column width=&#8221;1\/3&#8243;][vc_single_image image=&#8221;51095&#8243; img_size=&#8221;medium&#8221;][\/vc_column][vc_column width=&#8221;1\/3&#8243;][vc_single_image image=&#8221;228&#8243; img_size=&#8221;medium&#8221;][\/vc_column][vc_column width=&#8221;1\/3&#8243;][vc_single_image image=&#8221;51072&#8243; img_size=&#8221;medium&#8221;][\/vc_column][\/vc_row][vc_row][vc_column][vc_column_text]<span style=\"font-size: 1em;\"><strong><span id=\"s2_1\">Ski\u00ebn en vele andere winteractiviteiten<\/span><\/strong><\/span><\/p>\n<p><span id=\"s2_2\">Laten we het hebben over activiteiten!<\/span>\u00a0<span id=\"s2_3\">Er is iets voor alle smaken, affiniteiten en leeftijden.<\/span>\u00a0<span id=\"s2_4\">Voor sneeuwliefhebbers is het mogelijk om uw skipas te boeken in het Grand Massif, een van de grootste skigebieden van Europa, op hetzelfde moment als uw accommodatie.<\/span>\u00a0<span id=\"s2_5\">U bespaart tot 40% en geniet van de totale vrijheid om de besneeuwde hellingen tegenover de majestueuze Mont Blanc-keten af te dalen. Alle 148 tracks zijn toegankelijk. Als u met uw kinderen op vakantie gaat, zijn er verschillende skischolen die cursussen op alle niveaus aanbieden. En voor de kleintjes (vanaf drie jaar) is er ook een kleuterschool in Samo\u00ebns 1600. Naast ski\u00ebn zijn er nog vele andere activiteiten die u kunt doen: Wandelen, paragliden, skitochten, welbewandelingsactiviteiten en de beroemde FAT-fiets, elektrische fiets. Het dorpsstation staat ook bekend om zijn bereikbaarheid met vele Handi-activiteiten.<\/span>[\/vc_column_text][\/vc_column][\/vc_row][vc_row][vc_column width=&#8221;1\/3&#8243;][vc_single_image image=&#8221;51038&#8243; img_size=&#8221;medium&#8221;][\/vc_column][vc_column width=&#8221;1\/3&#8243;][vc_single_image image=&#8221;67513&#8243; img_size=&#8221;medium&#8221;][\/vc_column][vc_column width=&#8221;1\/3&#8243;][vc_single_image image=&#8221;11778&#8243; img_size=&#8221;medium&#8221;][\/vc_column][\/vc_row][vc_row][vc_column][vc_column_text]<strong><span id=\"s2_1\">Het verblijf op maat in de winter<\/span><\/strong><\/p>\n<p><span id=\"s2_2\">Als u zich wilt laten leiden door de organisatie van uw verblijf in Samo\u00ebns, is het een praktisch idee om een beroep te doen op ontvankelijke agentschappen. Deze experts uit de regio Haute-Savoie zullen aan al uw wensen voldoen. Een andere oplossing is het aanbod van verblijven in de Alpen in de winter voorgesteld door de VVV. Van het weekend tot de week, vakantie met halfpension of volpension, u wordt verwend met de keuze!<\/span>[\/vc_column_text][\/vc_column][\/vc_row]<\/p>\n<\/div>","protected":false},"excerpt":{"rendered":"<p>[vc_row][vc_column][vc_column_text]De winter nadert snel en je hebt besloten om ons Savoyaards dorp te bezoeken. Hier zijn enkele tips en tips van de VVV om te genieten en uw verblijf te slagen.[\/vc_column_text][\/vc_column][\/vc_row][vc_row][vc_column][vc_single_image image=&#8221;65162&#8243; img_size=&#8221;large&#8221;][\/vc_column][\/vc_row][vc_row][vc_column][vc_column_text]Welke accommodatie voor uw vakantie? Het dorp Alpen biedt vele soorten accommodatie.\u00a0Ze zijn geschikt voor alle soorten verblijf en budget.\u00a0Van de chalet verhuur [&hellip;]<\/p>\n","protected":false},"author":2,"featured_media":65154,"comment_status":"closed","ping_status":"closed","sticky":false,"template":"","format":"standard","meta":{"_acf_changed":false,"footnotes":""},"categories":[319],"tags":[],"class_list":["post-105132","post","type-post","status-publish","format-standard","hentry","category-winter-ontdekking-van-samoens"],"acf":[],"yoast_head":"<!-- This site is optimized with the Yoast SEO plugin v27.4 - https:\/\/yoast.com\/product\/yoast-seo-wordpress\/ -->\n<title>Hoe bereid je je vakantie in de Alpen in Samo\u00ebns?<\/title>\n<meta name=\"robots\" content=\"index, follow, max-snippet:-1, max-image-preview:large, max-video-preview:-1\" \/>\n<link rel=\"canonical\" href=\"https:\/\/www.samoens.com\/nl\/comment-preparer-ses-vacances-dans-les-alpes-a-samoens\/\" \/>\n<meta property=\"og:locale\" content=\"nl_NL\" \/>\n<meta property=\"og:type\" content=\"article\" \/>\n<meta property=\"og:title\" content=\"Hoe bereid je je vakantie in de Alpen in Samo\u00ebns?\" \/>\n<meta property=\"og:description\" content=\"[vc_row][vc_column][vc_column_text]De winter nadert snel en je hebt besloten om ons Savoyaards dorp te bezoeken. Hier zijn enkele tips en tips van de VVV om te genieten en uw verblijf te slagen.[\/vc_column_text][\/vc_column][\/vc_row][vc_row][vc_column][vc_single_image image=&#8221;65162&#8243; img_size=&#8221;large&#8221;][\/vc_column][\/vc_row][vc_row][vc_column][vc_column_text]Welke accommodatie voor uw vakantie? Het dorp Alpen biedt vele soorten accommodatie.\u00a0Ze zijn geschikt voor alle soorten verblijf en budget.\u00a0Van de chalet verhuur [&hellip;]\" \/>\n<meta property=\"og:url\" content=\"https:\/\/www.samoens.com\/nl\/comment-preparer-ses-vacances-dans-les-alpes-a-samoens\/\" \/>\n<meta property=\"og:site_name\" content=\"Samo\u00ebns, station de ski et village authentique en Haute-Savoie\" \/>\n<meta property=\"article:published_time\" content=\"2025-10-22T09:08:42+00:00\" \/>\n<meta property=\"og:image\" content=\"https:\/\/www.samoens.com\/wp-content\/uploads\/2019\/10\/Hameau-de-Samo\u00ebns-Christian-Martelet.jpg\" \/>\n\t<meta property=\"og:image:width\" content=\"2362\" \/>\n\t<meta property=\"og:image:height\" content=\"1569\" \/>\n\t<meta property=\"og:image:type\" content=\"image\/jpeg\" \/>\n<meta name=\"author\" content=\"Isabelle\" \/>\n<meta name=\"twitter:card\" content=\"summary_large_image\" \/>\n<meta name=\"twitter:label1\" content=\"Geschreven door\" \/>\n\t<meta name=\"twitter:data1\" content=\"Isabelle\" \/>\n\t<meta name=\"twitter:label2\" content=\"Geschatte leestijd\" \/>\n\t<meta name=\"twitter:data2\" content=\"2 minuten\" \/>\n<script type=\"application\/ld+json\" class=\"yoast-schema-graph\">{\"@context\":\"https:\\\/\\\/schema.org\",\"@graph\":[{\"@type\":\"Article\",\"@id\":\"https:\\\/\\\/www.samoens.com\\\/nl\\\/comment-preparer-ses-vacances-dans-les-alpes-a-samoens\\\/#article\",\"isPartOf\":{\"@id\":\"https:\\\/\\\/www.samoens.com\\\/nl\\\/comment-preparer-ses-vacances-dans-les-alpes-a-samoens\\\/\"},\"author\":{\"name\":\"Isabelle\",\"@id\":\"https:\\\/\\\/www.samoens.com\\\/#\\\/schema\\\/person\\\/9f84694e97a9b976109162d9d96dc2f2\"},\"headline\":\"Hoe bereid je je vakantie in de Alpen in Samo\u00ebns?\",\"datePublished\":\"2025-10-22T09:08:42+00:00\",\"mainEntityOfPage\":{\"@id\":\"https:\\\/\\\/www.samoens.com\\\/nl\\\/comment-preparer-ses-vacances-dans-les-alpes-a-samoens\\\/\"},\"wordCount\":480,\"image\":{\"@id\":\"https:\\\/\\\/www.samoens.com\\\/nl\\\/comment-preparer-ses-vacances-dans-les-alpes-a-samoens\\\/#primaryimage\"},\"thumbnailUrl\":\"https:\\\/\\\/www.samoens.com\\\/wp-content\\\/uploads\\\/2019\\\/10\\\/Hameau-de-Samo\u00ebns-Christian-Martelet.jpg\",\"articleSection\":[\"Winter ontdekking van Samo\u00ebns\"],\"inLanguage\":\"nl-NL\"},{\"@type\":\"WebPage\",\"@id\":\"https:\\\/\\\/www.samoens.com\\\/nl\\\/comment-preparer-ses-vacances-dans-les-alpes-a-samoens\\\/\",\"url\":\"https:\\\/\\\/www.samoens.com\\\/nl\\\/comment-preparer-ses-vacances-dans-les-alpes-a-samoens\\\/\",\"name\":\"Hoe bereid je je vakantie in de Alpen in Samo\u00ebns?\",\"isPartOf\":{\"@id\":\"https:\\\/\\\/www.samoens.com\\\/#website\"},\"primaryImageOfPage\":{\"@id\":\"https:\\\/\\\/www.samoens.com\\\/nl\\\/comment-preparer-ses-vacances-dans-les-alpes-a-samoens\\\/#primaryimage\"},\"image\":{\"@id\":\"https:\\\/\\\/www.samoens.com\\\/nl\\\/comment-preparer-ses-vacances-dans-les-alpes-a-samoens\\\/#primaryimage\"},\"thumbnailUrl\":\"https:\\\/\\\/www.samoens.com\\\/wp-content\\\/uploads\\\/2019\\\/10\\\/Hameau-de-Samo\u00ebns-Christian-Martelet.jpg\",\"datePublished\":\"2025-10-22T09:08:42+00:00\",\"author\":{\"@id\":\"https:\\\/\\\/www.samoens.com\\\/#\\\/schema\\\/person\\\/9f84694e97a9b976109162d9d96dc2f2\"},\"breadcrumb\":{\"@id\":\"https:\\\/\\\/www.samoens.com\\\/nl\\\/comment-preparer-ses-vacances-dans-les-alpes-a-samoens\\\/#breadcrumb\"},\"inLanguage\":\"nl-NL\",\"potentialAction\":[{\"@type\":\"ReadAction\",\"target\":[\"https:\\\/\\\/www.samoens.com\\\/nl\\\/comment-preparer-ses-vacances-dans-les-alpes-a-samoens\\\/\"]}]},{\"@type\":\"ImageObject\",\"inLanguage\":\"nl-NL\",\"@id\":\"https:\\\/\\\/www.samoens.com\\\/nl\\\/comment-preparer-ses-vacances-dans-les-alpes-a-samoens\\\/#primaryimage\",\"url\":\"https:\\\/\\\/www.samoens.com\\\/wp-content\\\/uploads\\\/2019\\\/10\\\/Hameau-de-Samo\u00ebns-Christian-Martelet.jpg\",\"contentUrl\":\"https:\\\/\\\/www.samoens.com\\\/wp-content\\\/uploads\\\/2019\\\/10\\\/Hameau-de-Samo\u00ebns-Christian-Martelet.jpg\",\"width\":2362,\"height\":1569,\"caption\":\"chalets isol\u00e9s au dessus du hameau les Chosalets\"},{\"@type\":\"BreadcrumbList\",\"@id\":\"https:\\\/\\\/www.samoens.com\\\/nl\\\/comment-preparer-ses-vacances-dans-les-alpes-a-samoens\\\/#breadcrumb\",\"itemListElement\":[{\"@type\":\"ListItem\",\"position\":1,\"name\":\"Accueil\",\"item\":\"https:\\\/\\\/www.samoens.com\\\/nl\\\/\"},{\"@type\":\"ListItem\",\"position\":2,\"name\":\"Winter ontdekking van Samo\u00ebns\",\"item\":\"https:\\\/\\\/www.samoens.com\\\/nl\\\/category\\\/winter-ontdekking-van-samoens\\\/\"},{\"@type\":\"ListItem\",\"position\":3,\"name\":\"Hoe bereid je je vakantie in de Alpen in Samo\u00ebns?\"}]},{\"@type\":\"WebSite\",\"@id\":\"https:\\\/\\\/www.samoens.com\\\/#website\",\"url\":\"https:\\\/\\\/www.samoens.com\\\/\",\"name\":\"Samo\u00ebns, station de ski et village authentique en Haute-Savoie\",\"description\":\"Nich\u00e9e au coeur du domaine skiable du Grand Massif et \u00e0 moins d&#039;1h de Gen\u00e8ve, Samo\u00ebns rendra vos vacances inoubliables en \u00e9t\u00e9 comme en hiver\",\"potentialAction\":[{\"@type\":\"SearchAction\",\"target\":{\"@type\":\"EntryPoint\",\"urlTemplate\":\"https:\\\/\\\/www.samoens.com\\\/?s={search_term_string}\"},\"query-input\":{\"@type\":\"PropertyValueSpecification\",\"valueRequired\":true,\"valueName\":\"search_term_string\"}}],\"inLanguage\":\"nl-NL\"},{\"@type\":\"Person\",\"@id\":\"https:\\\/\\\/www.samoens.com\\\/#\\\/schema\\\/person\\\/9f84694e97a9b976109162d9d96dc2f2\",\"name\":\"Isabelle\",\"image\":{\"@type\":\"ImageObject\",\"inLanguage\":\"nl-NL\",\"@id\":\"https:\\\/\\\/secure.gravatar.com\\\/avatar\\\/13973acc16a6871b2e7a2b758c75fd8b7c5f0835b5f5b665a2a81454820bba2f?s=96&d=mm&r=g\",\"url\":\"https:\\\/\\\/secure.gravatar.com\\\/avatar\\\/13973acc16a6871b2e7a2b758c75fd8b7c5f0835b5f5b665a2a81454820bba2f?s=96&d=mm&r=g\",\"contentUrl\":\"https:\\\/\\\/secure.gravatar.com\\\/avatar\\\/13973acc16a6871b2e7a2b758c75fd8b7c5f0835b5f5b665a2a81454820bba2f?s=96&d=mm&r=g\",\"caption\":\"Isabelle\"}}]}<\/script>\n<!-- \/ Yoast SEO plugin. -->","yoast_head_json":{"title":"Hoe bereid je je vakantie in de Alpen in Samo\u00ebns?","robots":{"index":"index","follow":"follow","max-snippet":"max-snippet:-1","max-image-preview":"max-image-preview:large","max-video-preview":"max-video-preview:-1"},"canonical":"https:\/\/www.samoens.com\/nl\/comment-preparer-ses-vacances-dans-les-alpes-a-samoens\/","og_locale":"nl_NL","og_type":"article","og_title":"Hoe bereid je je vakantie in de Alpen in Samo\u00ebns?","og_description":"[vc_row][vc_column][vc_column_text]De winter nadert snel en je hebt besloten om ons Savoyaards dorp te bezoeken. Hier zijn enkele tips en tips van de VVV om te genieten en uw verblijf te slagen.[\/vc_column_text][\/vc_column][\/vc_row][vc_row][vc_column][vc_single_image image=&#8221;65162&#8243; img_size=&#8221;large&#8221;][\/vc_column][\/vc_row][vc_row][vc_column][vc_column_text]Welke accommodatie voor uw vakantie? Het dorp Alpen biedt vele soorten accommodatie.\u00a0Ze zijn geschikt voor alle soorten verblijf en budget.\u00a0Van de chalet verhuur [&hellip;]","og_url":"https:\/\/www.samoens.com\/nl\/comment-preparer-ses-vacances-dans-les-alpes-a-samoens\/","og_site_name":"Samo\u00ebns, station de ski et village authentique en Haute-Savoie","article_published_time":"2025-10-22T09:08:42+00:00","og_image":[{"width":2362,"height":1569,"url":"https:\/\/www.samoens.com\/wp-content\/uploads\/2019\/10\/Hameau-de-Samo\u00ebns-Christian-Martelet.jpg","type":"image\/jpeg"}],"author":"Isabelle","twitter_card":"summary_large_image","twitter_misc":{"Geschreven door":"Isabelle","Geschatte leestijd":"2 minuten"},"schema":{"@context":"https:\/\/schema.org","@graph":[{"@type":"Article","@id":"https:\/\/www.samoens.com\/nl\/comment-preparer-ses-vacances-dans-les-alpes-a-samoens\/#article","isPartOf":{"@id":"https:\/\/www.samoens.com\/nl\/comment-preparer-ses-vacances-dans-les-alpes-a-samoens\/"},"author":{"name":"Isabelle","@id":"https:\/\/www.samoens.com\/#\/schema\/person\/9f84694e97a9b976109162d9d96dc2f2"},"headline":"Hoe bereid je je vakantie in de Alpen in Samo\u00ebns?","datePublished":"2025-10-22T09:08:42+00:00","mainEntityOfPage":{"@id":"https:\/\/www.samoens.com\/nl\/comment-preparer-ses-vacances-dans-les-alpes-a-samoens\/"},"wordCount":480,"image":{"@id":"https:\/\/www.samoens.com\/nl\/comment-preparer-ses-vacances-dans-les-alpes-a-samoens\/#primaryimage"},"thumbnailUrl":"https:\/\/www.samoens.com\/wp-content\/uploads\/2019\/10\/Hameau-de-Samo\u00ebns-Christian-Martelet.jpg","articleSection":["Winter ontdekking van Samo\u00ebns"],"inLanguage":"nl-NL"},{"@type":"WebPage","@id":"https:\/\/www.samoens.com\/nl\/comment-preparer-ses-vacances-dans-les-alpes-a-samoens\/","url":"https:\/\/www.samoens.com\/nl\/comment-preparer-ses-vacances-dans-les-alpes-a-samoens\/","name":"Hoe bereid je je vakantie in de Alpen in Samo\u00ebns?","isPartOf":{"@id":"https:\/\/www.samoens.com\/#website"},"primaryImageOfPage":{"@id":"https:\/\/www.samoens.com\/nl\/comment-preparer-ses-vacances-dans-les-alpes-a-samoens\/#primaryimage"},"image":{"@id":"https:\/\/www.samoens.com\/nl\/comment-preparer-ses-vacances-dans-les-alpes-a-samoens\/#primaryimage"},"thumbnailUrl":"https:\/\/www.samoens.com\/wp-content\/uploads\/2019\/10\/Hameau-de-Samo\u00ebns-Christian-Martelet.jpg","datePublished":"2025-10-22T09:08:42+00:00","author":{"@id":"https:\/\/www.samoens.com\/#\/schema\/person\/9f84694e97a9b976109162d9d96dc2f2"},"breadcrumb":{"@id":"https:\/\/www.samoens.com\/nl\/comment-preparer-ses-vacances-dans-les-alpes-a-samoens\/#breadcrumb"},"inLanguage":"nl-NL","potentialAction":[{"@type":"ReadAction","target":["https:\/\/www.samoens.com\/nl\/comment-preparer-ses-vacances-dans-les-alpes-a-samoens\/"]}]},{"@type":"ImageObject","inLanguage":"nl-NL","@id":"https:\/\/www.samoens.com\/nl\/comment-preparer-ses-vacances-dans-les-alpes-a-samoens\/#primaryimage","url":"https:\/\/www.samoens.com\/wp-content\/uploads\/2019\/10\/Hameau-de-Samo\u00ebns-Christian-Martelet.jpg","contentUrl":"https:\/\/www.samoens.com\/wp-content\/uploads\/2019\/10\/Hameau-de-Samo\u00ebns-Christian-Martelet.jpg","width":2362,"height":1569,"caption":"chalets isol\u00e9s au dessus du hameau les Chosalets"},{"@type":"BreadcrumbList","@id":"https:\/\/www.samoens.com\/nl\/comment-preparer-ses-vacances-dans-les-alpes-a-samoens\/#breadcrumb","itemListElement":[{"@type":"ListItem","position":1,"name":"Accueil","item":"https:\/\/www.samoens.com\/nl\/"},{"@type":"ListItem","position":2,"name":"Winter ontdekking van Samo\u00ebns","item":"https:\/\/www.samoens.com\/nl\/category\/winter-ontdekking-van-samoens\/"},{"@type":"ListItem","position":3,"name":"Hoe bereid je je vakantie in de Alpen in Samo\u00ebns?"}]},{"@type":"WebSite","@id":"https:\/\/www.samoens.com\/#website","url":"https:\/\/www.samoens.com\/","name":"Samo\u00ebns, station de ski et village authentique en Haute-Savoie","description":"Nich\u00e9e au coeur du domaine skiable du Grand Massif et \u00e0 moins d&#039;1h de Gen\u00e8ve, Samo\u00ebns rendra vos vacances inoubliables en \u00e9t\u00e9 comme en hiver","potentialAction":[{"@type":"SearchAction","target":{"@type":"EntryPoint","urlTemplate":"https:\/\/www.samoens.com\/?s={search_term_string}"},"query-input":{"@type":"PropertyValueSpecification","valueRequired":true,"valueName":"search_term_string"}}],"inLanguage":"nl-NL"},{"@type":"Person","@id":"https:\/\/www.samoens.com\/#\/schema\/person\/9f84694e97a9b976109162d9d96dc2f2","name":"Isabelle","image":{"@type":"ImageObject","inLanguage":"nl-NL","@id":"https:\/\/secure.gravatar.com\/avatar\/13973acc16a6871b2e7a2b758c75fd8b7c5f0835b5f5b665a2a81454820bba2f?s=96&d=mm&r=g","url":"https:\/\/secure.gravatar.com\/avatar\/13973acc16a6871b2e7a2b758c75fd8b7c5f0835b5f5b665a2a81454820bba2f?s=96&d=mm&r=g","contentUrl":"https:\/\/secure.gravatar.com\/avatar\/13973acc16a6871b2e7a2b758c75fd8b7c5f0835b5f5b665a2a81454820bba2f?s=96&d=mm&r=g","caption":"Isabelle"}}]}},"_links":{"self":[{"href":"https:\/\/www.samoens.com\/nl\/wp-json\/wp\/v2\/posts\/105132","targetHints":{"allow":["GET"]}}],"collection":[{"href":"https:\/\/www.samoens.com\/nl\/wp-json\/wp\/v2\/posts"}],"about":[{"href":"https:\/\/www.samoens.com\/nl\/wp-json\/wp\/v2\/types\/post"}],"author":[{"embeddable":true,"href":"https:\/\/www.samoens.com\/nl\/wp-json\/wp\/v2\/users\/2"}],"replies":[{"embeddable":true,"href":"https:\/\/www.samoens.com\/nl\/wp-json\/wp\/v2\/comments?post=105132"}],"version-history":[{"count":1,"href":"https:\/\/www.samoens.com\/nl\/wp-json\/wp\/v2\/posts\/105132\/revisions"}],"predecessor-version":[{"id":593393,"href":"https:\/\/www.samoens.com\/nl\/wp-json\/wp\/v2\/posts\/105132\/revisions\/593393"}],"wp:featuredmedia":[{"embeddable":true,"href":"https:\/\/www.samoens.com\/nl\/wp-json\/wp\/v2\/media\/65154"}],"wp:attachment":[{"href":"https:\/\/www.samoens.com\/nl\/wp-json\/wp\/v2\/media?parent=105132"}],"wp:term":[{"taxonomy":"category","embeddable":true,"href":"https:\/\/www.samoens.com\/nl\/wp-json\/wp\/v2\/categories?post=105132"},{"taxonomy":"post_tag","embeddable":true,"href":"https:\/\/www.samoens.com\/nl\/wp-json\/wp\/v2\/tags?post=105132"}],"curies":[{"name":"wp","href":"https:\/\/api.w.org\/{rel}","templated":true}]}}