{"id":606517,"date":"2026-02-06T13:47:57","date_gmt":"2026-02-06T12:47:57","guid":{"rendered":"https:\/\/www.samoens.com\/ski-de-printemps-samoens\/"},"modified":"2026-02-24T09:21:44","modified_gmt":"2026-02-24T08:21:44","slug":"spring-skiing","status":"publish","type":"post","link":"https:\/\/www.samoens.com\/en\/spring-skiing\/","title":{"rendered":"Spring Skiing in Samo\u00ebns"},"content":{"rendered":"<div class=\"wpb-content-wrapper\"><p>[vc_row][vc_column][vc_column_text css=&#8221;&#8221;]<\/p>\n<h2 data-start=\"223\" data-end=\"273\"><strong data-start=\"226\" data-end=\"273\">Snow at the summit, sunshine on the terrace!<\/strong><\/h2>\n<p data-start=\"275\" data-end=\"432\">Enjoy the last few days of skiing this season in exceptional conditions at the Grand Massif ski area, open until 12 April.<\/p>\n<p>\ud83c\udfbf Guaranteed snow from 1,600 to 2,500 metres,<br \/>\n\ud83e\udded North-facing slopes,<br \/>\n\u2600\ufe0f Unique spring atmosphere.[\/vc_column_text][\/vc_column][\/vc_row][vc_row][vc_column width=&#8221;1\/2&#8243;][vc_column_text css=&#8221;&#8221;]<\/p>\n<h3 class=\"chapeau\">\ud83d\ude80<span style=\"color: #eb4747;\"> Spring skiing is the best plan for the season<\/span><\/h3>\n<ul data-start=\"608\" data-end=\"803\">\n<li data-start=\"608\" data-end=\"654\">Excellent slopes in the morning<\/li>\n<li data-start=\"608\" data-end=\"654\">Longer, milder days<\/li>\n<li data-start=\"608\" data-end=\"654\">A relaxed and festive atmosphere<\/li>\n<li data-start=\"608\" data-end=\"654\">The charm of an authentic village in the heart of the Alps<\/li>\n<\/ul>\n<p>[\/vc_column_text][vc_column_text css=&#8221;&#8221;]<\/p>\n<h3 class=\"chapeau\" data-start=\"1339\" data-end=\"1376\">\ud83d\udc68\u200d\ud83d\udc69\u200d\ud83d\udc67\u200d\ud83d\udc66 <span style=\"color: #eb4747;\"><strong data-start=\"1354\" data-end=\"1376\">The big plus for families<\/strong><\/span><\/h3>\n<p data-start=\"1377\" data-end=\"1506\">\ud83c\udf81 <strong data-start=\"1380\" data-end=\"1443\">FREE downhill ski pass for children up to 8 years old<\/strong><br data-start=\"1443\" data-end=\"1446\" \/>In Samo\u00ebns, family skiing is becoming even more accessible.<\/p>\n<p data-start=\"1508\" data-end=\"1613\">\ud83d\udc49 Find out more : <a href=\"https:\/\/www.samoens.com\/en\/a-samoens-le-forfait-de-ski-alpin-est-gratuit-pour-les-8-ans\/\">https:\/\/www.samoens.com\/en\/a-samoens-le-forfait-de-ski-alpin-est-gratuit-pour-les-8-ans\/<\/a><\/p>\n<p>[\/vc_column_text][vc_column_text css=&#8221;&#8221;]<\/p>\n<h3 class=\"chapeau\" data-start=\"1620\" data-end=\"1654\">\ud83c\udf89<span style=\"color: #eb4747;\"> <strong data-start=\"1626\" data-end=\"1654\">Apr\u00e8s-ski &amp; lifestyle<\/strong><\/span><\/h3>\n<p data-start=\"1655\" data-end=\"1857\">When the skis are put away, the fun continues:<br \/>\n\ud83c\udfb6<strong> Concerts &amp; entertainment<\/strong><br \/>\n<strong>\u2615 Sunny terraces<\/strong><br \/>\n<strong>\ud83d\udecd\ufe0f Strolls through the village shops<\/strong><br \/>\n<strong>\ud83c\udf7d\ufe0f Restaurants &amp; Savoyard specialities<\/strong><\/p>\n<p>[\/vc_column_text][\/vc_column][vc_column width=&#8221;1\/2&#8243;]<div style=\"height:50px;\"><\/div><div class=\"wpb_single_image \" style=\"text-align:center;\"><img decoding=\"async\" width=\"768\" height=\"512\" src=\"https:\/\/www.samoens.com\/wp-content\/uploads\/2026\/02\/AM_0616-768x512.jpg\" class=\"vc_single_image-img\" alt=\"\" loading=\"lazy\" srcset=\"https:\/\/www.samoens.com\/wp-content\/uploads\/2026\/02\/AM_0616-1900x1267.jpg 1900w, https:\/\/www.samoens.com\/wp-content\/uploads\/2026\/02\/AM_0616-1400x934.jpg 1400w, https:\/\/www.samoens.com\/wp-content\/uploads\/2026\/02\/AM_0616-1200x800.jpg 1200w, https:\/\/www.samoens.com\/wp-content\/uploads\/2026\/02\/AM_0616-768x512.jpg 768w, https:\/\/www.samoens.com\/wp-content\/uploads\/2026\/02\/AM_0616-300x200.jpg 300w\" sizes=\"auto, (max-width: 1200px) 100vw, 1200px\"><\/div>[\/vc_column][\/vc_row][vc_row][vc_column]<div style=\"height:50px;\"><\/div>[\/vc_column][\/vc_row][vc_row][vc_column width=&#8221;1\/2&#8243;][vc_column_text css=&#8221;&#8221;]<\/p>\n<h2 data-start=\"227\" data-end=\"275\">\ud83c\udfd4\ufe0f Spring Ski Offer \u2013 Short Stay<\/h2>\n<p><strong>A few days to enjoy the best of the Grand Massif<\/strong><\/p>\n<p>&nbsp;<\/p>\n<p>This offer is designed for those who want to enjoy spring skiing for a short period, while benefiting from the advantages of the end of the season in Samo\u00ebns.<\/p>\n<p>&nbsp;<\/p>\n<p>\u2714\ufe0f<strong> What the offer includes<\/strong><\/p>\n<p>\ud83c\udfe0 Accommodation in Samo\u00ebns for a few nights<\/p>\n<p>\ud83c\udfbf Access to the Grand Massif ski area, open until 12 April<\/p>\n<p>\u2744\ufe0f Skiing between 1,600 and 2,500 metres above sea level, north-facing slopes<\/p>\n<p>\ud83c\udf1e Ideal conditions for spring skiing<\/p>\n<p>\ud83c\udf89 Access to entertainment and the village atmosphere<\/p>\n<p>&nbsp;<\/p>\n<p>\ud83c\udfaf <strong>Who is it for?<\/strong><\/p>\n<p>Couples or friends on a long weekend<\/p>\n<p>Skiers who want to avoid the crowds<\/p>\n<p>Last-minute breaks at smart prices<\/p>\n<p>&nbsp;<\/p>\n<p>\ud83d\udc49 A simple and effective way to get away for a few days, skis on your feet, and enjoy the sun on the terrace after skiing.<\/p>\n<p>\ud83d\udc49<span style=\"color: #eb4747;\"><strong><a style=\"color: #eb4747;\" href=\"https:\/\/booking.samoens.com\/spring-ski-offer-weekend-and-short-breaks-in-the-snow.html\"> I&#8217;m booking my short spring skiing break<\/a><\/strong><\/span><\/p>\n<h3 data-start=\"276\" data-end=\"340\"><\/h3>\n<p>[\/vc_column_text][\/vc_column][vc_column width=&#8221;1\/2&#8243;][vc_column_text css=&#8221;&#8221;]<\/p>\n<h2 data-start=\"1161\" data-end=\"1215\">\u26f7\ufe0f <strong data-start=\"1167\" data-end=\"1215\">Spring Skiing \u2013 Weekly Offer in Samo\u00ebns<\/strong><\/h2>\n<p><strong>A full week of skiing, relaxation and lifestyle<\/strong><\/p>\n<p>&nbsp;<\/p>\n<p>This package allows you to enjoy spring skiing to the fullest, without rushing, in an authentic village resort in the heart of the Alps.<\/p>\n<p>&nbsp;<\/p>\n<p>\u2714\ufe0f <strong>What&#8217;s included in the offer<\/strong><\/p>\n<p>\ud83c\udfe0 Accommodation in Samo\u00ebns for one week<\/p>\n<p>\ud83c\udfbf Access to the Grand Massif ski area<\/p>\n<p>\u2744\ufe0f Quality snow up to 2,500 m<\/p>\n<p>\ud83d\udc68\u200d\ud83d\udc69\u200d\ud83d\udc67\u200d\ud83d\udc66 Free ski pass for children up to 8 years old<\/p>\n<p>\ud83c\udfb6 Entertainment, concerts and spring events<\/p>\n<p>\ud83d\udecd\ufe0f Direct access to the village&#8217;s shops, restaurants and terraces<\/p>\n<p>&nbsp;<\/p>\n<p>\ud83c\udfaf <strong>Who is it for?<\/strong><\/p>\n<p>Families looking for a more relaxed skiing holiday<\/p>\n<p>Skiers who want to alternate between skiing and relaxation<\/p>\n<p>Those who want to end the season on a high note, without stress<\/p>\n<p>&nbsp;<\/p>\n<p>\ud83d\udc49 The ideal format for combining skiing fun in the morning, time with family or friends in the afternoon, and convivial evenings in Samo\u00ebns.<\/p>\n<p>&nbsp;<\/p>\n<p>\ud83d\udc49<span style=\"color: #ed6464;\"><strong> <a style=\"color: #ed6464;\" href=\"https:\/\/booking.samoens.com\/easter-skiing-1.html\">I&#8217;m booking my spring skiing week<\/a><\/strong><\/span>[\/vc_column_text][\/vc_column][\/vc_row][vc_row][vc_column width=&#8221;1\/2&#8243;][vc_column_text css=&#8221;&#8221;]<\/p>\n<h2 data-start=\"1864\" data-end=\"1911\">\ud83d\udcc5 <span style=\"color: #eb4747;\"><strong data-start=\"1870\" data-end=\"1911\">Spring Events in <span class=\"hover:entity-accent entity-underline inline cursor-pointer align-baseline\"><span class=\"whitespace-normal\">Samo\u00ebns<\/span><\/span><\/strong><\/span><\/h2>\n<p data-start=\"1912\" data-end=\"2070\">\ud83c\udf0a \u00a0<strong data-start=\"116\" data-end=\"156\">\u00c7a Joux Plage pour moi \u2013 5th Edition<\/strong><\/p>\n<p data-start=\"1912\" data-end=\"2070\">A must-see event combining entertainment, outdoor and Nordic activities, and a friendly atmosphere to celebrate the arrival of spring.<br data-start=\"2004\" data-end=\"2007\" \/>\ud83d\udc49 <a class=\"decorated-link\" href=\"https:\/\/www.samoens.com\/ca-joux-plage-pour-moi-5eme-edition\/\" target=\"_new\" rel=\"noopener\" data-start=\"2010\" data-end=\"2070\">https:\/\/www.samoens.com\/en\/ca-joux-plage-for-me-5th-edition\/<\/a><\/p>\n<p data-start=\"2072\" data-end=\"2207\">\ud83e\ude82 <strong data-start=\"2075\" data-end=\"2103\">Test\u2019ival Paragliding Festival<\/strong><br data-start=\"2103\" data-end=\"2106\" \/>An event dedicated to thrills and the outdoor world, featuring demonstrations, equipment testing, and a warm, convivial atmosphere.<br data-start=\"2152\" data-end=\"2155\" \/>\ud83d\udc49 <a class=\"decorated-link\" href=\"https:\/\/www.samoens.com\/le-testival-de-parapente\/\" target=\"_new\" rel=\"noopener\" data-start=\"2158\" data-end=\"2207\">https:\/\/www.samoens.com\/en\/le-testival-de-parapente-2nd-edition\/<\/a><\/p>\n<p>[\/vc_column_text][vc_column_text css=&#8221;&#8221;]<\/p>\n<h3 data-start=\"2214\" data-end=\"2271\">\ud83c\udfd4\ufe0f <span style=\"color: #eb4747;\"><strong data-start=\"2221\" data-end=\"2271\">Samo\u00ebns, the best way to end the season<\/strong><\/span><\/h3>\n<p data-start=\"2272\" data-end=\"2395\">\ud83c\udfbf Quality skiing<br data-start=\"143\" data-end=\"146\" \/>\u2600\ufe0f Sunshine<br data-start=\"157\" data-end=\"160\" \/>\ud83c\udf89 Events<br data-start=\"169\" data-end=\"172\" \/>\ud83d\udc68\u200d\ud83d\udc69\u200d\ud83d\udc67\u200d\ud83d\udc66 Family-friendly offers<br data-start=\"206\" data-end=\"209\" data-is-only-node=\"\" \/>\ud83d\udc99 A true village atmosphere<\/p>\n<p>[\/vc_column_text][\/vc_column][vc_column width=&#8221;1\/2&#8243;]<div class=\"wpb_single_image \" style=\"text-align:center;\"><img decoding=\"async\" width=\"768\" height=\"512\" src=\"https:\/\/www.samoens.com\/wp-content\/uploads\/2026\/02\/AM_3187-768x512.jpg\" class=\"vc_single_image-img\" alt=\"\" loading=\"lazy\" srcset=\"https:\/\/www.samoens.com\/wp-content\/uploads\/2026\/02\/AM_3187-1900x1267.jpg 1900w, https:\/\/www.samoens.com\/wp-content\/uploads\/2026\/02\/AM_3187-1400x934.jpg 1400w, https:\/\/www.samoens.com\/wp-content\/uploads\/2026\/02\/AM_3187-1200x800.jpg 1200w, https:\/\/www.samoens.com\/wp-content\/uploads\/2026\/02\/AM_3187-768x512.jpg 768w, https:\/\/www.samoens.com\/wp-content\/uploads\/2026\/02\/AM_3187-300x200.jpg 300w\" sizes=\"auto, (max-width: 1200px) 100vw, 1200px\"><\/div>[\/vc_column][\/vc_row][vc_row][vc_column][vc_column_text css=&#8221;&#8221;]<\/p>\n<h3 data-start=\"2402\" data-end=\"2461\">\ud83d\udd25 <strong data-start=\"2409\" data-end=\"2461\">Don\u2019t miss the final turns of the season<\/strong><\/h3>\n<p data-start=\"2462\" data-end=\"2525\">\ud83d\udc49 <strong data-start=\"2465\" data-end=\"2525\">Book your spring skiing in <span class=\"hover:entity-accent entity-underline inline cursor-pointer align-baseline\"><span class=\"whitespace-normal\">Samo\u00ebns<\/span><\/span> now.<\/strong><\/p>\n<p>[\/vc_column_text][\/vc_column][\/vc_row][vc_row][vc_column width=&#8221;1\/2&#8243;][vc_btn title=&#8221;Spring Skiing Weekly Offer&#8221; color=&#8221;juicy-pink&#8221; css=&#8221;&#8221; link=&#8221;url:https%3A%2F%2Fbooking.samoens.com%2Feaster-skiing-1.html|title:Spring%20Skiing%20Weekly%20Offer&#8221;][\/vc_column][vc_column width=&#8221;1\/2&#8243;][vc_btn title=&#8221;Spring Ski Short Break&#8221; color=&#8221;juicy-pink&#8221; css=&#8221;&#8221; link=&#8221;url:https%3A%2F%2Fbooking.samoens.com%2Fspring-ski-offer-weekend-and-short-breaks-in-the-snow.html|title:Spring%20Ski%20Short%20Break&#8221;][\/vc_column][\/vc_row][vc_row][vc_column]<div class=\"ye_videodiv \"><iframe style=\"width: 100%; height: 100%; right:0;margin:auto;\" src=\"https:\/\/www.youtube.com\/embed\/Sld2Y1yz4Zs\" title=\"YouTube video player\" frameborder=\"0\" allow=\"accelerometer; autoplay; clipboard-write; encrypted-media; gyroscope; picture-in-picture\" allowfullscreen><\/iframe><\/div>[\/vc_column][\/vc_row]<\/p>\n<\/div>","protected":false},"excerpt":{"rendered":"<p>[vc_row][vc_column][vc_column_text css=&#8221;&#8221;] Snow at the summit, sunshine on the terrace! Enjoy the last few days of skiing this season in exceptional conditions at the Grand Massif ski area, open until 12 April. \ud83c\udfbf Guaranteed snow from 1,600 to 2,500 metres, \ud83e\udded North-facing slopes, \u2600\ufe0f Unique spring atmosphere.[\/vc_column_text][\/vc_column][\/vc_row][vc_row][vc_column width=&#8221;1\/2&#8243;][vc_column_text css=&#8221;&#8221;] \ud83d\ude80 Spring skiing is the best [&hellip;]<\/p>\n","protected":false},"author":2,"featured_media":606160,"comment_status":"closed","ping_status":"closed","sticky":true,"template":"","format":"standard","meta":{"_acf_changed":false,"footnotes":""},"categories":[5585],"tags":[],"class_list":["post-606517","post","type-post","status-publish","format-standard","hentry","category-decouverte-de-samoens-lhiver-en"],"acf":[],"yoast_head":"<!-- This site is optimized with the Yoast SEO plugin v27.4 - https:\/\/yoast.com\/product\/yoast-seo-wordpress\/ -->\n<title>Ski de printemps \u00e0 Samo\u00ebns \u2013 Offres &amp; neige jusqu\u2019au 12 avril<\/title>\n<meta name=\"description\" content=\"Enjoy spring skiing in Samo\u00ebns in the Grand Massif ski area: excellent snow conditions up to 2,500 metres, free ski passes for children up to 8 years old, special offers for short breaks or week-long stays, and a festive atmosphere in the heart of the village.\" \/>\n<meta name=\"robots\" content=\"index, follow, max-snippet:-1, max-image-preview:large, max-video-preview:-1\" \/>\n<link rel=\"canonical\" href=\"https:\/\/www.samoens.com\/en\/spring-skiing\/\" \/>\n<meta property=\"og:locale\" content=\"en_US\" \/>\n<meta property=\"og:type\" content=\"article\" \/>\n<meta property=\"og:title\" content=\"Ski de printemps \u00e0 Samo\u00ebns \u2013 Offres &amp; neige jusqu\u2019au 12 avril\" \/>\n<meta property=\"og:description\" content=\"Skiez au printemps \u00e0 Samo\u00ebns : neige garantie jusqu\u2019\u00e0 2 500 m, offres sp\u00e9ciales, forfait gratuit -8 ans et ambiance festive jusqu\u2019au 12 avril.\" \/>\n<meta property=\"og:url\" content=\"https:\/\/www.samoens.com\/en\/spring-skiing\/\" \/>\n<meta property=\"og:site_name\" content=\"Samo\u00ebns, station de ski et village authentique en Haute-Savoie\" \/>\n<meta property=\"article:published_time\" content=\"2026-02-06T12:47:57+00:00\" \/>\n<meta property=\"article:modified_time\" content=\"2026-02-24T08:21:44+00:00\" \/>\n<meta property=\"og:image\" content=\"https:\/\/www.samoens.com\/wp-content\/uploads\/2026\/02\/AM_1477-scaled.jpg\" \/>\n\t<meta property=\"og:image:width\" content=\"2048\" \/>\n\t<meta property=\"og:image:height\" content=\"1366\" \/>\n\t<meta property=\"og:image:type\" content=\"image\/jpeg\" \/>\n<meta name=\"author\" content=\"Isabelle\" \/>\n<meta name=\"twitter:card\" content=\"summary_large_image\" \/>\n<meta name=\"twitter:label1\" content=\"Written by\" \/>\n\t<meta name=\"twitter:data1\" content=\"Isabelle\" \/>\n\t<meta name=\"twitter:label2\" content=\"Est. reading time\" \/>\n\t<meta name=\"twitter:data2\" content=\"4 minutes\" \/>\n<script type=\"application\/ld+json\" class=\"yoast-schema-graph\">{\"@context\":\"https:\\\/\\\/schema.org\",\"@graph\":[{\"@type\":\"Article\",\"@id\":\"https:\\\/\\\/www.samoens.com\\\/en\\\/spring-skiing\\\/#article\",\"isPartOf\":{\"@id\":\"https:\\\/\\\/www.samoens.com\\\/en\\\/spring-skiing\\\/\"},\"author\":{\"name\":\"Isabelle\",\"@id\":\"https:\\\/\\\/www.samoens.com\\\/#\\\/schema\\\/person\\\/9f84694e97a9b976109162d9d96dc2f2\"},\"headline\":\"Spring Skiing in Samo\u00ebns\",\"datePublished\":\"2026-02-06T12:47:57+00:00\",\"dateModified\":\"2026-02-24T08:21:44+00:00\",\"mainEntityOfPage\":{\"@id\":\"https:\\\/\\\/www.samoens.com\\\/en\\\/spring-skiing\\\/\"},\"wordCount\":778,\"image\":{\"@id\":\"https:\\\/\\\/www.samoens.com\\\/en\\\/spring-skiing\\\/#primaryimage\"},\"thumbnailUrl\":\"https:\\\/\\\/www.samoens.com\\\/wp-content\\\/uploads\\\/2026\\\/02\\\/AM_1477-scaled.jpg\",\"articleSection\":[\"Discover Samo\u00ebns in winter\"],\"inLanguage\":\"en-US\"},{\"@type\":\"WebPage\",\"@id\":\"https:\\\/\\\/www.samoens.com\\\/en\\\/spring-skiing\\\/\",\"url\":\"https:\\\/\\\/www.samoens.com\\\/en\\\/spring-skiing\\\/\",\"name\":\"Ski de printemps \u00e0 Samo\u00ebns \u2013 Offres & neige jusqu\u2019au 12 avril\",\"isPartOf\":{\"@id\":\"https:\\\/\\\/www.samoens.com\\\/#website\"},\"primaryImageOfPage\":{\"@id\":\"https:\\\/\\\/www.samoens.com\\\/en\\\/spring-skiing\\\/#primaryimage\"},\"image\":{\"@id\":\"https:\\\/\\\/www.samoens.com\\\/en\\\/spring-skiing\\\/#primaryimage\"},\"thumbnailUrl\":\"https:\\\/\\\/www.samoens.com\\\/wp-content\\\/uploads\\\/2026\\\/02\\\/AM_1477-scaled.jpg\",\"datePublished\":\"2026-02-06T12:47:57+00:00\",\"dateModified\":\"2026-02-24T08:21:44+00:00\",\"author\":{\"@id\":\"https:\\\/\\\/www.samoens.com\\\/#\\\/schema\\\/person\\\/9f84694e97a9b976109162d9d96dc2f2\"},\"description\":\"Skiez au printemps \u00e0 Samo\u00ebns : neige garantie jusqu\u2019\u00e0 2 500 m, offres sp\u00e9ciales, forfait gratuit -8 ans et ambiance festive jusqu\u2019au 12 avril.\",\"breadcrumb\":{\"@id\":\"https:\\\/\\\/www.samoens.com\\\/en\\\/spring-skiing\\\/#breadcrumb\"},\"inLanguage\":\"en-US\",\"potentialAction\":[{\"@type\":\"ReadAction\",\"target\":[\"https:\\\/\\\/www.samoens.com\\\/en\\\/spring-skiing\\\/\"]}]},{\"@type\":\"ImageObject\",\"inLanguage\":\"en-US\",\"@id\":\"https:\\\/\\\/www.samoens.com\\\/en\\\/spring-skiing\\\/#primaryimage\",\"url\":\"https:\\\/\\\/www.samoens.com\\\/wp-content\\\/uploads\\\/2026\\\/02\\\/AM_1477-scaled.jpg\",\"contentUrl\":\"https:\\\/\\\/www.samoens.com\\\/wp-content\\\/uploads\\\/2026\\\/02\\\/AM_1477-scaled.jpg\",\"width\":2048,\"height\":1366},{\"@type\":\"BreadcrumbList\",\"@id\":\"https:\\\/\\\/www.samoens.com\\\/en\\\/spring-skiing\\\/#breadcrumb\",\"itemListElement\":[{\"@type\":\"ListItem\",\"position\":1,\"name\":\"Accueil\",\"item\":\"https:\\\/\\\/www.samoens.com\\\/en\\\/\"},{\"@type\":\"ListItem\",\"position\":2,\"name\":\"Discover Samo\u00ebns in winter\",\"item\":\"https:\\\/\\\/www.samoens.com\\\/en\\\/category\\\/decouverte-de-samoens-lhiver-en\\\/\"},{\"@type\":\"ListItem\",\"position\":3,\"name\":\"Spring Skiing in Samo\u00ebns\"}]},{\"@type\":\"WebSite\",\"@id\":\"https:\\\/\\\/www.samoens.com\\\/#website\",\"url\":\"https:\\\/\\\/www.samoens.com\\\/\",\"name\":\"Samo\u00ebns, station de ski et village authentique en Haute-Savoie\",\"description\":\"Nich\u00e9e au coeur du domaine skiable du Grand Massif et \u00e0 moins d&#039;1h de Gen\u00e8ve, Samo\u00ebns rendra vos vacances inoubliables en \u00e9t\u00e9 comme en hiver\",\"potentialAction\":[{\"@type\":\"SearchAction\",\"target\":{\"@type\":\"EntryPoint\",\"urlTemplate\":\"https:\\\/\\\/www.samoens.com\\\/?s={search_term_string}\"},\"query-input\":{\"@type\":\"PropertyValueSpecification\",\"valueRequired\":true,\"valueName\":\"search_term_string\"}}],\"inLanguage\":\"en-US\"},{\"@type\":\"Person\",\"@id\":\"https:\\\/\\\/www.samoens.com\\\/#\\\/schema\\\/person\\\/9f84694e97a9b976109162d9d96dc2f2\",\"name\":\"Isabelle\",\"image\":{\"@type\":\"ImageObject\",\"inLanguage\":\"en-US\",\"@id\":\"https:\\\/\\\/secure.gravatar.com\\\/avatar\\\/13973acc16a6871b2e7a2b758c75fd8b7c5f0835b5f5b665a2a81454820bba2f?s=96&d=mm&r=g\",\"url\":\"https:\\\/\\\/secure.gravatar.com\\\/avatar\\\/13973acc16a6871b2e7a2b758c75fd8b7c5f0835b5f5b665a2a81454820bba2f?s=96&d=mm&r=g\",\"contentUrl\":\"https:\\\/\\\/secure.gravatar.com\\\/avatar\\\/13973acc16a6871b2e7a2b758c75fd8b7c5f0835b5f5b665a2a81454820bba2f?s=96&d=mm&r=g\",\"caption\":\"Isabelle\"}}]}<\/script>\n<!-- \/ Yoast SEO plugin. -->","yoast_head_json":{"title":"Ski de printemps \u00e0 Samo\u00ebns \u2013 Offres & neige jusqu\u2019au 12 avril","description":"Enjoy spring skiing in Samo\u00ebns in the Grand Massif ski area: excellent snow conditions up to 2,500 metres, free ski passes for children up to 8 years old, special offers for short breaks or week-long stays, and a festive atmosphere in the heart of the village.","robots":{"index":"index","follow":"follow","max-snippet":"max-snippet:-1","max-image-preview":"max-image-preview:large","max-video-preview":"max-video-preview:-1"},"canonical":"https:\/\/www.samoens.com\/en\/spring-skiing\/","og_locale":"en_US","og_type":"article","og_title":"Ski de printemps \u00e0 Samo\u00ebns \u2013 Offres & neige jusqu\u2019au 12 avril","og_description":"Skiez au printemps \u00e0 Samo\u00ebns : neige garantie jusqu\u2019\u00e0 2 500 m, offres sp\u00e9ciales, forfait gratuit -8 ans et ambiance festive jusqu\u2019au 12 avril.","og_url":"https:\/\/www.samoens.com\/en\/spring-skiing\/","og_site_name":"Samo\u00ebns, station de ski et village authentique en Haute-Savoie","article_published_time":"2026-02-06T12:47:57+00:00","article_modified_time":"2026-02-24T08:21:44+00:00","og_image":[{"width":2048,"height":1366,"url":"https:\/\/www.samoens.com\/wp-content\/uploads\/2026\/02\/AM_1477-scaled.jpg","type":"image\/jpeg"}],"author":"Isabelle","twitter_card":"summary_large_image","twitter_misc":{"Written by":"Isabelle","Est. reading time":"4 minutes"},"schema":{"@context":"https:\/\/schema.org","@graph":[{"@type":"Article","@id":"https:\/\/www.samoens.com\/en\/spring-skiing\/#article","isPartOf":{"@id":"https:\/\/www.samoens.com\/en\/spring-skiing\/"},"author":{"name":"Isabelle","@id":"https:\/\/www.samoens.com\/#\/schema\/person\/9f84694e97a9b976109162d9d96dc2f2"},"headline":"Spring Skiing in Samo\u00ebns","datePublished":"2026-02-06T12:47:57+00:00","dateModified":"2026-02-24T08:21:44+00:00","mainEntityOfPage":{"@id":"https:\/\/www.samoens.com\/en\/spring-skiing\/"},"wordCount":778,"image":{"@id":"https:\/\/www.samoens.com\/en\/spring-skiing\/#primaryimage"},"thumbnailUrl":"https:\/\/www.samoens.com\/wp-content\/uploads\/2026\/02\/AM_1477-scaled.jpg","articleSection":["Discover Samo\u00ebns in winter"],"inLanguage":"en-US"},{"@type":"WebPage","@id":"https:\/\/www.samoens.com\/en\/spring-skiing\/","url":"https:\/\/www.samoens.com\/en\/spring-skiing\/","name":"Ski de printemps \u00e0 Samo\u00ebns \u2013 Offres & neige jusqu\u2019au 12 avril","isPartOf":{"@id":"https:\/\/www.samoens.com\/#website"},"primaryImageOfPage":{"@id":"https:\/\/www.samoens.com\/en\/spring-skiing\/#primaryimage"},"image":{"@id":"https:\/\/www.samoens.com\/en\/spring-skiing\/#primaryimage"},"thumbnailUrl":"https:\/\/www.samoens.com\/wp-content\/uploads\/2026\/02\/AM_1477-scaled.jpg","datePublished":"2026-02-06T12:47:57+00:00","dateModified":"2026-02-24T08:21:44+00:00","author":{"@id":"https:\/\/www.samoens.com\/#\/schema\/person\/9f84694e97a9b976109162d9d96dc2f2"},"description":"Skiez au printemps \u00e0 Samo\u00ebns : neige garantie jusqu\u2019\u00e0 2 500 m, offres sp\u00e9ciales, forfait gratuit -8 ans et ambiance festive jusqu\u2019au 12 avril.","breadcrumb":{"@id":"https:\/\/www.samoens.com\/en\/spring-skiing\/#breadcrumb"},"inLanguage":"en-US","potentialAction":[{"@type":"ReadAction","target":["https:\/\/www.samoens.com\/en\/spring-skiing\/"]}]},{"@type":"ImageObject","inLanguage":"en-US","@id":"https:\/\/www.samoens.com\/en\/spring-skiing\/#primaryimage","url":"https:\/\/www.samoens.com\/wp-content\/uploads\/2026\/02\/AM_1477-scaled.jpg","contentUrl":"https:\/\/www.samoens.com\/wp-content\/uploads\/2026\/02\/AM_1477-scaled.jpg","width":2048,"height":1366},{"@type":"BreadcrumbList","@id":"https:\/\/www.samoens.com\/en\/spring-skiing\/#breadcrumb","itemListElement":[{"@type":"ListItem","position":1,"name":"Accueil","item":"https:\/\/www.samoens.com\/en\/"},{"@type":"ListItem","position":2,"name":"Discover Samo\u00ebns in winter","item":"https:\/\/www.samoens.com\/en\/category\/decouverte-de-samoens-lhiver-en\/"},{"@type":"ListItem","position":3,"name":"Spring Skiing in Samo\u00ebns"}]},{"@type":"WebSite","@id":"https:\/\/www.samoens.com\/#website","url":"https:\/\/www.samoens.com\/","name":"Samo\u00ebns, station de ski et village authentique en Haute-Savoie","description":"Nich\u00e9e au coeur du domaine skiable du Grand Massif et \u00e0 moins d&#039;1h de Gen\u00e8ve, Samo\u00ebns rendra vos vacances inoubliables en \u00e9t\u00e9 comme en hiver","potentialAction":[{"@type":"SearchAction","target":{"@type":"EntryPoint","urlTemplate":"https:\/\/www.samoens.com\/?s={search_term_string}"},"query-input":{"@type":"PropertyValueSpecification","valueRequired":true,"valueName":"search_term_string"}}],"inLanguage":"en-US"},{"@type":"Person","@id":"https:\/\/www.samoens.com\/#\/schema\/person\/9f84694e97a9b976109162d9d96dc2f2","name":"Isabelle","image":{"@type":"ImageObject","inLanguage":"en-US","@id":"https:\/\/secure.gravatar.com\/avatar\/13973acc16a6871b2e7a2b758c75fd8b7c5f0835b5f5b665a2a81454820bba2f?s=96&d=mm&r=g","url":"https:\/\/secure.gravatar.com\/avatar\/13973acc16a6871b2e7a2b758c75fd8b7c5f0835b5f5b665a2a81454820bba2f?s=96&d=mm&r=g","contentUrl":"https:\/\/secure.gravatar.com\/avatar\/13973acc16a6871b2e7a2b758c75fd8b7c5f0835b5f5b665a2a81454820bba2f?s=96&d=mm&r=g","caption":"Isabelle"}}]}},"_links":{"self":[{"href":"https:\/\/www.samoens.com\/en\/wp-json\/wp\/v2\/posts\/606517","targetHints":{"allow":["GET"]}}],"collection":[{"href":"https:\/\/www.samoens.com\/en\/wp-json\/wp\/v2\/posts"}],"about":[{"href":"https:\/\/www.samoens.com\/en\/wp-json\/wp\/v2\/types\/post"}],"author":[{"embeddable":true,"href":"https:\/\/www.samoens.com\/en\/wp-json\/wp\/v2\/users\/2"}],"replies":[{"embeddable":true,"href":"https:\/\/www.samoens.com\/en\/wp-json\/wp\/v2\/comments?post=606517"}],"version-history":[{"count":5,"href":"https:\/\/www.samoens.com\/en\/wp-json\/wp\/v2\/posts\/606517\/revisions"}],"predecessor-version":[{"id":606534,"href":"https:\/\/www.samoens.com\/en\/wp-json\/wp\/v2\/posts\/606517\/revisions\/606534"}],"wp:featuredmedia":[{"embeddable":true,"href":"https:\/\/www.samoens.com\/en\/wp-json\/wp\/v2\/media\/606160"}],"wp:attachment":[{"href":"https:\/\/www.samoens.com\/en\/wp-json\/wp\/v2\/media?parent=606517"}],"wp:term":[{"taxonomy":"category","embeddable":true,"href":"https:\/\/www.samoens.com\/en\/wp-json\/wp\/v2\/categories?post=606517"},{"taxonomy":"post_tag","embeddable":true,"href":"https:\/\/www.samoens.com\/en\/wp-json\/wp\/v2\/tags?post=606517"}],"curies":[{"name":"wp","href":"https:\/\/api.w.org\/{rel}","templated":true}]}}