{"id":592074,"date":"2025-10-21T15:54:39","date_gmt":"2025-10-21T13:54:39","guid":{"rendered":"https:\/\/www.samoens.com\/?p=592074"},"modified":"2025-10-21T15:54:39","modified_gmt":"2025-10-21T13:54:39","slug":"cet-hiver-ca-bouge-a-samoens-decouvrez-tous-les-evenements","status":"publish","type":"post","link":"https:\/\/www.samoens.com\/en\/cet-hiver-ca-bouge-a-samoens-decouvrez-tous-les-evenements\/","title":{"rendered":"Samo\u00ebns is on the move this winter! Discover all the events"},"content":{"rendered":"<div class=\"wpb-content-wrapper\"><p>[vc_row][vc_column][vc_column_text]Nestling in the heart of the Alps and its mountains, Samo\u00ebns is much more than just a ski resort. Voted the most beautiful village in Haute-Savoie in 2021, Samo\u00ebns hosts a host of events throughout the winter season. It&#8217;s a real place to live, where travellers can indulge their every whim with a host of fun, sporting and cultural highlights. With its magical landscapes, change of scenery and events, Samo\u00ebns delights young and old every winter! This season&#8217;s programme includes: the Christmas and New Year village, the Vignerons font du ski, the Haut-Giffre winter festival, the French Telemark Cup, Nordic skiing nights, \u2018\u00c7a Joux plane pour moi\u2019, Pop In Samo\u00ebns and the Test&#8217;ival paragliding festival.<\/p>\n<h2><b>EVENTS IN SAMO\u00cbNS<\/b><\/h2>\n<p>Find out about all our events, so you can enjoy a friendly moment each week and discover the treasures of Samo\u00ebns and the region.[\/vc_column_text][vc_btn title=&#8221;Discover our winter events&#8221; color=&#8221;juicy-pink&#8221; size=&#8221;lg&#8221; align=&#8221;center&#8221; link=&#8221;url:https%3A%2F%2Fwww.samoens.com%2Fagenda%2F|title:D%C3%A9couvrez%20les%20animations%20de%20cet%20hiver&#8221;][\/vc_column][\/vc_row][vc_row][vc_column width=&#8221;2\/3&#8243;][vc_empty_space height=&#8221;60px&#8221;][vc_column_text]<\/p>\n<h2>The Christmas and New Year village<\/h2>\n<p>&nbsp;<\/p>\n<h4><strong>From 6 December to 2 January 2026<\/strong><\/h4>\n<p>&nbsp;<\/p>\n<p>Samo\u00ebns immerses travellers in a fairytale atmosphere to celebrate Christmas with a: market (local producers and craftsmen), strolls through the town, a tombola for shopkeepers and the famous Father Christmas parade.<\/p>\n<p>&nbsp;<\/p>\n<p><em><span style=\"color: #6c9ed8;\"><a style=\"color: #6c9ed8;\" href=\"https:\/\/www.samoens.com\/en\/the-christmas-village\/\" target=\"_blank\" rel=\"noopener\">More Information.<\/a><\/span><\/em>[\/vc_column_text][\/vc_column][vc_column width=&#8221;1\/3&#8243;][vc_single_image image=&#8221;443374&#8243; img_size=&#8221;800&#215;700&#8243;][\/vc_column][\/vc_row][vc_row][vc_column][vc_empty_space][vc_zigzag][\/vc_column][\/vc_row][vc_row][vc_column width=&#8221;1\/3&#8243;][vc_single_image image=&#8221;592080&#8243; img_size=&#8221;800&#215;700&#8243;][\/vc_column][vc_column width=&#8221;2\/3&#8243;][vc_empty_space height=&#8221;60px&#8221;][vc_column_text]<\/p>\n<h2><strong>The winegrowers go skiing<\/strong><\/h2>\n<h4><strong>From 9 to 12 January 2025<\/strong><\/h4>\n<p>&nbsp;<\/p>\n<p>This unique event offers epicureans a chance to discover the region&#8217;s wines in a whole new way, with tastings of fine vintages and discussions with the winemakers.<\/p>\n<p>&nbsp;<\/p>\n<p><span style=\"color: #6c9ed8;\"><em><a style=\"color: #6c9ed8;\" href=\"https:\/\/www.samoens.com\/en\/les-vignerons-font-du-ski-3rd-edition\/\" target=\"_blank\" rel=\"noopener\">More Information.<\/a><\/em><\/span>[\/vc_column_text][\/vc_column][\/vc_row][vc_row][vc_column][vc_empty_space][vc_zigzag][\/vc_column][\/vc_row][vc_row][vc_column width=&#8221;2\/3&#8243;][vc_empty_space height=&#8221;60px&#8221;][vc_column_text]<\/p>\n<h2><strong>The Haut-Giffre winter festival<\/strong><\/h2>\n<p>&nbsp;<\/p>\n<h3>24 &amp; 25 January 2026<\/h3>\n<p>&nbsp;<\/p>\n<p>A unique family experience at the Cirque du Fer-\u00e0-Cheval! Participants will discover a host of local Nordic activities such as biathlon and dog sledding in this majestic setting over two entirely free days.<\/p>\n<p>[\/vc_column_text][\/vc_column][vc_column width=&#8221;1\/3&#8243;][vc_single_image image=&#8221;1279&#8243; img_size=&#8221;1000&#215;880&#8243;][\/vc_column][\/vc_row][vc_row][vc_column][vc_empty_space][vc_zigzag][\/vc_column][\/vc_row][vc_row][vc_column width=&#8221;1\/3&#8243;][vc_single_image image=&#8221;1276&#8243; img_size=&#8221;700&#215;400&#8243;][\/vc_column][vc_column width=&#8221;2\/3&#8243;][vc_empty_space height=&#8221;60px&#8221;][vc_column_text]<\/p>\n<h2><strong>Le Test&#8217;ival de parapente<\/strong><\/h2>\n<h4><strong>From 4 to 6 April 2026<\/strong><\/h4>\n<p>&nbsp;<\/p>\n<p>A not-to-be-missed event for paragliders, the Test&#8217;ival launches the start of the free-flight season in Samo\u00ebns, in the heart of the Haut-Giffre valley. The event is an opportunity to discover and test the latest gliders and harnesses free of charge. There&#8217;s something for everyone, from beginners to experts.<\/p>\n<p>&nbsp;<\/p>\n<p><a href=\"https:\/\/www.samoens.com\/en\/le-testival-de-parapente-2nd-edition\/\"><span style=\"color: #6c9ed8;\"><em>More Information.<\/em><\/span><\/a>[\/vc_column_text][\/vc_column][\/vc_row][vc_row][vc_column][vc_empty_space][vc_zigzag][\/vc_column][\/vc_row][vc_row][vc_column][vc_column_text]<\/p>\n<h2 class=\"wpb_wrapper\"><strong>PRACTICAL INFORMATION<\/strong><\/h2>\n<h3 class=\"chapeau\">It&#8217;s easy to find us and get in touch!<\/h3>\n<p><span style=\"font-weight: 400;\">Tourist Office of Samo\u00ebns<\/span><\/p>\n<p><span style=\"font-weight: 400;\">66, place de l\u2019Office de Tourisme<\/span><\/p>\n<p><span style=\"font-weight: 400;\">74340 SAMOENS<\/span><\/p>\n<p><span style=\"font-weight: 400;\">T\u00e9l. : +33 (0)<strong>4 50 34 40 28<\/strong><\/span><\/p>\n<p><span style=\"font-weight: 400;\">Mail : <\/span><strong><a href=\"mailto:infos@www.samoens.com\" target=\"_blank\" rel=\"noopener\">infos@samoens.com<\/a><\/strong>[\/vc_column_text][\/vc_column][\/vc_row]<\/p>\n<\/div>","protected":false},"excerpt":{"rendered":"<p>Durant tout le mois d\u2019ao\u00fbt, Samo\u00ebns vous propose de multiples activit\u00e9s et \u00e9v\u00e8nements en tout genre. Pour les plus petits, comme pour les plus grands, ces moments conviviaux vous feront d\u00e9couvrir la r\u00e9gion tout en profitant des richesses historiques, culturelles et sportives de Samo\u00ebns et ses alentours. Alors, prenez vos sacs \u00e0 dos, vos appareils photos et venez vivre un s\u00e9jour inoubliable au c\u0153ur des Alpes.<\/p>\n","protected":false},"author":2,"featured_media":592082,"comment_status":"closed","ping_status":"closed","sticky":false,"template":"","format":"standard","meta":{"_acf_changed":false,"footnotes":""},"categories":[5585],"tags":[],"class_list":["post-592074","post","type-post","status-publish","format-standard","hentry","category-decouverte-de-samoens-lhiver-en"],"acf":[],"yoast_head":"<!-- This site is optimized with the Yoast SEO plugin v27.4 - https:\/\/yoast.com\/product\/yoast-seo-wordpress\/ -->\n<title>Samo\u00ebns is on the move this winter! Discover all the events<\/title>\n<meta name=\"description\" content=\"Find out about all the activities in Samo\u00ebns in August! Whether you&#039;re looking for sports, culture or relaxation, this summer will be synonymous with pleasure and memories.\" \/>\n<meta name=\"robots\" content=\"index, follow, max-snippet:-1, max-image-preview:large, max-video-preview:-1\" \/>\n<link rel=\"canonical\" href=\"https:\/\/www.samoens.com\/en\/cet-hiver-ca-bouge-a-samoens-decouvrez-tous-les-evenements\/\" \/>\n<meta property=\"og:locale\" content=\"en_US\" \/>\n<meta property=\"og:type\" content=\"article\" \/>\n<meta property=\"og:title\" content=\"Samo\u00ebns is on the move this winter! Discover all the events\" \/>\n<meta property=\"og:description\" content=\"Find out about all the activities in Samo\u00ebns in August! Whether you&#039;re looking for sports, culture or relaxation, this summer will be synonymous with pleasure and memories.\" \/>\n<meta property=\"og:url\" content=\"https:\/\/www.samoens.com\/en\/cet-hiver-ca-bouge-a-samoens-decouvrez-tous-les-evenements\/\" \/>\n<meta property=\"og:site_name\" content=\"Samo\u00ebns, station de ski et village authentique en Haute-Savoie\" \/>\n<meta property=\"article:published_time\" content=\"2025-10-21T13:54:39+00:00\" \/>\n<meta property=\"og:image\" content=\"https:\/\/www.samoens.com\/wp-content\/uploads\/2024\/10\/vinpaillettes.jpg\" \/>\n\t<meta property=\"og:image:width\" content=\"1920\" \/>\n\t<meta property=\"og:image:height\" content=\"1280\" \/>\n\t<meta property=\"og:image:type\" content=\"image\/jpeg\" \/>\n<meta name=\"author\" content=\"Isabelle\" \/>\n<meta name=\"twitter:card\" content=\"summary_large_image\" \/>\n<meta name=\"twitter:label1\" content=\"Written by\" \/>\n\t<meta name=\"twitter:data1\" content=\"Isabelle\" \/>\n\t<meta name=\"twitter:label2\" content=\"Est. reading time\" \/>\n\t<meta name=\"twitter:data2\" content=\"8 minutes\" \/>\n<script type=\"application\/ld+json\" class=\"yoast-schema-graph\">{\"@context\":\"https:\\\/\\\/schema.org\",\"@graph\":[{\"@type\":\"Article\",\"@id\":\"https:\\\/\\\/www.samoens.com\\\/en\\\/cet-hiver-ca-bouge-a-samoens-decouvrez-tous-les-evenements\\\/#article\",\"isPartOf\":{\"@id\":\"https:\\\/\\\/www.samoens.com\\\/en\\\/cet-hiver-ca-bouge-a-samoens-decouvrez-tous-les-evenements\\\/\"},\"author\":{\"name\":\"Isabelle\",\"@id\":\"https:\\\/\\\/www.samoens.com\\\/#\\\/schema\\\/person\\\/9f84694e97a9b976109162d9d96dc2f2\"},\"headline\":\"Samo\u00ebns is on the move this winter! Discover all the events\",\"datePublished\":\"2025-10-21T13:54:39+00:00\",\"mainEntityOfPage\":{\"@id\":\"https:\\\/\\\/www.samoens.com\\\/en\\\/cet-hiver-ca-bouge-a-samoens-decouvrez-tous-les-evenements\\\/\"},\"wordCount\":616,\"image\":{\"@id\":\"https:\\\/\\\/www.samoens.com\\\/en\\\/cet-hiver-ca-bouge-a-samoens-decouvrez-tous-les-evenements\\\/#primaryimage\"},\"thumbnailUrl\":\"https:\\\/\\\/www.samoens.com\\\/wp-content\\\/uploads\\\/2024\\\/10\\\/vinpaillettes.jpg\",\"articleSection\":[\"Discover Samo\u00ebns in winter\"],\"inLanguage\":\"en-US\"},{\"@type\":\"WebPage\",\"@id\":\"https:\\\/\\\/www.samoens.com\\\/en\\\/cet-hiver-ca-bouge-a-samoens-decouvrez-tous-les-evenements\\\/\",\"url\":\"https:\\\/\\\/www.samoens.com\\\/en\\\/cet-hiver-ca-bouge-a-samoens-decouvrez-tous-les-evenements\\\/\",\"name\":\"Samo\u00ebns is on the move this winter! Discover all the events\",\"isPartOf\":{\"@id\":\"https:\\\/\\\/www.samoens.com\\\/#website\"},\"primaryImageOfPage\":{\"@id\":\"https:\\\/\\\/www.samoens.com\\\/en\\\/cet-hiver-ca-bouge-a-samoens-decouvrez-tous-les-evenements\\\/#primaryimage\"},\"image\":{\"@id\":\"https:\\\/\\\/www.samoens.com\\\/en\\\/cet-hiver-ca-bouge-a-samoens-decouvrez-tous-les-evenements\\\/#primaryimage\"},\"thumbnailUrl\":\"https:\\\/\\\/www.samoens.com\\\/wp-content\\\/uploads\\\/2024\\\/10\\\/vinpaillettes.jpg\",\"datePublished\":\"2025-10-21T13:54:39+00:00\",\"author\":{\"@id\":\"https:\\\/\\\/www.samoens.com\\\/#\\\/schema\\\/person\\\/9f84694e97a9b976109162d9d96dc2f2\"},\"description\":\"Find out about all the activities in Samo\u00ebns in August! Whether you're looking for sports, culture or relaxation, this summer will be synonymous with pleasure and memories.\",\"breadcrumb\":{\"@id\":\"https:\\\/\\\/www.samoens.com\\\/en\\\/cet-hiver-ca-bouge-a-samoens-decouvrez-tous-les-evenements\\\/#breadcrumb\"},\"inLanguage\":\"en-US\",\"potentialAction\":[{\"@type\":\"ReadAction\",\"target\":[\"https:\\\/\\\/www.samoens.com\\\/en\\\/cet-hiver-ca-bouge-a-samoens-decouvrez-tous-les-evenements\\\/\"]}]},{\"@type\":\"ImageObject\",\"inLanguage\":\"en-US\",\"@id\":\"https:\\\/\\\/www.samoens.com\\\/en\\\/cet-hiver-ca-bouge-a-samoens-decouvrez-tous-les-evenements\\\/#primaryimage\",\"url\":\"https:\\\/\\\/www.samoens.com\\\/wp-content\\\/uploads\\\/2024\\\/10\\\/vinpaillettes.jpg\",\"contentUrl\":\"https:\\\/\\\/www.samoens.com\\\/wp-content\\\/uploads\\\/2024\\\/10\\\/vinpaillettes.jpg\",\"width\":1920,\"height\":1280},{\"@type\":\"BreadcrumbList\",\"@id\":\"https:\\\/\\\/www.samoens.com\\\/en\\\/cet-hiver-ca-bouge-a-samoens-decouvrez-tous-les-evenements\\\/#breadcrumb\",\"itemListElement\":[{\"@type\":\"ListItem\",\"position\":1,\"name\":\"Accueil\",\"item\":\"https:\\\/\\\/www.samoens.com\\\/en\\\/\"},{\"@type\":\"ListItem\",\"position\":2,\"name\":\"Discover Samo\u00ebns in winter\",\"item\":\"https:\\\/\\\/www.samoens.com\\\/en\\\/category\\\/decouverte-de-samoens-lhiver-en\\\/\"},{\"@type\":\"ListItem\",\"position\":3,\"name\":\"Samo\u00ebns is on the move this winter! Discover all the events\"}]},{\"@type\":\"WebSite\",\"@id\":\"https:\\\/\\\/www.samoens.com\\\/#website\",\"url\":\"https:\\\/\\\/www.samoens.com\\\/\",\"name\":\"Samo\u00ebns, station de ski et village authentique en Haute-Savoie\",\"description\":\"Nich\u00e9e au coeur du domaine skiable du Grand Massif et \u00e0 moins d&#039;1h de Gen\u00e8ve, Samo\u00ebns rendra vos vacances inoubliables en \u00e9t\u00e9 comme en hiver\",\"potentialAction\":[{\"@type\":\"SearchAction\",\"target\":{\"@type\":\"EntryPoint\",\"urlTemplate\":\"https:\\\/\\\/www.samoens.com\\\/?s={search_term_string}\"},\"query-input\":{\"@type\":\"PropertyValueSpecification\",\"valueRequired\":true,\"valueName\":\"search_term_string\"}}],\"inLanguage\":\"en-US\"},{\"@type\":\"Person\",\"@id\":\"https:\\\/\\\/www.samoens.com\\\/#\\\/schema\\\/person\\\/9f84694e97a9b976109162d9d96dc2f2\",\"name\":\"Isabelle\",\"image\":{\"@type\":\"ImageObject\",\"inLanguage\":\"en-US\",\"@id\":\"https:\\\/\\\/secure.gravatar.com\\\/avatar\\\/13973acc16a6871b2e7a2b758c75fd8b7c5f0835b5f5b665a2a81454820bba2f?s=96&d=mm&r=g\",\"url\":\"https:\\\/\\\/secure.gravatar.com\\\/avatar\\\/13973acc16a6871b2e7a2b758c75fd8b7c5f0835b5f5b665a2a81454820bba2f?s=96&d=mm&r=g\",\"contentUrl\":\"https:\\\/\\\/secure.gravatar.com\\\/avatar\\\/13973acc16a6871b2e7a2b758c75fd8b7c5f0835b5f5b665a2a81454820bba2f?s=96&d=mm&r=g\",\"caption\":\"Isabelle\"}}]}<\/script>\n<!-- \/ Yoast SEO plugin. -->","yoast_head_json":{"title":"Samo\u00ebns is on the move this winter! Discover all the events","description":"Find out about all the activities in Samo\u00ebns in August! Whether you're looking for sports, culture or relaxation, this summer will be synonymous with pleasure and memories.","robots":{"index":"index","follow":"follow","max-snippet":"max-snippet:-1","max-image-preview":"max-image-preview:large","max-video-preview":"max-video-preview:-1"},"canonical":"https:\/\/www.samoens.com\/en\/cet-hiver-ca-bouge-a-samoens-decouvrez-tous-les-evenements\/","og_locale":"en_US","og_type":"article","og_title":"Samo\u00ebns is on the move this winter! Discover all the events","og_description":"Find out about all the activities in Samo\u00ebns in August! Whether you're looking for sports, culture or relaxation, this summer will be synonymous with pleasure and memories.","og_url":"https:\/\/www.samoens.com\/en\/cet-hiver-ca-bouge-a-samoens-decouvrez-tous-les-evenements\/","og_site_name":"Samo\u00ebns, station de ski et village authentique en Haute-Savoie","article_published_time":"2025-10-21T13:54:39+00:00","og_image":[{"width":1920,"height":1280,"url":"https:\/\/www.samoens.com\/wp-content\/uploads\/2024\/10\/vinpaillettes.jpg","type":"image\/jpeg"}],"author":"Isabelle","twitter_card":"summary_large_image","twitter_misc":{"Written by":"Isabelle","Est. reading time":"8 minutes"},"schema":{"@context":"https:\/\/schema.org","@graph":[{"@type":"Article","@id":"https:\/\/www.samoens.com\/en\/cet-hiver-ca-bouge-a-samoens-decouvrez-tous-les-evenements\/#article","isPartOf":{"@id":"https:\/\/www.samoens.com\/en\/cet-hiver-ca-bouge-a-samoens-decouvrez-tous-les-evenements\/"},"author":{"name":"Isabelle","@id":"https:\/\/www.samoens.com\/#\/schema\/person\/9f84694e97a9b976109162d9d96dc2f2"},"headline":"Samo\u00ebns is on the move this winter! Discover all the events","datePublished":"2025-10-21T13:54:39+00:00","mainEntityOfPage":{"@id":"https:\/\/www.samoens.com\/en\/cet-hiver-ca-bouge-a-samoens-decouvrez-tous-les-evenements\/"},"wordCount":616,"image":{"@id":"https:\/\/www.samoens.com\/en\/cet-hiver-ca-bouge-a-samoens-decouvrez-tous-les-evenements\/#primaryimage"},"thumbnailUrl":"https:\/\/www.samoens.com\/wp-content\/uploads\/2024\/10\/vinpaillettes.jpg","articleSection":["Discover Samo\u00ebns in winter"],"inLanguage":"en-US"},{"@type":"WebPage","@id":"https:\/\/www.samoens.com\/en\/cet-hiver-ca-bouge-a-samoens-decouvrez-tous-les-evenements\/","url":"https:\/\/www.samoens.com\/en\/cet-hiver-ca-bouge-a-samoens-decouvrez-tous-les-evenements\/","name":"Samo\u00ebns is on the move this winter! Discover all the events","isPartOf":{"@id":"https:\/\/www.samoens.com\/#website"},"primaryImageOfPage":{"@id":"https:\/\/www.samoens.com\/en\/cet-hiver-ca-bouge-a-samoens-decouvrez-tous-les-evenements\/#primaryimage"},"image":{"@id":"https:\/\/www.samoens.com\/en\/cet-hiver-ca-bouge-a-samoens-decouvrez-tous-les-evenements\/#primaryimage"},"thumbnailUrl":"https:\/\/www.samoens.com\/wp-content\/uploads\/2024\/10\/vinpaillettes.jpg","datePublished":"2025-10-21T13:54:39+00:00","author":{"@id":"https:\/\/www.samoens.com\/#\/schema\/person\/9f84694e97a9b976109162d9d96dc2f2"},"description":"Find out about all the activities in Samo\u00ebns in August! Whether you're looking for sports, culture or relaxation, this summer will be synonymous with pleasure and memories.","breadcrumb":{"@id":"https:\/\/www.samoens.com\/en\/cet-hiver-ca-bouge-a-samoens-decouvrez-tous-les-evenements\/#breadcrumb"},"inLanguage":"en-US","potentialAction":[{"@type":"ReadAction","target":["https:\/\/www.samoens.com\/en\/cet-hiver-ca-bouge-a-samoens-decouvrez-tous-les-evenements\/"]}]},{"@type":"ImageObject","inLanguage":"en-US","@id":"https:\/\/www.samoens.com\/en\/cet-hiver-ca-bouge-a-samoens-decouvrez-tous-les-evenements\/#primaryimage","url":"https:\/\/www.samoens.com\/wp-content\/uploads\/2024\/10\/vinpaillettes.jpg","contentUrl":"https:\/\/www.samoens.com\/wp-content\/uploads\/2024\/10\/vinpaillettes.jpg","width":1920,"height":1280},{"@type":"BreadcrumbList","@id":"https:\/\/www.samoens.com\/en\/cet-hiver-ca-bouge-a-samoens-decouvrez-tous-les-evenements\/#breadcrumb","itemListElement":[{"@type":"ListItem","position":1,"name":"Accueil","item":"https:\/\/www.samoens.com\/en\/"},{"@type":"ListItem","position":2,"name":"Discover Samo\u00ebns in winter","item":"https:\/\/www.samoens.com\/en\/category\/decouverte-de-samoens-lhiver-en\/"},{"@type":"ListItem","position":3,"name":"Samo\u00ebns is on the move this winter! Discover all the events"}]},{"@type":"WebSite","@id":"https:\/\/www.samoens.com\/#website","url":"https:\/\/www.samoens.com\/","name":"Samo\u00ebns, station de ski et village authentique en Haute-Savoie","description":"Nich\u00e9e au coeur du domaine skiable du Grand Massif et \u00e0 moins d&#039;1h de Gen\u00e8ve, Samo\u00ebns rendra vos vacances inoubliables en \u00e9t\u00e9 comme en hiver","potentialAction":[{"@type":"SearchAction","target":{"@type":"EntryPoint","urlTemplate":"https:\/\/www.samoens.com\/?s={search_term_string}"},"query-input":{"@type":"PropertyValueSpecification","valueRequired":true,"valueName":"search_term_string"}}],"inLanguage":"en-US"},{"@type":"Person","@id":"https:\/\/www.samoens.com\/#\/schema\/person\/9f84694e97a9b976109162d9d96dc2f2","name":"Isabelle","image":{"@type":"ImageObject","inLanguage":"en-US","@id":"https:\/\/secure.gravatar.com\/avatar\/13973acc16a6871b2e7a2b758c75fd8b7c5f0835b5f5b665a2a81454820bba2f?s=96&d=mm&r=g","url":"https:\/\/secure.gravatar.com\/avatar\/13973acc16a6871b2e7a2b758c75fd8b7c5f0835b5f5b665a2a81454820bba2f?s=96&d=mm&r=g","contentUrl":"https:\/\/secure.gravatar.com\/avatar\/13973acc16a6871b2e7a2b758c75fd8b7c5f0835b5f5b665a2a81454820bba2f?s=96&d=mm&r=g","caption":"Isabelle"}}]}},"_links":{"self":[{"href":"https:\/\/www.samoens.com\/en\/wp-json\/wp\/v2\/posts\/592074","targetHints":{"allow":["GET"]}}],"collection":[{"href":"https:\/\/www.samoens.com\/en\/wp-json\/wp\/v2\/posts"}],"about":[{"href":"https:\/\/www.samoens.com\/en\/wp-json\/wp\/v2\/types\/post"}],"author":[{"embeddable":true,"href":"https:\/\/www.samoens.com\/en\/wp-json\/wp\/v2\/users\/2"}],"replies":[{"embeddable":true,"href":"https:\/\/www.samoens.com\/en\/wp-json\/wp\/v2\/comments?post=592074"}],"version-history":[{"count":5,"href":"https:\/\/www.samoens.com\/en\/wp-json\/wp\/v2\/posts\/592074\/revisions"}],"predecessor-version":[{"id":602433,"href":"https:\/\/www.samoens.com\/en\/wp-json\/wp\/v2\/posts\/592074\/revisions\/602433"}],"wp:featuredmedia":[{"embeddable":true,"href":"https:\/\/www.samoens.com\/en\/wp-json\/wp\/v2\/media\/592082"}],"wp:attachment":[{"href":"https:\/\/www.samoens.com\/en\/wp-json\/wp\/v2\/media?parent=592074"}],"wp:term":[{"taxonomy":"category","embeddable":true,"href":"https:\/\/www.samoens.com\/en\/wp-json\/wp\/v2\/categories?post=592074"},{"taxonomy":"post_tag","embeddable":true,"href":"https:\/\/www.samoens.com\/en\/wp-json\/wp\/v2\/tags?post=592074"}],"curies":[{"name":"wp","href":"https:\/\/api.w.org\/{rel}","templated":true}]}}