{"id":579467,"date":"2026-03-31T10:50:14","date_gmt":"2026-03-31T08:50:14","guid":{"rendered":"https:\/\/www.samoens.com\/?p=579467"},"modified":"2026-03-31T11:56:03","modified_gmt":"2026-03-31T09:56:03","slug":"vacances-ete-montagne-samoens","status":"publish","type":"post","link":"https:\/\/www.samoens.com\/en\/vacances-ete-montagne-samoens\/","title":{"rendered":"A dream family holiday in the mountains this summer in Samo\u00ebns, Haute-Savoie"},"content":{"rendered":"<div class=\"wpb-content-wrapper\"><p>[vc_row][vc_column][vc_column_text]<\/p>\n<h2 class=\"chapeau\">Nestling in the heart of the French Alps, Samo\u00ebns is an ideal destination for a family holiday in the mountains this summer. With its stunning scenery, rich cultural heritage and many activities for all ages, Samo\u00ebns promises a dream holiday for families looking for adventure, relaxation and discovery. Whether you&#8217;re a keen hiker, mountain biker, rock climber, swimmer or gourmet, Samo\u00ebns has something for everyone.<\/h2>\n<p>[\/vc_column_text][\/vc_column][\/vc_row][vc_row][vc_column][\/vc_column][\/vc_row][vc_row][vc_column width=&#8221;1\/2&#8243;][vc_column_text css=&#8221;&#8221;]<\/p>\n<h3>Samo\u00ebns, a mountain village rich in history and gastronomy<\/h3>\n<p>&nbsp;<\/p>\n<p>Samo\u00ebns is a <strong>mountain village<\/strong> with a fascinating history. Founded in the Middle Ages, the village has preserved its exceptional architectural heritage, with cobbled streets, fountains, churches and <a href=\"https:\/\/www.samoens.com\/?page_id=1447#\">traditional stone<\/a> houses. Stroll through the village and discover its hidden treasures, such as the <a href=\"https:\/\/www.samoens.com\/en\/alpine-botanical-garden-jaysinia\/\">Alpine Botanical Garden<\/a> and the <a href=\"https:\/\/www.samoens.com\/en\/clos-parchet-farm-and-folk-museum-tour\/\">Clos Parchet farm<\/a>, a museum of local life. But Samo\u00ebns is also a gastronomic destination in its own right, with Savoyard culinary specialities such as raclette, tartiflette and fondue. You can sample these traditional dishes in the village&#8217;s many restaurants, or cook them yourself in your accommodation. Believe us, all Savoyard recipes will delight the taste buds of young and old alike, and promise authentic family moments and unforgettable memories.[\/vc_column_text][\/vc_column][vc_column width=&#8221;1\/2&#8243;][vc_single_image image=&#8221;579646&#8243; img_size=&#8221;&#8221;][\/vc_column][\/vc_row][vc_row][vc_column][\/vc_column][\/vc_row][vc_row][vc_column width=&#8221;1\/2&#8243;][vc_single_image image=&#8221;2278&#8243; img_size=&#8221;&#8221;][\/vc_column][vc_column width=&#8221;1\/2&#8243;][vc_column_text]<\/p>\n<h3>Activities for all the family in Samo\u00ebns: hiking, cycling, swimming and more<\/h3>\n<p>&nbsp;<\/p>\n<p>Samo\u00ebns is a must for families looking for <strong>outdoor activities<\/strong>. Whether you enjoy <strong>hiking<\/strong>, <strong>mountain biking<\/strong>, <strong>swimming<\/strong> or just <strong>relaxing<\/strong>, Samo\u00ebns has something for everyone. Hikers can explore the magnificent scenery of the Alps, with hundreds of kilometres of <a href=\"https:\/\/www.samoens.com\/en\/the-10-most-beautiful-hikes-from-samoens\/\">marked trails<\/a> for all abilities. Families with children can enjoy easier walks, such as along the Giffre river or exploring the village on the <a href=\"https:\/\/www.samoens.com\/en\/septitrain-tourist-train\/\">little tourist train<\/a>. Mountain bikers can enjoy routes adapted to their level, with spectacular mountain views. On warmer days, the <a href=\"https:\/\/www.samoens.com\/en\/swimming-pool\/\">swimming pool<\/a> or <a href=\"https:\/\/www.samoens.com\/en\/lac-aux-dames-leisure-centre-in-summer\/\">Lac aux Dames<\/a> are ideal for cooling off and relaxing with the whole family. Finally, the more adventurous can try their hand at climbing, paragliding or even rafting in the region&#8217;s tumultuous waters.[\/vc_column_text][\/vc_column][\/vc_row][vc_row][vc_column][\/vc_column][\/vc_row][vc_row][vc_column width=&#8221;1\/2&#8243;][vc_empty_space height=&#8221;100px&#8221;][vc_column_text]<\/p>\n<h3>Where to stay with your family in Samo\u00ebns?<\/h3>\n<p>&nbsp;<\/p>\n<p>Samo\u00ebns offers a <a href=\"https:\/\/booking.samoens.com\/summer\">wide range of accommodation<\/a> for families looking for a <strong>dream mountain holiday<\/strong>. Whether you&#8217;re looking for a family hotel, a cosy chalet or a spacious flat, you&#8217;re sure to find the right accommodation for your family. <strong>Hotels<\/strong> in the village are ideally located for exploring the surrounding area, while <strong>chalets<\/strong> offer a warm and friendly atmosphere, ideal for a family holiday. <strong>Flats<\/strong> are also a popular option, offering more space and freedom with the option of self-catering. Whatever your choice, you can enjoy a wide range of services and amenities to make your stay as enjoyable as possible.[\/vc_column_text][\/vc_column][vc_column width=&#8221;1\/2&#8243;][vc_single_image image=&#8221;558846&#8243; img_size=&#8221;medium&#8221;][\/vc_column][\/vc_row][vc_row][vc_column][\/vc_column][\/vc_row][vc_row][vc_column width=&#8221;1\/2&#8243;][vc_single_image image=&#8221;562274&#8243; img_size=&#8221;&#8221;][\/vc_column][vc_column width=&#8221;1\/2&#8243;][vc_empty_space height=&#8221;50px&#8221;][vc_column_text css=&#8221;&#8221;]<\/p>\n<h3>From festivals to markets: the must-see events in Samo\u00ebns<\/h3>\n<p>&nbsp;<\/p>\n<p>Samo\u00ebns is also a destination rich in <strong>cultural and festive events<\/strong>. Throughout the summer, the town organises numerous festivals and events to delight young and old alike. Among the most popular <a href=\"https:\/\/www.samoens.com\/en\/diary\/\">events<\/a> are the <a href=\"https:\/\/www.samoens.com\/en\/samoens-american-festival-2025-saf-17th-edition\/\">Samo\u00ebns American Festival<\/a>, held every year in July, the <a href=\"https:\/\/www.samoens.com\/en\/festival-lyrique-du-giffre-2026\/\">Festival Lyrique<\/a>, the <a href=\"https:\/\/www.samoens.com\/en\/ultra-trail-du-haut-giffre-uthg-13th-edition\/\">Ultra Trail du Haut Giffre<\/a> and the <a href=\"https:\/\/www.samoens.com\/en\/baroudeurs-des-alpes\/\">Baroudeur des Alpes<\/a>. Food lovers can take part in the weekly market, held every Wednesday morning, to discover local and regional produce. Children can also enjoy the <a href=\"https:\/\/www.samoens.com\/en\/programmes-de-la-semaine\/\">entertainment on offer<\/a>. Finally, art lovers can visit the exhibitions of paintings, sculptures and local crafts held throughout the summer. Whatever your interests, there&#8217;s always an event to suit you in Samo\u00ebns.[\/vc_column_text][\/vc_column][\/vc_row][vc_row][vc_column][\/vc_column][\/vc_row][vc_row][vc_column][vc_column_text]In short, Samo\u00ebns is a great destination for families looking for a mountain holiday. Between the outdoor activities, the festive events and the village&#8217;s rich culture, there&#8217;s something for everyone. What&#8217;s more, the accommodation here is high-quality and tailored to the needs of families. So book your stay in Samo\u00ebns now and enjoy an unforgettable summer with your family.[\/vc_column_text][\/vc_column][\/vc_row]<\/p>\n<\/div>","protected":false},"excerpt":{"rendered":"<p>Nich\u00e9 au c\u0153ur des Alpes fran\u00e7aises, Samo\u00ebns est une destination id\u00e9ale pour des vacances en famille \u00e0 la montagne cet \u00e9t\u00e9. Avec ses paysages qui nous \u00e9merveillent, son riche patrimoine culturel et ses nombreuses activit\u00e9s pour tous les \u00e2ges, Samo\u00ebns promet des vacances de r\u00eave pour les familles en qu\u00eate d&#8217;aventure, de d\u00e9tente et de d\u00e9couvertes. Que vous soyez amateurs de randonn\u00e9es, de VTT, d&#8217;escalade, de baignade ou de gastronomie, Samo\u00ebns saura r\u00e9pondre \u00e0 toutes vos envies. <\/p>\n","protected":false},"author":2,"featured_media":430120,"comment_status":"closed","ping_status":"closed","sticky":false,"template":"","format":"standard","meta":{"_acf_changed":false,"footnotes":""},"categories":[5220],"tags":[],"class_list":["post-579467","post","type-post","status-publish","format-standard","hentry","category-decouverte-de-samoens-lete-en"],"acf":[],"yoast_head":"<!-- This site is optimized with the Yoast SEO plugin v27.4 - https:\/\/yoast.com\/product\/yoast-seo-wordpress\/ -->\n<title>Vacances \u00e0 la montagne cet \u00e9t\u00e9 \u00e0 Samo\u00ebns, en Haute-Savoie<\/title>\n<meta name=\"description\" content=\"Pr\u00e9parez-vous \u00e0 vivre des vacances de r\u00eave en famille \u00e0 la montagne cet \u00e9t\u00e9 \u00e0 Samo\u00ebns, en Haute-Savoie \u00e0 deux pas de Gen\u00e8ve et du Mont-Blanc\" \/>\n<meta name=\"robots\" content=\"index, follow, max-snippet:-1, max-image-preview:large, max-video-preview:-1\" \/>\n<link rel=\"canonical\" href=\"https:\/\/www.samoens.com\/en\/vacances-ete-montagne-samoens\/\" \/>\n<meta property=\"og:locale\" content=\"en_US\" \/>\n<meta property=\"og:type\" content=\"article\" \/>\n<meta property=\"og:title\" content=\"Vacances \u00e0 la montagne cet \u00e9t\u00e9 \u00e0 Samo\u00ebns, en Haute-Savoie\" \/>\n<meta property=\"og:description\" content=\"Pr\u00e9parez-vous \u00e0 vivre des vacances de r\u00eave en famille \u00e0 la montagne cet \u00e9t\u00e9 \u00e0 Samo\u00ebns, en Haute-Savoie \u00e0 deux pas de Gen\u00e8ve et du Mont-Blanc\" \/>\n<meta property=\"og:url\" content=\"https:\/\/www.samoens.com\/en\/vacances-ete-montagne-samoens\/\" \/>\n<meta property=\"og:site_name\" content=\"Samo\u00ebns, station de ski et village authentique en Haute-Savoie\" \/>\n<meta property=\"article:published_time\" content=\"2026-03-31T08:50:14+00:00\" \/>\n<meta property=\"article:modified_time\" content=\"2026-03-31T09:56:03+00:00\" \/>\n<meta property=\"og:image\" content=\"https:\/\/www.samoens.com\/wp-content\/uploads\/2020\/10\/peche-scaled.jpg\" \/>\n\t<meta property=\"og:image:width\" content=\"2560\" \/>\n\t<meta property=\"og:image:height\" content=\"1709\" \/>\n\t<meta property=\"og:image:type\" content=\"image\/jpeg\" \/>\n<meta name=\"author\" content=\"Isabelle\" \/>\n<meta name=\"twitter:card\" content=\"summary_large_image\" \/>\n<meta name=\"twitter:label1\" content=\"Written by\" \/>\n\t<meta name=\"twitter:data1\" content=\"Isabelle\" \/>\n\t<meta name=\"twitter:label2\" content=\"Est. reading time\" \/>\n\t<meta name=\"twitter:data2\" content=\"4 minutes\" \/>\n<script type=\"application\/ld+json\" class=\"yoast-schema-graph\">{\"@context\":\"https:\\\/\\\/schema.org\",\"@graph\":[{\"@type\":\"Article\",\"@id\":\"https:\\\/\\\/www.samoens.com\\\/en\\\/vacances-ete-montagne-samoens\\\/#article\",\"isPartOf\":{\"@id\":\"https:\\\/\\\/www.samoens.com\\\/en\\\/vacances-ete-montagne-samoens\\\/\"},\"author\":{\"name\":\"Isabelle\",\"@id\":\"https:\\\/\\\/www.samoens.com\\\/#\\\/schema\\\/person\\\/9f84694e97a9b976109162d9d96dc2f2\"},\"headline\":\"A dream family holiday in the mountains this summer in Samo\u00ebns, Haute-Savoie\",\"datePublished\":\"2026-03-31T08:50:14+00:00\",\"dateModified\":\"2026-03-31T09:56:03+00:00\",\"mainEntityOfPage\":{\"@id\":\"https:\\\/\\\/www.samoens.com\\\/en\\\/vacances-ete-montagne-samoens\\\/\"},\"wordCount\":831,\"image\":{\"@id\":\"https:\\\/\\\/www.samoens.com\\\/en\\\/vacances-ete-montagne-samoens\\\/#primaryimage\"},\"thumbnailUrl\":\"https:\\\/\\\/www.samoens.com\\\/wp-content\\\/uploads\\\/2020\\\/10\\\/peche-scaled.jpg\",\"articleSection\":[\"Discovery of Samo\u00ebns in summer\"],\"inLanguage\":\"en-US\"},{\"@type\":\"WebPage\",\"@id\":\"https:\\\/\\\/www.samoens.com\\\/en\\\/vacances-ete-montagne-samoens\\\/\",\"url\":\"https:\\\/\\\/www.samoens.com\\\/en\\\/vacances-ete-montagne-samoens\\\/\",\"name\":\"Vacances \u00e0 la montagne cet \u00e9t\u00e9 \u00e0 Samo\u00ebns, en Haute-Savoie\",\"isPartOf\":{\"@id\":\"https:\\\/\\\/www.samoens.com\\\/#website\"},\"primaryImageOfPage\":{\"@id\":\"https:\\\/\\\/www.samoens.com\\\/en\\\/vacances-ete-montagne-samoens\\\/#primaryimage\"},\"image\":{\"@id\":\"https:\\\/\\\/www.samoens.com\\\/en\\\/vacances-ete-montagne-samoens\\\/#primaryimage\"},\"thumbnailUrl\":\"https:\\\/\\\/www.samoens.com\\\/wp-content\\\/uploads\\\/2020\\\/10\\\/peche-scaled.jpg\",\"datePublished\":\"2026-03-31T08:50:14+00:00\",\"dateModified\":\"2026-03-31T09:56:03+00:00\",\"author\":{\"@id\":\"https:\\\/\\\/www.samoens.com\\\/#\\\/schema\\\/person\\\/9f84694e97a9b976109162d9d96dc2f2\"},\"description\":\"Pr\u00e9parez-vous \u00e0 vivre des vacances de r\u00eave en famille \u00e0 la montagne cet \u00e9t\u00e9 \u00e0 Samo\u00ebns, en Haute-Savoie \u00e0 deux pas de Gen\u00e8ve et du Mont-Blanc\",\"breadcrumb\":{\"@id\":\"https:\\\/\\\/www.samoens.com\\\/en\\\/vacances-ete-montagne-samoens\\\/#breadcrumb\"},\"inLanguage\":\"en-US\",\"potentialAction\":[{\"@type\":\"ReadAction\",\"target\":[\"https:\\\/\\\/www.samoens.com\\\/en\\\/vacances-ete-montagne-samoens\\\/\"]}]},{\"@type\":\"ImageObject\",\"inLanguage\":\"en-US\",\"@id\":\"https:\\\/\\\/www.samoens.com\\\/en\\\/vacances-ete-montagne-samoens\\\/#primaryimage\",\"url\":\"https:\\\/\\\/www.samoens.com\\\/wp-content\\\/uploads\\\/2020\\\/10\\\/peche-scaled.jpg\",\"contentUrl\":\"https:\\\/\\\/www.samoens.com\\\/wp-content\\\/uploads\\\/2020\\\/10\\\/peche-scaled.jpg\",\"width\":2560,\"height\":1709,\"caption\":\"P\u00eache en famille \u00e0 Samo\u00ebns\"},{\"@type\":\"BreadcrumbList\",\"@id\":\"https:\\\/\\\/www.samoens.com\\\/en\\\/vacances-ete-montagne-samoens\\\/#breadcrumb\",\"itemListElement\":[{\"@type\":\"ListItem\",\"position\":1,\"name\":\"Accueil\",\"item\":\"https:\\\/\\\/www.samoens.com\\\/en\\\/\"},{\"@type\":\"ListItem\",\"position\":2,\"name\":\"Discovery of Samo\u00ebns in summer\",\"item\":\"https:\\\/\\\/www.samoens.com\\\/en\\\/category\\\/decouverte-de-samoens-lete-en\\\/\"},{\"@type\":\"ListItem\",\"position\":3,\"name\":\"A dream family holiday in the mountains this summer in Samo\u00ebns, Haute-Savoie\"}]},{\"@type\":\"WebSite\",\"@id\":\"https:\\\/\\\/www.samoens.com\\\/#website\",\"url\":\"https:\\\/\\\/www.samoens.com\\\/\",\"name\":\"Samo\u00ebns, station de ski et village authentique en Haute-Savoie\",\"description\":\"Nich\u00e9e au coeur du domaine skiable du Grand Massif et \u00e0 moins d&#039;1h de Gen\u00e8ve, Samo\u00ebns rendra vos vacances inoubliables en \u00e9t\u00e9 comme en hiver\",\"potentialAction\":[{\"@type\":\"SearchAction\",\"target\":{\"@type\":\"EntryPoint\",\"urlTemplate\":\"https:\\\/\\\/www.samoens.com\\\/?s={search_term_string}\"},\"query-input\":{\"@type\":\"PropertyValueSpecification\",\"valueRequired\":true,\"valueName\":\"search_term_string\"}}],\"inLanguage\":\"en-US\"},{\"@type\":\"Person\",\"@id\":\"https:\\\/\\\/www.samoens.com\\\/#\\\/schema\\\/person\\\/9f84694e97a9b976109162d9d96dc2f2\",\"name\":\"Isabelle\",\"image\":{\"@type\":\"ImageObject\",\"inLanguage\":\"en-US\",\"@id\":\"https:\\\/\\\/secure.gravatar.com\\\/avatar\\\/13973acc16a6871b2e7a2b758c75fd8b7c5f0835b5f5b665a2a81454820bba2f?s=96&d=mm&r=g\",\"url\":\"https:\\\/\\\/secure.gravatar.com\\\/avatar\\\/13973acc16a6871b2e7a2b758c75fd8b7c5f0835b5f5b665a2a81454820bba2f?s=96&d=mm&r=g\",\"contentUrl\":\"https:\\\/\\\/secure.gravatar.com\\\/avatar\\\/13973acc16a6871b2e7a2b758c75fd8b7c5f0835b5f5b665a2a81454820bba2f?s=96&d=mm&r=g\",\"caption\":\"Isabelle\"}}]}<\/script>\n<!-- \/ Yoast SEO plugin. -->","yoast_head_json":{"title":"Vacances \u00e0 la montagne cet \u00e9t\u00e9 \u00e0 Samo\u00ebns, en Haute-Savoie","description":"Pr\u00e9parez-vous \u00e0 vivre des vacances de r\u00eave en famille \u00e0 la montagne cet \u00e9t\u00e9 \u00e0 Samo\u00ebns, en Haute-Savoie \u00e0 deux pas de Gen\u00e8ve et du Mont-Blanc","robots":{"index":"index","follow":"follow","max-snippet":"max-snippet:-1","max-image-preview":"max-image-preview:large","max-video-preview":"max-video-preview:-1"},"canonical":"https:\/\/www.samoens.com\/en\/vacances-ete-montagne-samoens\/","og_locale":"en_US","og_type":"article","og_title":"Vacances \u00e0 la montagne cet \u00e9t\u00e9 \u00e0 Samo\u00ebns, en Haute-Savoie","og_description":"Pr\u00e9parez-vous \u00e0 vivre des vacances de r\u00eave en famille \u00e0 la montagne cet \u00e9t\u00e9 \u00e0 Samo\u00ebns, en Haute-Savoie \u00e0 deux pas de Gen\u00e8ve et du Mont-Blanc","og_url":"https:\/\/www.samoens.com\/en\/vacances-ete-montagne-samoens\/","og_site_name":"Samo\u00ebns, station de ski et village authentique en Haute-Savoie","article_published_time":"2026-03-31T08:50:14+00:00","article_modified_time":"2026-03-31T09:56:03+00:00","og_image":[{"width":2560,"height":1709,"url":"https:\/\/www.samoens.com\/wp-content\/uploads\/2020\/10\/peche-scaled.jpg","type":"image\/jpeg"}],"author":"Isabelle","twitter_card":"summary_large_image","twitter_misc":{"Written by":"Isabelle","Est. reading time":"4 minutes"},"schema":{"@context":"https:\/\/schema.org","@graph":[{"@type":"Article","@id":"https:\/\/www.samoens.com\/en\/vacances-ete-montagne-samoens\/#article","isPartOf":{"@id":"https:\/\/www.samoens.com\/en\/vacances-ete-montagne-samoens\/"},"author":{"name":"Isabelle","@id":"https:\/\/www.samoens.com\/#\/schema\/person\/9f84694e97a9b976109162d9d96dc2f2"},"headline":"A dream family holiday in the mountains this summer in Samo\u00ebns, Haute-Savoie","datePublished":"2026-03-31T08:50:14+00:00","dateModified":"2026-03-31T09:56:03+00:00","mainEntityOfPage":{"@id":"https:\/\/www.samoens.com\/en\/vacances-ete-montagne-samoens\/"},"wordCount":831,"image":{"@id":"https:\/\/www.samoens.com\/en\/vacances-ete-montagne-samoens\/#primaryimage"},"thumbnailUrl":"https:\/\/www.samoens.com\/wp-content\/uploads\/2020\/10\/peche-scaled.jpg","articleSection":["Discovery of Samo\u00ebns in summer"],"inLanguage":"en-US"},{"@type":"WebPage","@id":"https:\/\/www.samoens.com\/en\/vacances-ete-montagne-samoens\/","url":"https:\/\/www.samoens.com\/en\/vacances-ete-montagne-samoens\/","name":"Vacances \u00e0 la montagne cet \u00e9t\u00e9 \u00e0 Samo\u00ebns, en Haute-Savoie","isPartOf":{"@id":"https:\/\/www.samoens.com\/#website"},"primaryImageOfPage":{"@id":"https:\/\/www.samoens.com\/en\/vacances-ete-montagne-samoens\/#primaryimage"},"image":{"@id":"https:\/\/www.samoens.com\/en\/vacances-ete-montagne-samoens\/#primaryimage"},"thumbnailUrl":"https:\/\/www.samoens.com\/wp-content\/uploads\/2020\/10\/peche-scaled.jpg","datePublished":"2026-03-31T08:50:14+00:00","dateModified":"2026-03-31T09:56:03+00:00","author":{"@id":"https:\/\/www.samoens.com\/#\/schema\/person\/9f84694e97a9b976109162d9d96dc2f2"},"description":"Pr\u00e9parez-vous \u00e0 vivre des vacances de r\u00eave en famille \u00e0 la montagne cet \u00e9t\u00e9 \u00e0 Samo\u00ebns, en Haute-Savoie \u00e0 deux pas de Gen\u00e8ve et du Mont-Blanc","breadcrumb":{"@id":"https:\/\/www.samoens.com\/en\/vacances-ete-montagne-samoens\/#breadcrumb"},"inLanguage":"en-US","potentialAction":[{"@type":"ReadAction","target":["https:\/\/www.samoens.com\/en\/vacances-ete-montagne-samoens\/"]}]},{"@type":"ImageObject","inLanguage":"en-US","@id":"https:\/\/www.samoens.com\/en\/vacances-ete-montagne-samoens\/#primaryimage","url":"https:\/\/www.samoens.com\/wp-content\/uploads\/2020\/10\/peche-scaled.jpg","contentUrl":"https:\/\/www.samoens.com\/wp-content\/uploads\/2020\/10\/peche-scaled.jpg","width":2560,"height":1709,"caption":"P\u00eache en famille \u00e0 Samo\u00ebns"},{"@type":"BreadcrumbList","@id":"https:\/\/www.samoens.com\/en\/vacances-ete-montagne-samoens\/#breadcrumb","itemListElement":[{"@type":"ListItem","position":1,"name":"Accueil","item":"https:\/\/www.samoens.com\/en\/"},{"@type":"ListItem","position":2,"name":"Discovery of Samo\u00ebns in summer","item":"https:\/\/www.samoens.com\/en\/category\/decouverte-de-samoens-lete-en\/"},{"@type":"ListItem","position":3,"name":"A dream family holiday in the mountains this summer in Samo\u00ebns, Haute-Savoie"}]},{"@type":"WebSite","@id":"https:\/\/www.samoens.com\/#website","url":"https:\/\/www.samoens.com\/","name":"Samo\u00ebns, station de ski et village authentique en Haute-Savoie","description":"Nich\u00e9e au coeur du domaine skiable du Grand Massif et \u00e0 moins d&#039;1h de Gen\u00e8ve, Samo\u00ebns rendra vos vacances inoubliables en \u00e9t\u00e9 comme en hiver","potentialAction":[{"@type":"SearchAction","target":{"@type":"EntryPoint","urlTemplate":"https:\/\/www.samoens.com\/?s={search_term_string}"},"query-input":{"@type":"PropertyValueSpecification","valueRequired":true,"valueName":"search_term_string"}}],"inLanguage":"en-US"},{"@type":"Person","@id":"https:\/\/www.samoens.com\/#\/schema\/person\/9f84694e97a9b976109162d9d96dc2f2","name":"Isabelle","image":{"@type":"ImageObject","inLanguage":"en-US","@id":"https:\/\/secure.gravatar.com\/avatar\/13973acc16a6871b2e7a2b758c75fd8b7c5f0835b5f5b665a2a81454820bba2f?s=96&d=mm&r=g","url":"https:\/\/secure.gravatar.com\/avatar\/13973acc16a6871b2e7a2b758c75fd8b7c5f0835b5f5b665a2a81454820bba2f?s=96&d=mm&r=g","contentUrl":"https:\/\/secure.gravatar.com\/avatar\/13973acc16a6871b2e7a2b758c75fd8b7c5f0835b5f5b665a2a81454820bba2f?s=96&d=mm&r=g","caption":"Isabelle"}}]}},"_links":{"self":[{"href":"https:\/\/www.samoens.com\/en\/wp-json\/wp\/v2\/posts\/579467","targetHints":{"allow":["GET"]}}],"collection":[{"href":"https:\/\/www.samoens.com\/en\/wp-json\/wp\/v2\/posts"}],"about":[{"href":"https:\/\/www.samoens.com\/en\/wp-json\/wp\/v2\/types\/post"}],"author":[{"embeddable":true,"href":"https:\/\/www.samoens.com\/en\/wp-json\/wp\/v2\/users\/2"}],"replies":[{"embeddable":true,"href":"https:\/\/www.samoens.com\/en\/wp-json\/wp\/v2\/comments?post=579467"}],"version-history":[{"count":5,"href":"https:\/\/www.samoens.com\/en\/wp-json\/wp\/v2\/posts\/579467\/revisions"}],"predecessor-version":[{"id":607140,"href":"https:\/\/www.samoens.com\/en\/wp-json\/wp\/v2\/posts\/579467\/revisions\/607140"}],"wp:featuredmedia":[{"embeddable":true,"href":"https:\/\/www.samoens.com\/en\/wp-json\/wp\/v2\/media\/430120"}],"wp:attachment":[{"href":"https:\/\/www.samoens.com\/en\/wp-json\/wp\/v2\/media?parent=579467"}],"wp:term":[{"taxonomy":"category","embeddable":true,"href":"https:\/\/www.samoens.com\/en\/wp-json\/wp\/v2\/categories?post=579467"},{"taxonomy":"post_tag","embeddable":true,"href":"https:\/\/www.samoens.com\/en\/wp-json\/wp\/v2\/tags?post=579467"}],"curies":[{"name":"wp","href":"https:\/\/api.w.org\/{rel}","templated":true}]}}