{"id":574046,"date":"2025-10-22T11:32:01","date_gmt":"2025-10-22T09:32:01","guid":{"rendered":"https:\/\/www.samoens.com\/les-10-choses-a-ne-pas-manquer-a-samoens-en-hiver\/"},"modified":"2025-10-22T11:32:43","modified_gmt":"2025-10-22T09:32:43","slug":"les-10-choses-a-ne-pas-manquer-a-samoens-en-hiver","status":"publish","type":"post","link":"https:\/\/www.samoens.com\/en\/les-10-choses-a-ne-pas-manquer-a-samoens-en-hiver\/","title":{"rendered":"10 things not to miss in Samoens in winter"},"content":{"rendered":"<div class=\"wpb-content-wrapper\"><p>[vc_row][vc_column][vc_column_text]<\/p>\n<h2 class=\"chapeau\">Heritage, outdoor activities, hiking or culinary discoveries: Samo\u00ebns is full of surprises and activities. Here are 10 activities to share with your family or friends.<\/h2>\n<p>[\/vc_column_text][\/vc_column][\/vc_row][vc_row][vc_column][vc_column_text]<\/p>\n<h3>A rich heritage to visit in Samo\u00ebns<\/h3>\n<p>[\/vc_column_text][\/vc_column][\/vc_row][vc_row][vc_column width=&#8221;1\/2&#8243;][vc_empty_space height=&#8221;50px&#8221;][vc_column_text]To set foot in Samoens is to enter the homeland of renowned sculptors, the Frahans. You will discover their heritage but also the rich cultural, religious and political history of the village. There are several ways of immersing yourself in this great historical melting pot: guided tours by the Savoie-Mont-Blanc heritage guides or a commented tour of the Savoyard village on the little train: the septitrain.[\/vc_column_text][\/vc_column][vc_column width=&#8221;1\/2&#8243;][vc_single_image image=&#8221;202&#8243; img_size=&#8221;medium&#8221;][\/vc_column][\/vc_row][vc_row][vc_column][vc_btn title=&#8221;More informations here&#8221; color=&#8221;default&#8221; align=&#8221;center&#8221; link=&#8221;url:https%3A%2F%2Fwww.www.samoens.com%2Farticles_apidae%2Fvisite-du-bourg-historique-de-samoens%2F|||&#8221;][\/vc_column][\/vc_row][vc_row][vc_column][vc_column_text]<\/p>\n<h3>The Bourgeoise snowshoe walk<\/h3>\n<p>[\/vc_column_text][\/vc_column][\/vc_row][vc_row][vc_column width=&#8221;1\/2&#8243;][vc_single_image image=&#8221;1277&#8243; img_size=&#8221;medium&#8221;][\/vc_column][vc_column width=&#8221;1\/2&#8243;][vc_empty_space height=&#8221;60px&#8221;][vc_column_text]Set out to conquer one of the most beautiful viewpoints in the Haut Giffre valley.<\/p>\n<p>Put on your snowshoes and go to the Joux Plane pass, when you reach the summit culminating at 1770 metres, the view will be breathtaking on the Mont-Blanc massif. You will also discover a cross and an orientation table. The latter will help you put a name to the main summits.[\/vc_column_text][\/vc_column][\/vc_row][vc_row][vc_column][vc_btn title=&#8221;Discover the route&#8221; color=&#8221;default&#8221; size=&#8221;lg&#8221; align=&#8221;center&#8221; link=&#8221;url:https%3A%2F%2Fwww.valleeduhautgiffre.fr%2Fdomaine-nordique%2Fraquette-pi%25C3%25A9tons-luges%2Fbourgeoise-par-sallieuc%25C3%25A9%2F|||&#8221;][\/vc_column][\/vc_row][vc_row][vc_column][vc_column_text]<\/p>\n<h3>Ski touring to the Bostan refuge<\/h3>\n<p>[\/vc_column_text][\/vc_column][\/vc_row][vc_row][vc_column width=&#8221;1\/2&#8243;][vc_empty_space height=&#8221;50px&#8221;][vc_column_text]The starting point of this beautiful hike, accessible to all: the Allamands car park. You have the possibility of using skis or snowshoes. To reach the refuge, situated at an altitude of 1763 metres, count on a two-hour walk. The refuge is located at the foot of the Dents d&#8217;Oddaz, a wild and undeveloped part of the Giffre valley. The view from here is breathtaking, both in summer and winter.[\/vc_column_text][\/vc_column][vc_column width=&#8221;1\/2&#8243;][vc_single_image image=&#8221;463818&#8243; img_size=&#8221;medium&#8221;][\/vc_column][\/vc_row][vc_row][vc_column][vc_btn title=&#8221;Discover the route&#8221; color=&#8221;default&#8221; align=&#8221;center&#8221; link=&#8221;url:https%3A%2F%2Fwww.samoens.com%2Fen%2Fski-touring-to-bostan%2F&#8221;][\/vc_column][\/vc_row][vc_row][vc_column][vc_column_text]<\/p>\n<h3>A snack at the Ja\u00ffsinia<\/h3>\n<p>[\/vc_column_text][\/vc_column][\/vc_row][vc_row][vc_column width=&#8221;1\/2&#8243;][vc_empty_space height=&#8221;60px&#8221;][vc_column_text]A must to warm up and eat in Samo\u00ebns: the Ja\u00ffsinia tea room. You will enjoy chocolates as well as a beautiful range of pastries and breads. Everything is concocted by Thierry Froissard, the best ice cream maker in France. Nothing better to regain energy after a day in the snow.[\/vc_column_text][\/vc_column][vc_column width=&#8221;1\/2&#8243;][vc_single_image image=&#8221;464349&#8243; img_size=&#8221;medium&#8221;][\/vc_column][\/vc_row][vc_row][vc_column][vc_btn title=&#8221;More informations here&#8221; color=&#8221;default&#8221; align=&#8221;center&#8221; link=&#8221;url:https%3A%2F%2Fwww.samoens.com%2Fen%2Ftea-room-a-la-jaysinia%2F&#8221;][\/vc_column][\/vc_row][vc_row][vc_column][vc_column_text]<\/p>\n<h3>Chaste soup: a very local speciality<\/h3>\n<p>[\/vc_column_text][\/vc_column][\/vc_row][vc_row][vc_column width=&#8221;1\/2&#8243;][vc_single_image image=&#8221;440822&#8243; img_size=&#8221;medium&#8221;][\/vc_column][vc_column width=&#8221;1\/2&#8243;][vc_empty_space height=&#8221;50px&#8221;][vc_column_text]It&#8217;s a local dish that&#8217;s good for the stomach, especially in winter: it&#8217;s called chestnut soup. This dish had a very practical origin: to avoid waste. Indeed, it was prepared with leftover bread and cheese to give the people of Septimont a little extra energy when they were working in the cold.[\/vc_column_text][\/vc_column][\/vc_row][vc_row][vc_column][vc_btn title=&#8221;To discover the recipe it is here&#8221; color=&#8221;default&#8221; align=&#8221;center&#8221; link=&#8221;url:https%3A%2F%2Fwww.samoens.com%2Fen%2Fthe-speciality-of-samoens-the-chestnut-soup%2F&#8221;][\/vc_column][\/vc_row][vc_row][vc_column][vc_column_text]<\/p>\n<h3>The Afghan walk: an active meditation<\/h3>\n<p>[\/vc_column_text][\/vc_column][\/vc_row][vc_row][vc_column width=&#8221;1\/2&#8243;][vc_empty_space height=&#8221;60px&#8221;][vc_column_text]Afghan walking is similar to active meditation. Practising it in the mountains during the winter combines relaxation and a better management of the effort during the walk. The result: these exercises, which come to us from the nomads of the high plateaus, allow you to walk faster and further without getting tired.[\/vc_column_text][\/vc_column][vc_column width=&#8221;1\/2&#8243;][vc_single_image image=&#8221;11778&#8243; img_size=&#8221;medium&#8221;][\/vc_column][\/vc_row][vc_row][vc_column][vc_btn title=&#8221;Read more here&#8221; color=&#8221;default&#8221; align=&#8221;center&#8221; link=&#8221;url:https%3A%2F%2Fwww.samoens.com%2Fen%2Fafghan-walk-in-snowshoes-quintessence-mountain-guide%2F&#8221;][\/vc_column][\/vc_row][vc_row][vc_column][vc_column_text]<\/p>\n<h3>A walk in the footsteps of the sculptors<\/h3>\n<p>[\/vc_column_text][\/vc_column][\/vc_row][vc_row][vc_column width=&#8221;1\/2&#8243;][vc_single_image image=&#8221;170&#8243; img_size=&#8221;medium&#8221;][\/vc_column][vc_column width=&#8221;1\/2&#8243;][vc_empty_space height=&#8221;50px&#8221;][vc_column_text]Follow in the footsteps of a rich past that is also present. A trail allows you to wander through the village and the leisure centre and discover sculptures. This is a wonderful initiative by the Samo\u00ebns masons&#8217; society, heir to the tradition of stonecutters.<\/p>\n<p>.[\/vc_column_text][\/vc_column][\/vc_row][vc_row][vc_column][vc_btn title=&#8221;To discover the course in detail download the brochure here&#8221; color=&#8221;default&#8221; align=&#8221;center&#8221; link=&#8221;url:https%3A%2F%2Fwww.samoens.com%2Fwp-content%2Fplugins%2Fyatadata%2Fpublic%2Fmultimedias%2F880680%2FChemin%2Bdes%2Bsculptures.pdf&#8221;][\/vc_column][\/vc_row][vc_row][vc_column][vc_column_text]<\/p>\n<h3>Try your hand at ski jo\u00ebring<\/h3>\n<p>[\/vc_column_text][\/vc_column][\/vc_row][vc_row][vc_column width=&#8221;1\/2&#8243;][vc_empty_space height=&#8221;50px&#8221;][vc_column_text]How can you combine the pleasure of skiing with a horse? By practising ski jo\u00ebring, of course! Towed by a horse or a pony, you will discover the valley in an original way with this sport which comes straight from Scandinavia. To start, you don&#8217;t need to be an ace skier, just know how to stand on it. Whether you are walking, trotting or galloping, you will leave with beautiful memories.[\/vc_column_text][\/vc_column][vc_column width=&#8221;1\/2&#8243;][vc_single_image image=&#8221;440799&#8243; img_size=&#8221;medium&#8221;][\/vc_column][\/vc_row][vc_row][vc_column][vc_btn title=&#8221;More informations here&#8221; color=&#8221;default&#8221; align=&#8221;center&#8221; link=&#8221;url:https%3A%2F%2Fwww.samoens.com%2Fen%2Fle-grand-massif%2F&#8221;][\/vc_column][\/vc_row][vc_row][vc_column][vc_column_text]<\/p>\n<h3>Take a tour of the chapels<\/h3>\n<p>[\/vc_column_text][\/vc_column][\/vc_row][vc_row][vc_column width=&#8221;1\/2&#8243;][vc_single_image image=&#8221;203&#8243; img_size=&#8221;medium&#8221;][\/vc_column][vc_column width=&#8221;1\/2&#8243;][vc_empty_space height=&#8221;50px&#8221;][vc_column_text]Another original way to dive into the history of Samo\u00ebns by admiring a unique heritage: the tour of the nine chapels of the commune of Samo\u00ebns. You will travel through five centuries of history and one thing in common: the bulbous bell tower common to each of the religious buildings.[\/vc_column_text][\/vc_column][\/vc_row][vc_row][vc_column][vc_btn title=&#8221;For more information download the itinerary&#8221; color=&#8221;default&#8221; align=&#8221;center&#8221; link=&#8221;url:https%3A%2F%2Fwww.samoens.com%2Fwp-content%2Fuploads%2F2019%2F08%2FItin%25C3%25A9raire-des-chapelles.pdf&#8221;][\/vc_column][\/vc_row][vc_row][vc_column][vc_column_text]<\/p>\n<h3>&#8230; And as a bonus<\/h3>\n<p>[\/vc_column_text][\/vc_column][\/vc_row][vc_row][vc_column][vc_column_text]To conclude this great list, whatever activity you do, there is one not to be missed: the sunset at La Bourgeoise. This sunset spot offers a magnificent panorama of the majestic Mont Blanc. You may also see the impressive sea of clouds. Another unforgettable moment to share in Samo\u00ebns![\/vc_column_text][\/vc_column][\/vc_row]<\/p>\n<\/div>","protected":false},"excerpt":{"rendered":"<p>[vc_row][vc_column][vc_column_text] Heritage, outdoor activities, hiking or culinary discoveries: Samo\u00ebns is full of surprises and activities. Here are 10 activities to share with your family or friends. [\/vc_column_text][\/vc_column][\/vc_row][vc_row][vc_column][vc_column_text] A rich heritage to visit in Samo\u00ebns [\/vc_column_text][\/vc_column][\/vc_row][vc_row][vc_column width=&#8221;1\/2&#8243;][vc_empty_space height=&#8221;50px&#8221;][vc_column_text]To set foot in Samoens is to enter the homeland of renowned sculptors, the Frahans. You will discover their [&hellip;]<\/p>\n","protected":false},"author":2,"featured_media":65152,"comment_status":"closed","ping_status":"closed","sticky":false,"template":"","format":"standard","meta":{"_acf_changed":false,"footnotes":""},"categories":[5585],"tags":[],"class_list":["post-574046","post","type-post","status-publish","format-standard","hentry","category-decouverte-de-samoens-lhiver-en"],"acf":[],"yoast_head":"<!-- This site is optimized with the Yoast SEO plugin v27.4 - https:\/\/yoast.com\/product\/yoast-seo-wordpress\/ -->\n<title>10 things not to miss in Samoens in winter<\/title>\n<meta name=\"description\" content=\"Voici 10 activit\u00e9s \u00e0 partager en famille ou entre amis. Patrimoine, plein air, randonn\u00e9e ou encore d\u00e9couvertes culinaires\u00a0: Samo\u00ebns regorge de surprises et d\u2019activit\u00e9s.\" \/>\n<meta name=\"robots\" content=\"index, follow, max-snippet:-1, max-image-preview:large, max-video-preview:-1\" \/>\n<link rel=\"canonical\" href=\"https:\/\/www.samoens.com\/en\/les-10-choses-a-ne-pas-manquer-a-samoens-en-hiver\/\" \/>\n<meta property=\"og:locale\" content=\"en_US\" \/>\n<meta property=\"og:type\" content=\"article\" \/>\n<meta property=\"og:title\" content=\"10 things not to miss in Samoens in winter\" \/>\n<meta property=\"og:description\" content=\"Voici 10 activit\u00e9s \u00e0 partager en famille ou entre amis. Patrimoine, plein air, randonn\u00e9e ou encore d\u00e9couvertes culinaires\u00a0: Samo\u00ebns regorge de surprises et d\u2019activit\u00e9s.\" \/>\n<meta property=\"og:url\" content=\"https:\/\/www.samoens.com\/en\/les-10-choses-a-ne-pas-manquer-a-samoens-en-hiver\/\" \/>\n<meta property=\"og:site_name\" content=\"Samo\u00ebns, station de ski et village authentique en Haute-Savoie\" \/>\n<meta property=\"article:published_time\" content=\"2025-10-22T09:32:01+00:00\" \/>\n<meta property=\"article:modified_time\" content=\"2025-10-22T09:32:43+00:00\" \/>\n<meta property=\"og:image\" content=\"https:\/\/www.samoens.com\/wp-content\/uploads\/2019\/10\/Grenette-Christian-Martelet-1200x631.jpg\" \/>\n\t<meta property=\"og:image:width\" content=\"1200\" \/>\n\t<meta property=\"og:image:height\" content=\"631\" \/>\n\t<meta property=\"og:image:type\" content=\"image\/jpeg\" \/>\n<meta name=\"author\" content=\"Isabelle\" \/>\n<meta name=\"twitter:card\" content=\"summary_large_image\" \/>\n<meta name=\"twitter:label1\" content=\"Written by\" \/>\n\t<meta name=\"twitter:data1\" content=\"Isabelle\" \/>\n\t<meta name=\"twitter:label2\" content=\"Est. reading time\" \/>\n\t<meta name=\"twitter:data2\" content=\"7 minutes\" \/>\n<script type=\"application\/ld+json\" class=\"yoast-schema-graph\">{\"@context\":\"https:\\\/\\\/schema.org\",\"@graph\":[{\"@type\":\"Article\",\"@id\":\"https:\\\/\\\/www.samoens.com\\\/en\\\/les-10-choses-a-ne-pas-manquer-a-samoens-en-hiver\\\/#article\",\"isPartOf\":{\"@id\":\"https:\\\/\\\/www.samoens.com\\\/en\\\/les-10-choses-a-ne-pas-manquer-a-samoens-en-hiver\\\/\"},\"author\":{\"name\":\"Isabelle\",\"@id\":\"https:\\\/\\\/www.samoens.com\\\/#\\\/schema\\\/person\\\/9f84694e97a9b976109162d9d96dc2f2\"},\"headline\":\"10 things not to miss in Samoens in winter\",\"datePublished\":\"2025-10-22T09:32:01+00:00\",\"dateModified\":\"2025-10-22T09:32:43+00:00\",\"mainEntityOfPage\":{\"@id\":\"https:\\\/\\\/www.samoens.com\\\/en\\\/les-10-choses-a-ne-pas-manquer-a-samoens-en-hiver\\\/\"},\"wordCount\":1424,\"image\":{\"@id\":\"https:\\\/\\\/www.samoens.com\\\/en\\\/les-10-choses-a-ne-pas-manquer-a-samoens-en-hiver\\\/#primaryimage\"},\"thumbnailUrl\":\"https:\\\/\\\/www.samoens.com\\\/wp-content\\\/uploads\\\/2019\\\/10\\\/Grenette-Christian-Martelet.jpg\",\"articleSection\":[\"Discover Samo\u00ebns in winter\"],\"inLanguage\":\"en-US\"},{\"@type\":\"WebPage\",\"@id\":\"https:\\\/\\\/www.samoens.com\\\/en\\\/les-10-choses-a-ne-pas-manquer-a-samoens-en-hiver\\\/\",\"url\":\"https:\\\/\\\/www.samoens.com\\\/en\\\/les-10-choses-a-ne-pas-manquer-a-samoens-en-hiver\\\/\",\"name\":\"10 things not to miss in Samoens in winter\",\"isPartOf\":{\"@id\":\"https:\\\/\\\/www.samoens.com\\\/#website\"},\"primaryImageOfPage\":{\"@id\":\"https:\\\/\\\/www.samoens.com\\\/en\\\/les-10-choses-a-ne-pas-manquer-a-samoens-en-hiver\\\/#primaryimage\"},\"image\":{\"@id\":\"https:\\\/\\\/www.samoens.com\\\/en\\\/les-10-choses-a-ne-pas-manquer-a-samoens-en-hiver\\\/#primaryimage\"},\"thumbnailUrl\":\"https:\\\/\\\/www.samoens.com\\\/wp-content\\\/uploads\\\/2019\\\/10\\\/Grenette-Christian-Martelet.jpg\",\"datePublished\":\"2025-10-22T09:32:01+00:00\",\"dateModified\":\"2025-10-22T09:32:43+00:00\",\"author\":{\"@id\":\"https:\\\/\\\/www.samoens.com\\\/#\\\/schema\\\/person\\\/9f84694e97a9b976109162d9d96dc2f2\"},\"description\":\"Voici 10 activit\u00e9s \u00e0 partager en famille ou entre amis. Patrimoine, plein air, randonn\u00e9e ou encore d\u00e9couvertes culinaires\u00a0: Samo\u00ebns regorge de surprises et d\u2019activit\u00e9s.\",\"breadcrumb\":{\"@id\":\"https:\\\/\\\/www.samoens.com\\\/en\\\/les-10-choses-a-ne-pas-manquer-a-samoens-en-hiver\\\/#breadcrumb\"},\"inLanguage\":\"en-US\",\"potentialAction\":[{\"@type\":\"ReadAction\",\"target\":[\"https:\\\/\\\/www.samoens.com\\\/en\\\/les-10-choses-a-ne-pas-manquer-a-samoens-en-hiver\\\/\"]}]},{\"@type\":\"ImageObject\",\"inLanguage\":\"en-US\",\"@id\":\"https:\\\/\\\/www.samoens.com\\\/en\\\/les-10-choses-a-ne-pas-manquer-a-samoens-en-hiver\\\/#primaryimage\",\"url\":\"https:\\\/\\\/www.samoens.com\\\/wp-content\\\/uploads\\\/2019\\\/10\\\/Grenette-Christian-Martelet.jpg\",\"contentUrl\":\"https:\\\/\\\/www.samoens.com\\\/wp-content\\\/uploads\\\/2019\\\/10\\\/Grenette-Christian-Martelet.jpg\",\"width\":3543,\"height\":1863,\"caption\":\"Le vieux tilleul sur la place du village\"},{\"@type\":\"BreadcrumbList\",\"@id\":\"https:\\\/\\\/www.samoens.com\\\/en\\\/les-10-choses-a-ne-pas-manquer-a-samoens-en-hiver\\\/#breadcrumb\",\"itemListElement\":[{\"@type\":\"ListItem\",\"position\":1,\"name\":\"Accueil\",\"item\":\"https:\\\/\\\/www.samoens.com\\\/en\\\/\"},{\"@type\":\"ListItem\",\"position\":2,\"name\":\"Discover Samo\u00ebns in winter\",\"item\":\"https:\\\/\\\/www.samoens.com\\\/en\\\/category\\\/decouverte-de-samoens-lhiver-en\\\/\"},{\"@type\":\"ListItem\",\"position\":3,\"name\":\"10 things not to miss in Samoens in winter\"}]},{\"@type\":\"WebSite\",\"@id\":\"https:\\\/\\\/www.samoens.com\\\/#website\",\"url\":\"https:\\\/\\\/www.samoens.com\\\/\",\"name\":\"Samo\u00ebns, station de ski et village authentique en Haute-Savoie\",\"description\":\"Nich\u00e9e au coeur du domaine skiable du Grand Massif et \u00e0 moins d&#039;1h de Gen\u00e8ve, Samo\u00ebns rendra vos vacances inoubliables en \u00e9t\u00e9 comme en hiver\",\"potentialAction\":[{\"@type\":\"SearchAction\",\"target\":{\"@type\":\"EntryPoint\",\"urlTemplate\":\"https:\\\/\\\/www.samoens.com\\\/?s={search_term_string}\"},\"query-input\":{\"@type\":\"PropertyValueSpecification\",\"valueRequired\":true,\"valueName\":\"search_term_string\"}}],\"inLanguage\":\"en-US\"},{\"@type\":\"Person\",\"@id\":\"https:\\\/\\\/www.samoens.com\\\/#\\\/schema\\\/person\\\/9f84694e97a9b976109162d9d96dc2f2\",\"name\":\"Isabelle\",\"image\":{\"@type\":\"ImageObject\",\"inLanguage\":\"en-US\",\"@id\":\"https:\\\/\\\/secure.gravatar.com\\\/avatar\\\/13973acc16a6871b2e7a2b758c75fd8b7c5f0835b5f5b665a2a81454820bba2f?s=96&d=mm&r=g\",\"url\":\"https:\\\/\\\/secure.gravatar.com\\\/avatar\\\/13973acc16a6871b2e7a2b758c75fd8b7c5f0835b5f5b665a2a81454820bba2f?s=96&d=mm&r=g\",\"contentUrl\":\"https:\\\/\\\/secure.gravatar.com\\\/avatar\\\/13973acc16a6871b2e7a2b758c75fd8b7c5f0835b5f5b665a2a81454820bba2f?s=96&d=mm&r=g\",\"caption\":\"Isabelle\"}}]}<\/script>\n<!-- \/ Yoast SEO plugin. -->","yoast_head_json":{"title":"10 things not to miss in Samoens in winter","description":"Voici 10 activit\u00e9s \u00e0 partager en famille ou entre amis. Patrimoine, plein air, randonn\u00e9e ou encore d\u00e9couvertes culinaires\u00a0: Samo\u00ebns regorge de surprises et d\u2019activit\u00e9s.","robots":{"index":"index","follow":"follow","max-snippet":"max-snippet:-1","max-image-preview":"max-image-preview:large","max-video-preview":"max-video-preview:-1"},"canonical":"https:\/\/www.samoens.com\/en\/les-10-choses-a-ne-pas-manquer-a-samoens-en-hiver\/","og_locale":"en_US","og_type":"article","og_title":"10 things not to miss in Samoens in winter","og_description":"Voici 10 activit\u00e9s \u00e0 partager en famille ou entre amis. Patrimoine, plein air, randonn\u00e9e ou encore d\u00e9couvertes culinaires\u00a0: Samo\u00ebns regorge de surprises et d\u2019activit\u00e9s.","og_url":"https:\/\/www.samoens.com\/en\/les-10-choses-a-ne-pas-manquer-a-samoens-en-hiver\/","og_site_name":"Samo\u00ebns, station de ski et village authentique en Haute-Savoie","article_published_time":"2025-10-22T09:32:01+00:00","article_modified_time":"2025-10-22T09:32:43+00:00","og_image":[{"width":1200,"height":631,"url":"https:\/\/www.samoens.com\/wp-content\/uploads\/2019\/10\/Grenette-Christian-Martelet-1200x631.jpg","type":"image\/jpeg"}],"author":"Isabelle","twitter_card":"summary_large_image","twitter_misc":{"Written by":"Isabelle","Est. reading time":"7 minutes"},"schema":{"@context":"https:\/\/schema.org","@graph":[{"@type":"Article","@id":"https:\/\/www.samoens.com\/en\/les-10-choses-a-ne-pas-manquer-a-samoens-en-hiver\/#article","isPartOf":{"@id":"https:\/\/www.samoens.com\/en\/les-10-choses-a-ne-pas-manquer-a-samoens-en-hiver\/"},"author":{"name":"Isabelle","@id":"https:\/\/www.samoens.com\/#\/schema\/person\/9f84694e97a9b976109162d9d96dc2f2"},"headline":"10 things not to miss in Samoens in winter","datePublished":"2025-10-22T09:32:01+00:00","dateModified":"2025-10-22T09:32:43+00:00","mainEntityOfPage":{"@id":"https:\/\/www.samoens.com\/en\/les-10-choses-a-ne-pas-manquer-a-samoens-en-hiver\/"},"wordCount":1424,"image":{"@id":"https:\/\/www.samoens.com\/en\/les-10-choses-a-ne-pas-manquer-a-samoens-en-hiver\/#primaryimage"},"thumbnailUrl":"https:\/\/www.samoens.com\/wp-content\/uploads\/2019\/10\/Grenette-Christian-Martelet.jpg","articleSection":["Discover Samo\u00ebns in winter"],"inLanguage":"en-US"},{"@type":"WebPage","@id":"https:\/\/www.samoens.com\/en\/les-10-choses-a-ne-pas-manquer-a-samoens-en-hiver\/","url":"https:\/\/www.samoens.com\/en\/les-10-choses-a-ne-pas-manquer-a-samoens-en-hiver\/","name":"10 things not to miss in Samoens in winter","isPartOf":{"@id":"https:\/\/www.samoens.com\/#website"},"primaryImageOfPage":{"@id":"https:\/\/www.samoens.com\/en\/les-10-choses-a-ne-pas-manquer-a-samoens-en-hiver\/#primaryimage"},"image":{"@id":"https:\/\/www.samoens.com\/en\/les-10-choses-a-ne-pas-manquer-a-samoens-en-hiver\/#primaryimage"},"thumbnailUrl":"https:\/\/www.samoens.com\/wp-content\/uploads\/2019\/10\/Grenette-Christian-Martelet.jpg","datePublished":"2025-10-22T09:32:01+00:00","dateModified":"2025-10-22T09:32:43+00:00","author":{"@id":"https:\/\/www.samoens.com\/#\/schema\/person\/9f84694e97a9b976109162d9d96dc2f2"},"description":"Voici 10 activit\u00e9s \u00e0 partager en famille ou entre amis. Patrimoine, plein air, randonn\u00e9e ou encore d\u00e9couvertes culinaires\u00a0: Samo\u00ebns regorge de surprises et d\u2019activit\u00e9s.","breadcrumb":{"@id":"https:\/\/www.samoens.com\/en\/les-10-choses-a-ne-pas-manquer-a-samoens-en-hiver\/#breadcrumb"},"inLanguage":"en-US","potentialAction":[{"@type":"ReadAction","target":["https:\/\/www.samoens.com\/en\/les-10-choses-a-ne-pas-manquer-a-samoens-en-hiver\/"]}]},{"@type":"ImageObject","inLanguage":"en-US","@id":"https:\/\/www.samoens.com\/en\/les-10-choses-a-ne-pas-manquer-a-samoens-en-hiver\/#primaryimage","url":"https:\/\/www.samoens.com\/wp-content\/uploads\/2019\/10\/Grenette-Christian-Martelet.jpg","contentUrl":"https:\/\/www.samoens.com\/wp-content\/uploads\/2019\/10\/Grenette-Christian-Martelet.jpg","width":3543,"height":1863,"caption":"Le vieux tilleul sur la place du village"},{"@type":"BreadcrumbList","@id":"https:\/\/www.samoens.com\/en\/les-10-choses-a-ne-pas-manquer-a-samoens-en-hiver\/#breadcrumb","itemListElement":[{"@type":"ListItem","position":1,"name":"Accueil","item":"https:\/\/www.samoens.com\/en\/"},{"@type":"ListItem","position":2,"name":"Discover Samo\u00ebns in winter","item":"https:\/\/www.samoens.com\/en\/category\/decouverte-de-samoens-lhiver-en\/"},{"@type":"ListItem","position":3,"name":"10 things not to miss in Samoens in winter"}]},{"@type":"WebSite","@id":"https:\/\/www.samoens.com\/#website","url":"https:\/\/www.samoens.com\/","name":"Samo\u00ebns, station de ski et village authentique en Haute-Savoie","description":"Nich\u00e9e au coeur du domaine skiable du Grand Massif et \u00e0 moins d&#039;1h de Gen\u00e8ve, Samo\u00ebns rendra vos vacances inoubliables en \u00e9t\u00e9 comme en hiver","potentialAction":[{"@type":"SearchAction","target":{"@type":"EntryPoint","urlTemplate":"https:\/\/www.samoens.com\/?s={search_term_string}"},"query-input":{"@type":"PropertyValueSpecification","valueRequired":true,"valueName":"search_term_string"}}],"inLanguage":"en-US"},{"@type":"Person","@id":"https:\/\/www.samoens.com\/#\/schema\/person\/9f84694e97a9b976109162d9d96dc2f2","name":"Isabelle","image":{"@type":"ImageObject","inLanguage":"en-US","@id":"https:\/\/secure.gravatar.com\/avatar\/13973acc16a6871b2e7a2b758c75fd8b7c5f0835b5f5b665a2a81454820bba2f?s=96&d=mm&r=g","url":"https:\/\/secure.gravatar.com\/avatar\/13973acc16a6871b2e7a2b758c75fd8b7c5f0835b5f5b665a2a81454820bba2f?s=96&d=mm&r=g","contentUrl":"https:\/\/secure.gravatar.com\/avatar\/13973acc16a6871b2e7a2b758c75fd8b7c5f0835b5f5b665a2a81454820bba2f?s=96&d=mm&r=g","caption":"Isabelle"}}]}},"_links":{"self":[{"href":"https:\/\/www.samoens.com\/en\/wp-json\/wp\/v2\/posts\/574046","targetHints":{"allow":["GET"]}}],"collection":[{"href":"https:\/\/www.samoens.com\/en\/wp-json\/wp\/v2\/posts"}],"about":[{"href":"https:\/\/www.samoens.com\/en\/wp-json\/wp\/v2\/types\/post"}],"author":[{"embeddable":true,"href":"https:\/\/www.samoens.com\/en\/wp-json\/wp\/v2\/users\/2"}],"replies":[{"embeddable":true,"href":"https:\/\/www.samoens.com\/en\/wp-json\/wp\/v2\/comments?post=574046"}],"version-history":[{"count":2,"href":"https:\/\/www.samoens.com\/en\/wp-json\/wp\/v2\/posts\/574046\/revisions"}],"predecessor-version":[{"id":593376,"href":"https:\/\/www.samoens.com\/en\/wp-json\/wp\/v2\/posts\/574046\/revisions\/593376"}],"wp:featuredmedia":[{"embeddable":true,"href":"https:\/\/www.samoens.com\/en\/wp-json\/wp\/v2\/media\/65152"}],"wp:attachment":[{"href":"https:\/\/www.samoens.com\/en\/wp-json\/wp\/v2\/media?parent=574046"}],"wp:term":[{"taxonomy":"category","embeddable":true,"href":"https:\/\/www.samoens.com\/en\/wp-json\/wp\/v2\/categories?post=574046"},{"taxonomy":"post_tag","embeddable":true,"href":"https:\/\/www.samoens.com\/en\/wp-json\/wp\/v2\/tags?post=574046"}],"curies":[{"name":"wp","href":"https:\/\/api.w.org\/{rel}","templated":true}]}}