{"id":558170,"date":"2026-03-31T15:00:56","date_gmt":"2026-03-31T13:00:56","guid":{"rendered":"https:\/\/www.samoens.com\/les-10-choses-a-ne-pas-manquer-a-samoens-en-ete\/"},"modified":"2026-03-31T15:28:06","modified_gmt":"2026-03-31T13:28:06","slug":"the-10-things-you-cant-miss-a-samoens-in-summer","status":"publish","type":"post","link":"https:\/\/www.samoens.com\/en\/the-10-things-you-cant-miss-a-samoens-in-summer\/","title":{"rendered":"10 things not to miss in Samoens in summer"},"content":{"rendered":"<div class=\"wpb-content-wrapper\"><p>[vc_row][vc_column][vc_column_text]<\/p>\n<h2 class=\"chapeau\">Heritage, outdoor activities, hiking or culinary discoveries: Samo\u00ebns is full of surprises and activities. Here are 10 activities to share with your family or friends.<\/h2>\n<p>[\/vc_column_text][\/vc_column][\/vc_row][vc_row][vc_column][vc_column_text]<\/p>\n<h3>1 &#8211; Visit a rich heritage in Samo\u00ebns<\/h3>\n<p>[\/vc_column_text][\/vc_column][\/vc_row][vc_row][vc_column width=&#8221;1\/2&#8243;][vc_column_text css=&#8221;&#8221;]To set foot in Samo\u00ebns is to enter the homeland of renowned tailors, the Frahans. You will discover their heritage but also the rich cultural, religious and political history of the village. There are several ways to immerse yourself in this great historical melting pot: <strong><a href=\"https:\/\/www.samoens.com\/en\/activities-in-samoens\/summer-activities-2\/guided-tours-through-the-heritage-of-samoens\/\">guided tours<\/a><\/strong> by the Savoie-Mont-Blanc <a href=\"https:\/\/www.samoens.com\/en\/clos-parchet-farm-and-folk-museum-tour\/\"><strong>heritage guides<\/strong><\/a> or a commented<a href=\"https:\/\/www.samoens.com\/en\/visit-the-historic-village-of-samoens-in-french\/\"><strong> tour of the Savoyard village<\/strong><\/a> on the little train: the <a href=\"https:\/\/www.samoens.com\/en\/septitrain-tourist-train\/\"><strong>septitrain.<\/strong><\/a>[\/vc_column_text][\/vc_column][vc_column width=&#8221;1\/2&#8243;][vc_single_image image=&#8221;542107&#8243; img_size=&#8221;medium&#8221;][\/vc_column][\/vc_row][vc_row][vc_column][vc_column_text]<\/p>\n<h3>2 &#8211; Climb the rock walls of the valley<\/h3>\n<p>[\/vc_column_text][\/vc_column][\/vc_row][vc_row][vc_column width=&#8221;1\/2&#8243;][vc_empty_space][vc_single_image image=&#8221;2424&#8243; img_size=&#8221;medium&#8221;][\/vc_column][vc_column width=&#8221;1\/2&#8243;][vc_column_text css=&#8221;&#8221;]<span style=\"font-weight: 400;\">In the magnificent setting of the <\/span><strong><a href=\"https:\/\/www.samoens.com\/wp-admin\/post.php?post=20277&amp;action=edit&amp;lang=en&amp;admin_bar=1\" target=\"_blank\" rel=\"noopener\">vall\u00e9e du Giffre<\/a><\/strong><span style=\"font-weight: 400;\"><strong>,<\/strong> climb the rocks, cliffs and walls of the Grand Massif to learn or improve your skills in <\/span><strong><a href=\"https:\/\/www.samoens.com\/les-activites-a-samoens\/activites-dete\/activites-de-montagne\/escalade-2\/#\" target=\"_blank\" rel=\"noopener\">climbing<\/a><\/strong><span style=\"font-weight: 400;\">. Gymnastics, mental strength, self-control and autonomy are at the heart of this activity. Let yourself be tempted by this ascent accompanied by experienced guides to spend a pleasant and sporty moment.<\/span>[\/vc_column_text][\/vc_column][\/vc_row][vc_row][vc_column][vc_column_text]<\/p>\n<h3>3 &#8211; Fly over the Giffre valley in paraglider<\/h3>\n<p>[\/vc_column_text][\/vc_column][\/vc_row][vc_row][vc_column width=&#8221;1\/2&#8243;][vc_column_text css=&#8221;&#8221;]This summer, come and fly over the majestic mountains of Haute-Savoie and the beautiful Giffre valley. First flights and <strong><a href=\"https:\/\/www.samoens.com\/wp-admin\/post.php?post=3170&amp;action=edit&amp;lang=en&amp;admin_bar=1\">paragliding<\/a> <\/strong>courses are offered for the pleasure of young and old alike, in the heart of an exceptional environment. In tandem flight for guaranteed sensations, you will leave from take-off sites such as the Plateau des Saix at an altitude of 1600m, accompanied by an experienced instructor and will fly above the valley for an aerial trip with a negative difference in altitude of about 900m.[\/vc_column_text][\/vc_column][vc_column width=&#8221;1\/2&#8243;][vc_empty_space][vc_single_image image=&#8221;11864&#8243; img_size=&#8221;medium&#8221;][\/vc_column][\/vc_row][vc_row][vc_column][vc_column_text]<\/p>\n<h3>4 &#8211; Ride on two wheels<\/h3>\n<p>[\/vc_column_text][\/vc_column][\/vc_row][vc_row][vc_column width=&#8221;1\/2&#8243;][vc_single_image image=&#8221;2280&#8243; img_size=&#8221;medium&#8221;][vc_single_image image=&#8221;536296&#8243; img_size=&#8221;medium&#8221;][\/vc_column][vc_column width=&#8221;1\/2&#8243;][vc_column_text css=&#8221;&#8221;]Samo\u00ebns is your ideal playground: marked trails, <a href=\"https:\/\/www.samoens.com\/en\/samoens-a-paradise-for-road-and-mountain-bikers\/\"><strong>mountain bike tracks, mythical passes<\/strong><\/a>&#8230; There is something for everyone, whatever their level and desires!<\/p>\n<p>400 km of trails, 28 freeride and single track trails and a legendary pass, welcome to the paradise of 2-wheelers. After the skiers, it&#8217;s the mountain bikers&#8217; turn to enjoy the playground offered by the Grand Massif mountains. With family or friends, alone or with a guide, everyone will find the path that suits them in the heart of a preserved nature.[\/vc_column_text][\/vc_column][\/vc_row][vc_row][vc_column][vc_column_text]<\/p>\n<h3>5 &#8211; Have a snack at the Ja\u00ffsinia<\/h3>\n<p>[\/vc_column_text][\/vc_column][\/vc_row][vc_row][vc_column width=&#8221;1\/2&#8243;][vc_column_text css=&#8221;&#8221;]A must to warm up and eat in Samo\u00ebns: <strong><a href=\"https:\/\/www.samoens.com\/en\/tea-room-a-la-jaysinia\/\">the Ja\u00ffsinia tea room<\/a><\/strong>. You will enjoy chocolates as well as a beautiful range of pastries or breads. Everything is concocted by Thierry Froissard, the best ice cream maker in France. Nothing better to regain energy after a day in the snow.[\/vc_column_text][\/vc_column][vc_column width=&#8221;1\/2&#8243;][vc_single_image image=&#8221;464351&#8243; img_size=&#8221;medium&#8221;][\/vc_column][\/vc_row][vc_row][vc_column][vc_column_text]<\/p>\n<h3>6 &#8211; Taste the chestnut soup: a local specialty<\/h3>\n<p>[\/vc_column_text][\/vc_column][\/vc_row][vc_row][vc_column width=&#8221;1\/2&#8243;][vc_single_image image=&#8221;440824&#8243; img_size=&#8221;medium&#8221;][\/vc_column][vc_column width=&#8221;1\/2&#8243;][vc_column_text css=&#8221;&#8221;]It&#8217;s a local dish, and it&#8217;s good for the belly, especially in winter: it&#8217;s the <a href=\"https:\/\/www.samoens.com\/en\/the-speciality-of-samoens-the-chestnut-soup\/\"><strong>&#8220;Ch\u00e2tr\u00e9e soup&#8221;<\/strong><\/a>. This dish had for origin a very practical aspect: to avoid waste. Indeed, it was prepared on the basis of bread and cheese leftovers to give back to the septimontains the heart to work when they worked in the cold.[\/vc_column_text][\/vc_column][\/vc_row][vc_row][vc_column][vc_column_text]<\/p>\n<h3>7 &#8211; Try the Afghan walk: an active meditation<\/h3>\n<p>[\/vc_column_text][\/vc_column][\/vc_row][vc_row][vc_column width=&#8221;1\/2&#8243;][vc_column_text]<a href=\"https:\/\/www.samoens.com\/en\/afghan-walk-in-summer-quintessence-mountain-guide\/\"><strong>Afghan walking<\/strong><\/a> is similar to active meditation. Practicing it in the mountains during the winter is to combine relaxation and a better management of the effort during the walk. Result: these exercises, which come from the nomads of the high plateaus, allow you to walk faster and further without getting tired.[\/vc_column_text][\/vc_column][vc_column width=&#8221;1\/2&#8243;][vc_single_image image=&#8221;2260&#8243; img_size=&#8221;medium&#8221;][\/vc_column][\/vc_row][vc_row][vc_column][vc_column_text]<\/p>\n<h3>8 &#8211; Walk in the footsteps of the sculptors<\/h3>\n<p>[\/vc_column_text][\/vc_column][\/vc_row][vc_row][vc_column width=&#8221;1\/2&#8243;][vc_single_image image=&#8221;2232&#8243; img_size=&#8221;medium&#8221;][\/vc_column][vc_column width=&#8221;1\/2&#8243;][vc_column_text css=&#8221;&#8221;]Follow in the footsteps of a rich past that is also present. A path allows you to wander through the village and the leisure center and discover sculptures. A beautiful initiative that we owe to <a href=\"https:\/\/www.samoens.com\/circuits-de-la-fete-de-la-pierre\/#\"><strong>the society of masons<\/strong> <\/a>of Samo\u00ebns, heir to the tradition of stonecutters.[\/vc_column_text][\/vc_column][\/vc_row][vc_row][vc_column][vc_column_text]<\/p>\n<h3>9 &#8211; Raft down the Giffre, the most beautiful alpine river<\/h3>\n<p>[\/vc_column_text][\/vc_column][\/vc_row][vc_row][vc_column width=&#8221;1\/2&#8243;][vc_column_text css=&#8221;&#8221;]Embark on your inflatable, self-bailing and unsinkable raft, with up to 8 seats, to share a fun and friendly activity. The descent will be invigorating and instructive thanks to the presence of your guide who will give you all the essential advice to steer the boat safely. <a href=\"https:\/\/www.samoens.com\/en\/rafting-down-the-giffre-altitude-rafting\/\"><strong>Rafting<\/strong><\/a> on the Giffre river, between Sixt-Fer-\u00e0-Cheval and Samo\u00ebns, will offer you a perfect mix between strong sensations with the pleasure of white water sliding and the discovery of the famous Tines gorges.[\/vc_column_text][\/vc_column][vc_column width=&#8221;1\/2&#8243;][vc_empty_space][vc_single_image image=&#8221;414036&#8243; img_size=&#8221;medium&#8221;][\/vc_column][\/vc_row][vc_row][vc_column][vc_column_text]<\/p>\n<h3>10 &#8211; Take a tour of the chapels<\/h3>\n<p>[\/vc_column_text][\/vc_column][\/vc_row][vc_row][vc_column width=&#8221;1\/2&#8243;][vc_single_image image=&#8221;2418&#8243; img_size=&#8221;medium&#8221;][\/vc_column][vc_column width=&#8221;1\/2&#8243;][vc_column_text css=&#8221;&#8221;]Another original way to dive into the history of Samo\u00ebns while admiring a unique heritage: the tour of <a href=\"https:\/\/www.samoens.com\/en\/chapel-trail\/\"><strong>the nine chapels of the commune of Samo\u00ebns<\/strong><\/a>. You will travel through five centuries of history and a common point: the bulbous bell tower common to each of the religious buildings.[\/vc_column_text][\/vc_column][\/vc_row][vc_row][vc_column][vc_column_text]<\/p>\n<h3>&#8230; And as a bonus<\/h3>\n<p>[\/vc_column_text][\/vc_column][\/vc_row][vc_row][vc_column][vc_column_text]To conclude this beautiful list, whatever the activity you will practice, there is one not to be missed: the sunset at <a href=\"https:\/\/www.samoens.com\/en\/walk-no-6-la-bourgeoise\/\"><strong>La Bourgeoise.<\/strong><\/a> This sunset spot offers a magnificent panorama of the majestic Mont-Blanc. You may also see the impressive sea of clouds. Another unforgettable moment to share in Samoens![\/vc_column_text][vc_video link=&#8221;https:\/\/www.youtube.com\/watch?v=EPt_2p4kNVg&#8221;][\/vc_column][\/vc_row][vc_row][vc_column][vc_column_text]<\/p>\n<div class=\"vc_row wpb_row vc_row-fluid\">\n<div class=\"wpb_column vc_column_container vc_col-sm-12\">\n<div class=\"vc_column-inner\">\n<div class=\"wpb_wrapper\">\n<div class=\"wpb_text_column wpb_content_element \">\n<div class=\"wpb_wrapper\">\n<h3 class=\"chapeau\">Find us and contact us easily!<\/h3>\n<p><strong>Tourist Office of Samo\u00ebns<\/strong><\/p>\n<p>66, place de l\u2019Office de Tourisme<\/p>\n<p>74340 SAMOENS<\/p>\n<p>T\u00e9l. : +33 (0)4.50.34.40.28<\/p>\n<p>Mail :\u00a0<a href=\"mailto:infos@www.samoens.com\" target=\"_blank\" rel=\"noopener noreferrer\">infos@samoens.com<\/a><\/p>\n<p>Open every day from 9am to 12pm and for 2pm to 6pm.<\/p>\n<\/div>\n<\/div>\n<\/div>\n<\/div>\n<\/div>\n<\/div>\n<p>[\/vc_column_text][\/vc_column][\/vc_row]<\/p>\n<\/div>","protected":false},"excerpt":{"rendered":"<p>10 choses \u00e0 faire \u00e0 Samo\u00ebns l&#8217;\u00e9t\u00e9 ! Patrimoine, plein air, randonn\u00e9e ou encore d\u00e9couvertes culinaires\u00a0: Samo\u00ebns regorge de surprises et d\u2019activit\u00e9s. Voici 10 activit\u00e9s \u00e0 partager en famille ou entre amis.<\/p>\n","protected":false},"author":2,"featured_media":558840,"comment_status":"closed","ping_status":"closed","sticky":false,"template":"","format":"standard","meta":{"_acf_changed":false,"footnotes":""},"categories":[5220],"tags":[],"class_list":["post-558170","post","type-post","status-publish","format-standard","hentry","category-decouverte-de-samoens-lete-en"],"acf":[],"yoast_head":"<!-- This site is optimized with the Yoast SEO plugin v27.4 - https:\/\/yoast.com\/product\/yoast-seo-wordpress\/ -->\n<title>10 things not to miss in Samoens in summer<\/title>\n<meta name=\"robots\" content=\"index, follow, max-snippet:-1, max-image-preview:large, max-video-preview:-1\" \/>\n<link rel=\"canonical\" href=\"https:\/\/www.samoens.com\/en\/the-10-things-you-cant-miss-a-samoens-in-summer\/\" \/>\n<meta property=\"og:locale\" content=\"en_US\" \/>\n<meta property=\"og:type\" content=\"article\" \/>\n<meta property=\"og:title\" content=\"10 things not to miss in Samoens in summer\" \/>\n<meta property=\"og:description\" content=\"10 choses \u00e0 faire \u00e0 Samo\u00ebns l&#039;\u00e9t\u00e9 ! Patrimoine, plein air, randonn\u00e9e ou encore d\u00e9couvertes culinaires\u00a0: Samo\u00ebns regorge de surprises et d\u2019activit\u00e9s. Voici 10 activit\u00e9s \u00e0 partager en famille ou entre amis.\" \/>\n<meta property=\"og:url\" content=\"https:\/\/www.samoens.com\/en\/the-10-things-you-cant-miss-a-samoens-in-summer\/\" \/>\n<meta property=\"og:site_name\" content=\"Samo\u00ebns, station de ski et village authentique en Haute-Savoie\" \/>\n<meta property=\"article:published_time\" content=\"2026-03-31T13:00:56+00:00\" \/>\n<meta property=\"article:modified_time\" content=\"2026-03-31T13:28:06+00:00\" \/>\n<meta property=\"og:image\" content=\"https:\/\/www.samoens.com\/wp-content\/uploads\/2022\/04\/Samoens-004-scaled.jpg\" \/>\n\t<meta property=\"og:image:width\" content=\"2048\" \/>\n\t<meta property=\"og:image:height\" content=\"1181\" \/>\n\t<meta property=\"og:image:type\" content=\"image\/jpeg\" \/>\n<meta name=\"author\" content=\"Isabelle\" \/>\n<meta name=\"twitter:card\" content=\"summary_large_image\" \/>\n<meta name=\"twitter:label1\" content=\"Written by\" \/>\n\t<meta name=\"twitter:data1\" content=\"Isabelle\" \/>\n\t<meta name=\"twitter:label2\" content=\"Est. reading time\" \/>\n\t<meta name=\"twitter:data2\" content=\"5 minutes\" \/>\n<script type=\"application\/ld+json\" class=\"yoast-schema-graph\">{\"@context\":\"https:\\\/\\\/schema.org\",\"@graph\":[{\"@type\":\"Article\",\"@id\":\"https:\\\/\\\/www.samoens.com\\\/en\\\/the-10-things-you-cant-miss-a-samoens-in-summer\\\/#article\",\"isPartOf\":{\"@id\":\"https:\\\/\\\/www.samoens.com\\\/en\\\/the-10-things-you-cant-miss-a-samoens-in-summer\\\/\"},\"author\":{\"name\":\"Isabelle\",\"@id\":\"https:\\\/\\\/www.samoens.com\\\/#\\\/schema\\\/person\\\/9f84694e97a9b976109162d9d96dc2f2\"},\"headline\":\"10 things not to miss in Samoens in summer\",\"datePublished\":\"2026-03-31T13:00:56+00:00\",\"dateModified\":\"2026-03-31T13:28:06+00:00\",\"mainEntityOfPage\":{\"@id\":\"https:\\\/\\\/www.samoens.com\\\/en\\\/the-10-things-you-cant-miss-a-samoens-in-summer\\\/\"},\"wordCount\":1341,\"image\":{\"@id\":\"https:\\\/\\\/www.samoens.com\\\/en\\\/the-10-things-you-cant-miss-a-samoens-in-summer\\\/#primaryimage\"},\"thumbnailUrl\":\"https:\\\/\\\/www.samoens.com\\\/wp-content\\\/uploads\\\/2022\\\/04\\\/Samoens-004-scaled.jpg\",\"articleSection\":[\"Discovery of Samo\u00ebns in summer\"],\"inLanguage\":\"en-US\"},{\"@type\":\"WebPage\",\"@id\":\"https:\\\/\\\/www.samoens.com\\\/en\\\/the-10-things-you-cant-miss-a-samoens-in-summer\\\/\",\"url\":\"https:\\\/\\\/www.samoens.com\\\/en\\\/the-10-things-you-cant-miss-a-samoens-in-summer\\\/\",\"name\":\"10 things not to miss in Samoens in summer\",\"isPartOf\":{\"@id\":\"https:\\\/\\\/www.samoens.com\\\/#website\"},\"primaryImageOfPage\":{\"@id\":\"https:\\\/\\\/www.samoens.com\\\/en\\\/the-10-things-you-cant-miss-a-samoens-in-summer\\\/#primaryimage\"},\"image\":{\"@id\":\"https:\\\/\\\/www.samoens.com\\\/en\\\/the-10-things-you-cant-miss-a-samoens-in-summer\\\/#primaryimage\"},\"thumbnailUrl\":\"https:\\\/\\\/www.samoens.com\\\/wp-content\\\/uploads\\\/2022\\\/04\\\/Samoens-004-scaled.jpg\",\"datePublished\":\"2026-03-31T13:00:56+00:00\",\"dateModified\":\"2026-03-31T13:28:06+00:00\",\"author\":{\"@id\":\"https:\\\/\\\/www.samoens.com\\\/#\\\/schema\\\/person\\\/9f84694e97a9b976109162d9d96dc2f2\"},\"breadcrumb\":{\"@id\":\"https:\\\/\\\/www.samoens.com\\\/en\\\/the-10-things-you-cant-miss-a-samoens-in-summer\\\/#breadcrumb\"},\"inLanguage\":\"en-US\",\"potentialAction\":[{\"@type\":\"ReadAction\",\"target\":[\"https:\\\/\\\/www.samoens.com\\\/en\\\/the-10-things-you-cant-miss-a-samoens-in-summer\\\/\"]}]},{\"@type\":\"ImageObject\",\"inLanguage\":\"en-US\",\"@id\":\"https:\\\/\\\/www.samoens.com\\\/en\\\/the-10-things-you-cant-miss-a-samoens-in-summer\\\/#primaryimage\",\"url\":\"https:\\\/\\\/www.samoens.com\\\/wp-content\\\/uploads\\\/2022\\\/04\\\/Samoens-004-scaled.jpg\",\"contentUrl\":\"https:\\\/\\\/www.samoens.com\\\/wp-content\\\/uploads\\\/2022\\\/04\\\/Samoens-004-scaled.jpg\",\"width\":2048,\"height\":1181,\"caption\":\"Point de vue panoramique sur Samo\u00ebns depuis la route du col de joux Plane.\"},{\"@type\":\"BreadcrumbList\",\"@id\":\"https:\\\/\\\/www.samoens.com\\\/en\\\/the-10-things-you-cant-miss-a-samoens-in-summer\\\/#breadcrumb\",\"itemListElement\":[{\"@type\":\"ListItem\",\"position\":1,\"name\":\"Accueil\",\"item\":\"https:\\\/\\\/www.samoens.com\\\/en\\\/\"},{\"@type\":\"ListItem\",\"position\":2,\"name\":\"Discovery of Samo\u00ebns in summer\",\"item\":\"https:\\\/\\\/www.samoens.com\\\/en\\\/category\\\/decouverte-de-samoens-lete-en\\\/\"},{\"@type\":\"ListItem\",\"position\":3,\"name\":\"10 things not to miss in Samoens in summer\"}]},{\"@type\":\"WebSite\",\"@id\":\"https:\\\/\\\/www.samoens.com\\\/#website\",\"url\":\"https:\\\/\\\/www.samoens.com\\\/\",\"name\":\"Samo\u00ebns, station de ski et village authentique en Haute-Savoie\",\"description\":\"Nich\u00e9e au coeur du domaine skiable du Grand Massif et \u00e0 moins d&#039;1h de Gen\u00e8ve, Samo\u00ebns rendra vos vacances inoubliables en \u00e9t\u00e9 comme en hiver\",\"potentialAction\":[{\"@type\":\"SearchAction\",\"target\":{\"@type\":\"EntryPoint\",\"urlTemplate\":\"https:\\\/\\\/www.samoens.com\\\/?s={search_term_string}\"},\"query-input\":{\"@type\":\"PropertyValueSpecification\",\"valueRequired\":true,\"valueName\":\"search_term_string\"}}],\"inLanguage\":\"en-US\"},{\"@type\":\"Person\",\"@id\":\"https:\\\/\\\/www.samoens.com\\\/#\\\/schema\\\/person\\\/9f84694e97a9b976109162d9d96dc2f2\",\"name\":\"Isabelle\",\"image\":{\"@type\":\"ImageObject\",\"inLanguage\":\"en-US\",\"@id\":\"https:\\\/\\\/secure.gravatar.com\\\/avatar\\\/13973acc16a6871b2e7a2b758c75fd8b7c5f0835b5f5b665a2a81454820bba2f?s=96&d=mm&r=g\",\"url\":\"https:\\\/\\\/secure.gravatar.com\\\/avatar\\\/13973acc16a6871b2e7a2b758c75fd8b7c5f0835b5f5b665a2a81454820bba2f?s=96&d=mm&r=g\",\"contentUrl\":\"https:\\\/\\\/secure.gravatar.com\\\/avatar\\\/13973acc16a6871b2e7a2b758c75fd8b7c5f0835b5f5b665a2a81454820bba2f?s=96&d=mm&r=g\",\"caption\":\"Isabelle\"}}]}<\/script>\n<!-- \/ Yoast SEO plugin. -->","yoast_head_json":{"title":"10 things not to miss in Samoens in summer","robots":{"index":"index","follow":"follow","max-snippet":"max-snippet:-1","max-image-preview":"max-image-preview:large","max-video-preview":"max-video-preview:-1"},"canonical":"https:\/\/www.samoens.com\/en\/the-10-things-you-cant-miss-a-samoens-in-summer\/","og_locale":"en_US","og_type":"article","og_title":"10 things not to miss in Samoens in summer","og_description":"10 choses \u00e0 faire \u00e0 Samo\u00ebns l'\u00e9t\u00e9 ! Patrimoine, plein air, randonn\u00e9e ou encore d\u00e9couvertes culinaires\u00a0: Samo\u00ebns regorge de surprises et d\u2019activit\u00e9s. Voici 10 activit\u00e9s \u00e0 partager en famille ou entre amis.","og_url":"https:\/\/www.samoens.com\/en\/the-10-things-you-cant-miss-a-samoens-in-summer\/","og_site_name":"Samo\u00ebns, station de ski et village authentique en Haute-Savoie","article_published_time":"2026-03-31T13:00:56+00:00","article_modified_time":"2026-03-31T13:28:06+00:00","og_image":[{"width":2048,"height":1181,"url":"https:\/\/www.samoens.com\/wp-content\/uploads\/2022\/04\/Samoens-004-scaled.jpg","type":"image\/jpeg"}],"author":"Isabelle","twitter_card":"summary_large_image","twitter_misc":{"Written by":"Isabelle","Est. reading time":"5 minutes"},"schema":{"@context":"https:\/\/schema.org","@graph":[{"@type":"Article","@id":"https:\/\/www.samoens.com\/en\/the-10-things-you-cant-miss-a-samoens-in-summer\/#article","isPartOf":{"@id":"https:\/\/www.samoens.com\/en\/the-10-things-you-cant-miss-a-samoens-in-summer\/"},"author":{"name":"Isabelle","@id":"https:\/\/www.samoens.com\/#\/schema\/person\/9f84694e97a9b976109162d9d96dc2f2"},"headline":"10 things not to miss in Samoens in summer","datePublished":"2026-03-31T13:00:56+00:00","dateModified":"2026-03-31T13:28:06+00:00","mainEntityOfPage":{"@id":"https:\/\/www.samoens.com\/en\/the-10-things-you-cant-miss-a-samoens-in-summer\/"},"wordCount":1341,"image":{"@id":"https:\/\/www.samoens.com\/en\/the-10-things-you-cant-miss-a-samoens-in-summer\/#primaryimage"},"thumbnailUrl":"https:\/\/www.samoens.com\/wp-content\/uploads\/2022\/04\/Samoens-004-scaled.jpg","articleSection":["Discovery of Samo\u00ebns in summer"],"inLanguage":"en-US"},{"@type":"WebPage","@id":"https:\/\/www.samoens.com\/en\/the-10-things-you-cant-miss-a-samoens-in-summer\/","url":"https:\/\/www.samoens.com\/en\/the-10-things-you-cant-miss-a-samoens-in-summer\/","name":"10 things not to miss in Samoens in summer","isPartOf":{"@id":"https:\/\/www.samoens.com\/#website"},"primaryImageOfPage":{"@id":"https:\/\/www.samoens.com\/en\/the-10-things-you-cant-miss-a-samoens-in-summer\/#primaryimage"},"image":{"@id":"https:\/\/www.samoens.com\/en\/the-10-things-you-cant-miss-a-samoens-in-summer\/#primaryimage"},"thumbnailUrl":"https:\/\/www.samoens.com\/wp-content\/uploads\/2022\/04\/Samoens-004-scaled.jpg","datePublished":"2026-03-31T13:00:56+00:00","dateModified":"2026-03-31T13:28:06+00:00","author":{"@id":"https:\/\/www.samoens.com\/#\/schema\/person\/9f84694e97a9b976109162d9d96dc2f2"},"breadcrumb":{"@id":"https:\/\/www.samoens.com\/en\/the-10-things-you-cant-miss-a-samoens-in-summer\/#breadcrumb"},"inLanguage":"en-US","potentialAction":[{"@type":"ReadAction","target":["https:\/\/www.samoens.com\/en\/the-10-things-you-cant-miss-a-samoens-in-summer\/"]}]},{"@type":"ImageObject","inLanguage":"en-US","@id":"https:\/\/www.samoens.com\/en\/the-10-things-you-cant-miss-a-samoens-in-summer\/#primaryimage","url":"https:\/\/www.samoens.com\/wp-content\/uploads\/2022\/04\/Samoens-004-scaled.jpg","contentUrl":"https:\/\/www.samoens.com\/wp-content\/uploads\/2022\/04\/Samoens-004-scaled.jpg","width":2048,"height":1181,"caption":"Point de vue panoramique sur Samo\u00ebns depuis la route du col de joux Plane."},{"@type":"BreadcrumbList","@id":"https:\/\/www.samoens.com\/en\/the-10-things-you-cant-miss-a-samoens-in-summer\/#breadcrumb","itemListElement":[{"@type":"ListItem","position":1,"name":"Accueil","item":"https:\/\/www.samoens.com\/en\/"},{"@type":"ListItem","position":2,"name":"Discovery of Samo\u00ebns in summer","item":"https:\/\/www.samoens.com\/en\/category\/decouverte-de-samoens-lete-en\/"},{"@type":"ListItem","position":3,"name":"10 things not to miss in Samoens in summer"}]},{"@type":"WebSite","@id":"https:\/\/www.samoens.com\/#website","url":"https:\/\/www.samoens.com\/","name":"Samo\u00ebns, station de ski et village authentique en Haute-Savoie","description":"Nich\u00e9e au coeur du domaine skiable du Grand Massif et \u00e0 moins d&#039;1h de Gen\u00e8ve, Samo\u00ebns rendra vos vacances inoubliables en \u00e9t\u00e9 comme en hiver","potentialAction":[{"@type":"SearchAction","target":{"@type":"EntryPoint","urlTemplate":"https:\/\/www.samoens.com\/?s={search_term_string}"},"query-input":{"@type":"PropertyValueSpecification","valueRequired":true,"valueName":"search_term_string"}}],"inLanguage":"en-US"},{"@type":"Person","@id":"https:\/\/www.samoens.com\/#\/schema\/person\/9f84694e97a9b976109162d9d96dc2f2","name":"Isabelle","image":{"@type":"ImageObject","inLanguage":"en-US","@id":"https:\/\/secure.gravatar.com\/avatar\/13973acc16a6871b2e7a2b758c75fd8b7c5f0835b5f5b665a2a81454820bba2f?s=96&d=mm&r=g","url":"https:\/\/secure.gravatar.com\/avatar\/13973acc16a6871b2e7a2b758c75fd8b7c5f0835b5f5b665a2a81454820bba2f?s=96&d=mm&r=g","contentUrl":"https:\/\/secure.gravatar.com\/avatar\/13973acc16a6871b2e7a2b758c75fd8b7c5f0835b5f5b665a2a81454820bba2f?s=96&d=mm&r=g","caption":"Isabelle"}}]}},"_links":{"self":[{"href":"https:\/\/www.samoens.com\/en\/wp-json\/wp\/v2\/posts\/558170","targetHints":{"allow":["GET"]}}],"collection":[{"href":"https:\/\/www.samoens.com\/en\/wp-json\/wp\/v2\/posts"}],"about":[{"href":"https:\/\/www.samoens.com\/en\/wp-json\/wp\/v2\/types\/post"}],"author":[{"embeddable":true,"href":"https:\/\/www.samoens.com\/en\/wp-json\/wp\/v2\/users\/2"}],"replies":[{"embeddable":true,"href":"https:\/\/www.samoens.com\/en\/wp-json\/wp\/v2\/comments?post=558170"}],"version-history":[{"count":5,"href":"https:\/\/www.samoens.com\/en\/wp-json\/wp\/v2\/posts\/558170\/revisions"}],"predecessor-version":[{"id":607171,"href":"https:\/\/www.samoens.com\/en\/wp-json\/wp\/v2\/posts\/558170\/revisions\/607171"}],"wp:featuredmedia":[{"embeddable":true,"href":"https:\/\/www.samoens.com\/en\/wp-json\/wp\/v2\/media\/558840"}],"wp:attachment":[{"href":"https:\/\/www.samoens.com\/en\/wp-json\/wp\/v2\/media?parent=558170"}],"wp:term":[{"taxonomy":"category","embeddable":true,"href":"https:\/\/www.samoens.com\/en\/wp-json\/wp\/v2\/categories?post=558170"},{"taxonomy":"post_tag","embeddable":true,"href":"https:\/\/www.samoens.com\/en\/wp-json\/wp\/v2\/tags?post=558170"}],"curies":[{"name":"wp","href":"https:\/\/api.w.org\/{rel}","templated":true}]}}