{"id":536392,"date":"2026-03-31T11:02:48","date_gmt":"2026-03-31T09:02:48","guid":{"rendered":"https:\/\/www.samoens.com\/?p=536392"},"modified":"2026-03-31T11:37:58","modified_gmt":"2026-03-31T09:37:58","slug":"whats-new-this-summer-in-samoens","status":"publish","type":"post","link":"https:\/\/www.samoens.com\/en\/whats-new-this-summer-in-samoens\/","title":{"rendered":"What&#8217;s new this summer in Samo\u00ebns"},"content":{"rendered":"<div class=\"wpb-content-wrapper\"><p>[vc_row][vc_column][vc_column_text]<\/p>\n<p>Swimming is inevitably synonymous with summer holidays, and often indispensable for a successful family holiday. By opening up swimming in the Lac aux Dames this summer, Samo\u00ebns promises you a very different holiday!<br \/>\nDo you want easy access to the most beautiful hiking spots? A shuttle bus service will take you there (almost) free of charge all summer!<br \/>\nAnd if you want to reach the summits of the Grand Massif, our ski lifts are open every day!<br \/>\nFinally, if you want to ride an electric mountain bike, we have prepared 4 routes for you to discover the Giffre Valley.<\/p>\n<p>[\/vc_column_text][\/vc_column][\/vc_row][vc_row][vc_column][vc_column_text]<\/p>\n<h3>Cool down in the Lac aux Dames<\/h3>\n<p>[\/vc_column_text][vc_column_text css=&#8221;&#8221;]It is the novelty of the summer: authorized swimming in the Lac aux Dames, in the heart of the leisure center. Every day, from July 1th to September 08 from 10 am to 6 pm, swimming will be supervised in the larger lake. Natural grass beach, shower, everything is designed for a pleasant moment. Water temperature between 21 and 22\u00b0.<\/p>\n<p>There are also two restaurants, multi-sports areas (zip-lining, paintball, golf), and a paragliding landing area.<\/p>\n<p>It is the ideal place to refresh yourself after a hike in our beautiful mountains!<\/p>\n<p><a href=\"https:\/\/www.samoens.com\/en\/la-base-de-loisir-des-lacs-aux-dames-a-samoens\/\" target=\"_blank\" rel=\"noopener\">Further information on the leisure centre.<\/a>[\/vc_column_text][vc_single_image image=&#8221;530338&#8243; img_size=&#8221;large&#8221; alignment=&#8221;center&#8221; el_class=&#8221;lienversliste&#8221;][\/vc_column][\/vc_row][vc_row][vc_column width=&#8221;1\/2&#8243;][vc_column_text]<\/p>\n<h3>Shuttles all summer long<\/h3>\n<p>[\/vc_column_text][vc_column_text css=&#8221;&#8221;]You are coming on holiday to Samo\u00ebns without a car and want to discover the most beautiful spots in the valley? Opt for the shuttles.<\/p>\n<p>All summer long, several lines will allow you to access :<\/p>\n<ul>\n<li>The Cirque du Fer \u00e0 Cheval and discover this exceptional setting. Opt for the morning shuttles, and visit the &#8220;Bout du Monde&#8221;. <a href=\"https:\/\/app.webcam-hd.com\/vallee-haut-giffre\/sixt-fer-a-cheval\">It is an easy and unforgettable hike.<\/a><\/li>\n<li>The Cascade du Rouget, one of the biggest waterfalls in the Alps, also known as the Queen of the Alps. It is not to be missed!<\/li>\n<li>The Col de Joux Plane. From there, the panorama on the Mont Blanc is just exceptional. And if you want to be even more amazed, take the direction of the Bourgeoise, a summit easily accessible (45 minutes walk). <a href=\"https:\/\/www.skaping.com\/samoens\/col-de-joux-plane\">The view is even more incredible.<\/a><\/li>\n<\/ul>\n<p>These same shuttles serve several points in the valley, between Verchaix, Morillon, Samo\u00ebns, and Sixt Fer \u00e0 Cheval<\/p>\n<p>Access to the shuttles is \u20ac2 per day of transport. Access is free for children under 5 years old.<\/p>\n<p>(information given for information only, subject to opening or modification)[\/vc_column_text][\/vc_column][vc_column width=&#8221;1\/2&#8243;][vc_empty_space height=&#8221;200px&#8221;][vc_single_image image=&#8221;431191&#8243; img_size=&#8221;medium&#8221; el_class=&#8221;lienversliste&#8221;][\/vc_column][\/vc_row][vc_row][vc_column width=&#8221;1\/2&#8243;][vc_empty_space height=&#8221;70px&#8221;][vc_single_image image=&#8221;67953&#8243; img_size=&#8221;medium&#8221; el_class=&#8221;lienversliste&#8221;][\/vc_column][vc_column width=&#8221;1\/2&#8243;][vc_column_text]<\/p>\n<h3>The summits of the Grand Massif by ski lift<\/h3>\n<p>[\/vc_column_text][vc_column_text]From the first weekend in June, the Grand Massif ski lifts are open to everyone: pedestrians, mountain bikers and paragliders. They are open 7 days a week, from 9am to 5pm for the Grand Massif Express gondola lift. The Chariande Express chairlift will be open from July 7 days a week from 9.30am to 4.30pm. It&#8217;s the ideal, easy way to get to the summits.\u00a0<em>(information given for information only, subject to opening or modification)<\/em><\/p>\n<p>In Samo\u00ebns, take the Grand Massif Express gondola up to 1,600m, then after a short easy walk, board the Chariande Express chairlift. In a few minutes, you will reach the T\u00eate des Saix at an altitude of 2,100m, with an exceptional 360\u00b0 panoramic view. In the focus, of course, its majesty the Mont Blanc!<\/p>\n<p>Don&#8217;t forget to take your raincoat or a\u00a0 jacket!<\/p>\n<p><a href=\"https:\/\/www.samoens.com\/en\/remontees-mecaniques\/\" target=\"_blank\" rel=\"noopener\">Further information.<\/a>[\/vc_column_text][\/vc_column][\/vc_row][vc_row][vc_column][vc_btn title=&#8221;Discover the view&#8221; shape=&#8221;square&#8221; color=&#8221;default&#8221; size=&#8221;lg&#8221; align=&#8221;center&#8221; css=&#8221;&#8221; button_block=&#8221;true&#8221; link=&#8221;url:https%3A%2F%2Fwww.skaping.com%2Ftete-des-saix|target:_blank&#8221;][\/vc_column][\/vc_row][vc_row][vc_column width=&#8221;1\/2&#8243;][vc_column_text]<\/p>\n<h3>The Giffre Valley by electric mountain bike<\/h3>\n<p>[\/vc_column_text][vc_column_text css=&#8221;&#8221;]Nearly 100 kilometers of electric mountain bike routes have been mapped out and marked to invite you to discover the Giffre valley:<\/p>\n<ul>\n<li>In Samo\u00ebns, the Chapels circuit, blue level of difficulty: 28km and 750m D+ (positive difference in altitude). Mathonex, Vercland, Les Vallons, Chantemerle&#8230; as many hamlets as there are chapels.<\/li>\n<li>In Sixt, the Gorges des Tines circuit: blue, 19 km, 600m D+.<\/li>\n<li>In Taninges and Mieussy, the Chapelle Saint Grat circuit: red, 35 km, 1 100m D+.<\/li>\n<li>Along the Giffre from the Lac Bleu de Morillon to the Rivi\u00e8re Enverse: the Grand Bois circuit: blue, 14 km, 340 D+.<\/li>\n<\/ul>\n<p>[\/vc_column_text][\/vc_column][vc_column width=&#8221;1\/2&#8243;][vc_empty_space height=&#8221;200px&#8221;][vc_single_image image=&#8221;536296&#8243; img_size=&#8221;medium&#8221; el_class=&#8221;lienversliste&#8221;][\/vc_column][\/vc_row]<\/p>\n<\/div>","protected":false},"excerpt":{"rendered":"<p>[vc_row][vc_column][vc_column_text] Swimming is inevitably synonymous with summer holidays, and often indispensable for a successful family holiday. By opening up swimming in the Lac aux Dames this summer, Samo\u00ebns promises you a very different holiday! Do you want easy access to the most beautiful hiking spots? A shuttle bus service will take you there (almost) free [&hellip;]<\/p>\n","protected":false},"author":12,"featured_media":579457,"comment_status":"closed","ping_status":"closed","sticky":false,"template":"","format":"standard","meta":{"_acf_changed":false,"footnotes":""},"categories":[5220,323],"tags":[],"class_list":["post-536392","post","type-post","status-publish","format-standard","hentry","category-decouverte-de-samoens-lete-en","category-summer-discovery-of-samoens"],"acf":[],"yoast_head":"<!-- This site is optimized with the Yoast SEO plugin v27.4 - https:\/\/yoast.com\/product\/yoast-seo-wordpress\/ -->\n<title>What&#039;s new this summer in Samo\u00ebns<\/title>\n<meta name=\"robots\" content=\"index, follow, max-snippet:-1, max-image-preview:large, max-video-preview:-1\" \/>\n<link rel=\"canonical\" href=\"https:\/\/www.samoens.com\/en\/whats-new-this-summer-in-samoens\/\" \/>\n<meta property=\"og:locale\" content=\"en_US\" \/>\n<meta property=\"og:type\" content=\"article\" \/>\n<meta property=\"og:title\" content=\"What&#039;s new this summer in Samo\u00ebns\" \/>\n<meta property=\"og:description\" content=\"[vc_row][vc_column][vc_column_text] Swimming is inevitably synonymous with summer holidays, and often indispensable for a successful family holiday. By opening up swimming in the Lac aux Dames this summer, Samo\u00ebns promises you a very different holiday! Do you want easy access to the most beautiful hiking spots? A shuttle bus service will take you there (almost) free [&hellip;]\" \/>\n<meta property=\"og:url\" content=\"https:\/\/www.samoens.com\/en\/whats-new-this-summer-in-samoens\/\" \/>\n<meta property=\"og:site_name\" content=\"Samo\u00ebns, station de ski et village authentique en Haute-Savoie\" \/>\n<meta property=\"article:published_time\" content=\"2026-03-31T09:02:48+00:00\" \/>\n<meta property=\"article:modified_time\" content=\"2026-03-31T09:37:58+00:00\" \/>\n<meta property=\"og:image\" content=\"https:\/\/www.samoens.com\/wp-content\/uploads\/2023\/06\/AG0A0609-scaled.jpg\" \/>\n\t<meta property=\"og:image:width\" content=\"2048\" \/>\n\t<meta property=\"og:image:height\" content=\"1365\" \/>\n\t<meta property=\"og:image:type\" content=\"image\/jpeg\" \/>\n<meta name=\"author\" content=\"Infos\" \/>\n<meta name=\"twitter:card\" content=\"summary_large_image\" \/>\n<meta name=\"twitter:label1\" content=\"Written by\" \/>\n\t<meta name=\"twitter:data1\" content=\"Infos\" \/>\n\t<meta name=\"twitter:label2\" content=\"Est. reading time\" \/>\n\t<meta name=\"twitter:data2\" content=\"3 minutes\" \/>\n<script type=\"application\/ld+json\" class=\"yoast-schema-graph\">{\"@context\":\"https:\\\/\\\/schema.org\",\"@graph\":[{\"@type\":\"Article\",\"@id\":\"https:\\\/\\\/www.samoens.com\\\/en\\\/whats-new-this-summer-in-samoens\\\/#article\",\"isPartOf\":{\"@id\":\"https:\\\/\\\/www.samoens.com\\\/en\\\/whats-new-this-summer-in-samoens\\\/\"},\"author\":{\"name\":\"Infos\",\"@id\":\"https:\\\/\\\/www.samoens.com\\\/#\\\/schema\\\/person\\\/34a3aa571a8662f0592e3c0a32369b7d\"},\"headline\":\"What&#8217;s new this summer in Samo\u00ebns\",\"datePublished\":\"2026-03-31T09:02:48+00:00\",\"dateModified\":\"2026-03-31T09:37:58+00:00\",\"mainEntityOfPage\":{\"@id\":\"https:\\\/\\\/www.samoens.com\\\/en\\\/whats-new-this-summer-in-samoens\\\/\"},\"wordCount\":846,\"image\":{\"@id\":\"https:\\\/\\\/www.samoens.com\\\/en\\\/whats-new-this-summer-in-samoens\\\/#primaryimage\"},\"thumbnailUrl\":\"https:\\\/\\\/www.samoens.com\\\/wp-content\\\/uploads\\\/2023\\\/06\\\/AG0A0609-scaled.jpg\",\"articleSection\":[\"Discovery of Samo\u00ebns in summer\",\"Summer discovery of Samo\u00ebns\"],\"inLanguage\":\"en-US\"},{\"@type\":\"WebPage\",\"@id\":\"https:\\\/\\\/www.samoens.com\\\/en\\\/whats-new-this-summer-in-samoens\\\/\",\"url\":\"https:\\\/\\\/www.samoens.com\\\/en\\\/whats-new-this-summer-in-samoens\\\/\",\"name\":\"What's new this summer in Samo\u00ebns\",\"isPartOf\":{\"@id\":\"https:\\\/\\\/www.samoens.com\\\/#website\"},\"primaryImageOfPage\":{\"@id\":\"https:\\\/\\\/www.samoens.com\\\/en\\\/whats-new-this-summer-in-samoens\\\/#primaryimage\"},\"image\":{\"@id\":\"https:\\\/\\\/www.samoens.com\\\/en\\\/whats-new-this-summer-in-samoens\\\/#primaryimage\"},\"thumbnailUrl\":\"https:\\\/\\\/www.samoens.com\\\/wp-content\\\/uploads\\\/2023\\\/06\\\/AG0A0609-scaled.jpg\",\"datePublished\":\"2026-03-31T09:02:48+00:00\",\"dateModified\":\"2026-03-31T09:37:58+00:00\",\"author\":{\"@id\":\"https:\\\/\\\/www.samoens.com\\\/#\\\/schema\\\/person\\\/34a3aa571a8662f0592e3c0a32369b7d\"},\"breadcrumb\":{\"@id\":\"https:\\\/\\\/www.samoens.com\\\/en\\\/whats-new-this-summer-in-samoens\\\/#breadcrumb\"},\"inLanguage\":\"en-US\",\"potentialAction\":[{\"@type\":\"ReadAction\",\"target\":[\"https:\\\/\\\/www.samoens.com\\\/en\\\/whats-new-this-summer-in-samoens\\\/\"]}]},{\"@type\":\"ImageObject\",\"inLanguage\":\"en-US\",\"@id\":\"https:\\\/\\\/www.samoens.com\\\/en\\\/whats-new-this-summer-in-samoens\\\/#primaryimage\",\"url\":\"https:\\\/\\\/www.samoens.com\\\/wp-content\\\/uploads\\\/2023\\\/06\\\/AG0A0609-scaled.jpg\",\"contentUrl\":\"https:\\\/\\\/www.samoens.com\\\/wp-content\\\/uploads\\\/2023\\\/06\\\/AG0A0609-scaled.jpg\",\"width\":2048,\"height\":1365},{\"@type\":\"BreadcrumbList\",\"@id\":\"https:\\\/\\\/www.samoens.com\\\/en\\\/whats-new-this-summer-in-samoens\\\/#breadcrumb\",\"itemListElement\":[{\"@type\":\"ListItem\",\"position\":1,\"name\":\"Accueil\",\"item\":\"https:\\\/\\\/www.samoens.com\\\/en\\\/\"},{\"@type\":\"ListItem\",\"position\":2,\"name\":\"Discovery of Samo\u00ebns in summer\",\"item\":\"https:\\\/\\\/www.samoens.com\\\/en\\\/category\\\/decouverte-de-samoens-lete-en\\\/\"},{\"@type\":\"ListItem\",\"position\":3,\"name\":\"What&#8217;s new this summer in Samo\u00ebns\"}]},{\"@type\":\"WebSite\",\"@id\":\"https:\\\/\\\/www.samoens.com\\\/#website\",\"url\":\"https:\\\/\\\/www.samoens.com\\\/\",\"name\":\"Samo\u00ebns, station de ski et village authentique en Haute-Savoie\",\"description\":\"Nich\u00e9e au coeur du domaine skiable du Grand Massif et \u00e0 moins d&#039;1h de Gen\u00e8ve, Samo\u00ebns rendra vos vacances inoubliables en \u00e9t\u00e9 comme en hiver\",\"potentialAction\":[{\"@type\":\"SearchAction\",\"target\":{\"@type\":\"EntryPoint\",\"urlTemplate\":\"https:\\\/\\\/www.samoens.com\\\/?s={search_term_string}\"},\"query-input\":{\"@type\":\"PropertyValueSpecification\",\"valueRequired\":true,\"valueName\":\"search_term_string\"}}],\"inLanguage\":\"en-US\"},{\"@type\":\"Person\",\"@id\":\"https:\\\/\\\/www.samoens.com\\\/#\\\/schema\\\/person\\\/34a3aa571a8662f0592e3c0a32369b7d\",\"name\":\"Infos\",\"image\":{\"@type\":\"ImageObject\",\"inLanguage\":\"en-US\",\"@id\":\"https:\\\/\\\/secure.gravatar.com\\\/avatar\\\/98237e5ca8e465d0ddcfd5ebd39b4ad5afafb83f1b777e65c39d70efe56f1773?s=96&d=mm&r=g\",\"url\":\"https:\\\/\\\/secure.gravatar.com\\\/avatar\\\/98237e5ca8e465d0ddcfd5ebd39b4ad5afafb83f1b777e65c39d70efe56f1773?s=96&d=mm&r=g\",\"contentUrl\":\"https:\\\/\\\/secure.gravatar.com\\\/avatar\\\/98237e5ca8e465d0ddcfd5ebd39b4ad5afafb83f1b777e65c39d70efe56f1773?s=96&d=mm&r=g\",\"caption\":\"Infos\"}}]}<\/script>\n<!-- \/ Yoast SEO plugin. -->","yoast_head_json":{"title":"What's new this summer in Samo\u00ebns","robots":{"index":"index","follow":"follow","max-snippet":"max-snippet:-1","max-image-preview":"max-image-preview:large","max-video-preview":"max-video-preview:-1"},"canonical":"https:\/\/www.samoens.com\/en\/whats-new-this-summer-in-samoens\/","og_locale":"en_US","og_type":"article","og_title":"What's new this summer in Samo\u00ebns","og_description":"[vc_row][vc_column][vc_column_text] Swimming is inevitably synonymous with summer holidays, and often indispensable for a successful family holiday. By opening up swimming in the Lac aux Dames this summer, Samo\u00ebns promises you a very different holiday! Do you want easy access to the most beautiful hiking spots? A shuttle bus service will take you there (almost) free [&hellip;]","og_url":"https:\/\/www.samoens.com\/en\/whats-new-this-summer-in-samoens\/","og_site_name":"Samo\u00ebns, station de ski et village authentique en Haute-Savoie","article_published_time":"2026-03-31T09:02:48+00:00","article_modified_time":"2026-03-31T09:37:58+00:00","og_image":[{"width":2048,"height":1365,"url":"https:\/\/www.samoens.com\/wp-content\/uploads\/2023\/06\/AG0A0609-scaled.jpg","type":"image\/jpeg"}],"author":"Infos","twitter_card":"summary_large_image","twitter_misc":{"Written by":"Infos","Est. reading time":"3 minutes"},"schema":{"@context":"https:\/\/schema.org","@graph":[{"@type":"Article","@id":"https:\/\/www.samoens.com\/en\/whats-new-this-summer-in-samoens\/#article","isPartOf":{"@id":"https:\/\/www.samoens.com\/en\/whats-new-this-summer-in-samoens\/"},"author":{"name":"Infos","@id":"https:\/\/www.samoens.com\/#\/schema\/person\/34a3aa571a8662f0592e3c0a32369b7d"},"headline":"What&#8217;s new this summer in Samo\u00ebns","datePublished":"2026-03-31T09:02:48+00:00","dateModified":"2026-03-31T09:37:58+00:00","mainEntityOfPage":{"@id":"https:\/\/www.samoens.com\/en\/whats-new-this-summer-in-samoens\/"},"wordCount":846,"image":{"@id":"https:\/\/www.samoens.com\/en\/whats-new-this-summer-in-samoens\/#primaryimage"},"thumbnailUrl":"https:\/\/www.samoens.com\/wp-content\/uploads\/2023\/06\/AG0A0609-scaled.jpg","articleSection":["Discovery of Samo\u00ebns in summer","Summer discovery of Samo\u00ebns"],"inLanguage":"en-US"},{"@type":"WebPage","@id":"https:\/\/www.samoens.com\/en\/whats-new-this-summer-in-samoens\/","url":"https:\/\/www.samoens.com\/en\/whats-new-this-summer-in-samoens\/","name":"What's new this summer in Samo\u00ebns","isPartOf":{"@id":"https:\/\/www.samoens.com\/#website"},"primaryImageOfPage":{"@id":"https:\/\/www.samoens.com\/en\/whats-new-this-summer-in-samoens\/#primaryimage"},"image":{"@id":"https:\/\/www.samoens.com\/en\/whats-new-this-summer-in-samoens\/#primaryimage"},"thumbnailUrl":"https:\/\/www.samoens.com\/wp-content\/uploads\/2023\/06\/AG0A0609-scaled.jpg","datePublished":"2026-03-31T09:02:48+00:00","dateModified":"2026-03-31T09:37:58+00:00","author":{"@id":"https:\/\/www.samoens.com\/#\/schema\/person\/34a3aa571a8662f0592e3c0a32369b7d"},"breadcrumb":{"@id":"https:\/\/www.samoens.com\/en\/whats-new-this-summer-in-samoens\/#breadcrumb"},"inLanguage":"en-US","potentialAction":[{"@type":"ReadAction","target":["https:\/\/www.samoens.com\/en\/whats-new-this-summer-in-samoens\/"]}]},{"@type":"ImageObject","inLanguage":"en-US","@id":"https:\/\/www.samoens.com\/en\/whats-new-this-summer-in-samoens\/#primaryimage","url":"https:\/\/www.samoens.com\/wp-content\/uploads\/2023\/06\/AG0A0609-scaled.jpg","contentUrl":"https:\/\/www.samoens.com\/wp-content\/uploads\/2023\/06\/AG0A0609-scaled.jpg","width":2048,"height":1365},{"@type":"BreadcrumbList","@id":"https:\/\/www.samoens.com\/en\/whats-new-this-summer-in-samoens\/#breadcrumb","itemListElement":[{"@type":"ListItem","position":1,"name":"Accueil","item":"https:\/\/www.samoens.com\/en\/"},{"@type":"ListItem","position":2,"name":"Discovery of Samo\u00ebns in summer","item":"https:\/\/www.samoens.com\/en\/category\/decouverte-de-samoens-lete-en\/"},{"@type":"ListItem","position":3,"name":"What&#8217;s new this summer in Samo\u00ebns"}]},{"@type":"WebSite","@id":"https:\/\/www.samoens.com\/#website","url":"https:\/\/www.samoens.com\/","name":"Samo\u00ebns, station de ski et village authentique en Haute-Savoie","description":"Nich\u00e9e au coeur du domaine skiable du Grand Massif et \u00e0 moins d&#039;1h de Gen\u00e8ve, Samo\u00ebns rendra vos vacances inoubliables en \u00e9t\u00e9 comme en hiver","potentialAction":[{"@type":"SearchAction","target":{"@type":"EntryPoint","urlTemplate":"https:\/\/www.samoens.com\/?s={search_term_string}"},"query-input":{"@type":"PropertyValueSpecification","valueRequired":true,"valueName":"search_term_string"}}],"inLanguage":"en-US"},{"@type":"Person","@id":"https:\/\/www.samoens.com\/#\/schema\/person\/34a3aa571a8662f0592e3c0a32369b7d","name":"Infos","image":{"@type":"ImageObject","inLanguage":"en-US","@id":"https:\/\/secure.gravatar.com\/avatar\/98237e5ca8e465d0ddcfd5ebd39b4ad5afafb83f1b777e65c39d70efe56f1773?s=96&d=mm&r=g","url":"https:\/\/secure.gravatar.com\/avatar\/98237e5ca8e465d0ddcfd5ebd39b4ad5afafb83f1b777e65c39d70efe56f1773?s=96&d=mm&r=g","contentUrl":"https:\/\/secure.gravatar.com\/avatar\/98237e5ca8e465d0ddcfd5ebd39b4ad5afafb83f1b777e65c39d70efe56f1773?s=96&d=mm&r=g","caption":"Infos"}}]}},"_links":{"self":[{"href":"https:\/\/www.samoens.com\/en\/wp-json\/wp\/v2\/posts\/536392","targetHints":{"allow":["GET"]}}],"collection":[{"href":"https:\/\/www.samoens.com\/en\/wp-json\/wp\/v2\/posts"}],"about":[{"href":"https:\/\/www.samoens.com\/en\/wp-json\/wp\/v2\/types\/post"}],"author":[{"embeddable":true,"href":"https:\/\/www.samoens.com\/en\/wp-json\/wp\/v2\/users\/12"}],"replies":[{"embeddable":true,"href":"https:\/\/www.samoens.com\/en\/wp-json\/wp\/v2\/comments?post=536392"}],"version-history":[{"count":5,"href":"https:\/\/www.samoens.com\/en\/wp-json\/wp\/v2\/posts\/536392\/revisions"}],"predecessor-version":[{"id":607135,"href":"https:\/\/www.samoens.com\/en\/wp-json\/wp\/v2\/posts\/536392\/revisions\/607135"}],"wp:featuredmedia":[{"embeddable":true,"href":"https:\/\/www.samoens.com\/en\/wp-json\/wp\/v2\/media\/579457"}],"wp:attachment":[{"href":"https:\/\/www.samoens.com\/en\/wp-json\/wp\/v2\/media?parent=536392"}],"wp:term":[{"taxonomy":"category","embeddable":true,"href":"https:\/\/www.samoens.com\/en\/wp-json\/wp\/v2\/categories?post=536392"},{"taxonomy":"post_tag","embeddable":true,"href":"https:\/\/www.samoens.com\/en\/wp-json\/wp\/v2\/tags?post=536392"}],"curies":[{"name":"wp","href":"https:\/\/api.w.org\/{rel}","templated":true}]}}