{"id":3639,"date":"2026-04-05T16:05:33","date_gmt":"2026-04-05T14:05:33","guid":{"rendered":"https:\/\/www.samoens.com\/?page_id=3639"},"modified":"2026-04-06T16:37:47","modified_gmt":"2026-04-06T14:37:47","slug":"mountain-walks-in-summer-in-gondola-at-samoens-1600","status":"publish","type":"post","link":"https:\/\/www.samoens.com\/en\/mountain-walks-in-summer-in-gondola-at-samoens-1600\/","title":{"rendered":"Mountain walks in summer in gondola at Samo\u00ebns 1600"},"content":{"rendered":"<div class=\"wpb-content-wrapper\"><p>[vc_row][vc_column][vc_single_image image=&#8221;2480&#8243; img_size=&#8221;large&#8221; alignment=&#8221;center&#8221;][vc_column_text]Thanks to the opening of the ski lifts in summer in Samoens 1600, stroll with the family and discover effortlessly exceptional mountain panoramas.<\/p>\n<p>When the desire for nature and relaxation is felt, enjoy the lifts for easy walks in scenery sumptuous. Find the feeling of well-being in the calm of the altitude, crossing pastures and walking next to the lakes. And why not doing a small fishing session ?[\/vc_column_text][\/vc_column][\/vc_row][vc_row][vc_column width=&#8221;1\/3&#8243;][vc_single_image image=&#8221;2534&#8243; img_size=&#8221;medium&#8221;][\/vc_column][vc_column width=&#8221;1\/3&#8243;][vc_single_image image=&#8221;2536&#8243; img_size=&#8221;medium&#8221;][\/vc_column][vc_column width=&#8221;1\/3&#8243;][vc_single_image image=&#8221;2532&#8243; img_size=&#8221;medium&#8221;][\/vc_column][\/vc_row][vc_row][vc_column][vc_column_text]<\/p>\n<h2><strong>A breathtaking view of the valley and the Mont Blanc range<\/strong><\/h2>\n<p>[\/vc_column_text][\/vc_column][\/vc_row][vc_row][vc_column][vc_column_text]Those summer openings are not only for walkers, hikers, paragliders, but also for mountain bikers. Indeed, the Grand Massif Express gondola lift and the Chariande Express chairlift, allow you to access to the paragliders&#8217; take-off area and to the hiking and mountain bike trails from the plateau and the T\u00eate des Saix.<\/p>\n<p>An idea for a gentle hike with varied scenery ? Starting from Samo\u00ebns, discover the view of the Mont Blanc from T\u00eate des Saix at 2120 meters above sea level. Then go in the direction of La Combe de Gers with its lake and its g\u00eete and restaurant. You can then join Samo\u00ebns or Sixt-Fer-\u00e0-Cheval.[\/vc_column_text][\/vc_column][\/vc_row][vc_row][vc_column width=&#8221;1\/3&#8243;][vc_single_image image=&#8221;2530&#8243; img_size=&#8221;medium&#8221;][\/vc_column][vc_column width=&#8221;1\/3&#8243;][vc_single_image image=&#8221;2528&#8243; img_size=&#8221;medium&#8221;][\/vc_column][vc_column width=&#8221;1\/3&#8243;][vc_single_image image=&#8221;2538&#8243; img_size=&#8221;medium&#8221;][\/vc_column][\/vc_row]<\/p>\n<\/div>","protected":false},"excerpt":{"rendered":"<p>[vc_row][vc_column][vc_single_image image=&#8221;2480&#8243; img_size=&#8221;large&#8221; alignment=&#8221;center&#8221;][vc_column_text]Thanks to the opening of the ski lifts in summer in Samoens 1600, stroll with the family and discover effortlessly exceptional mountain panoramas. When the desire for nature and relaxation is felt, enjoy the lifts for easy walks in scenery sumptuous. Find the feeling of well-being in the calm of the altitude, [&hellip;]<\/p>\n","protected":false},"author":2,"featured_media":67948,"comment_status":"closed","ping_status":"closed","sticky":false,"template":"","format":"standard","meta":{"_acf_changed":false,"footnotes":""},"categories":[5220,323],"tags":[],"class_list":["post-3639","post","type-post","status-publish","format-standard","hentry","category-decouverte-de-samoens-lete-en","category-summer-discovery-of-samoens"],"acf":[],"yoast_head":"<!-- This site is optimized with the Yoast SEO plugin v27.4 - https:\/\/yoast.com\/product\/yoast-seo-wordpress\/ -->\n<title>Mountain walks in summer in gondola at Samo\u00ebns 1600<\/title>\n<meta name=\"robots\" content=\"index, follow, max-snippet:-1, max-image-preview:large, max-video-preview:-1\" \/>\n<link rel=\"canonical\" href=\"https:\/\/www.samoens.com\/en\/mountain-walks-in-summer-in-gondola-at-samoens-1600\/\" \/>\n<meta property=\"og:locale\" content=\"en_US\" \/>\n<meta property=\"og:type\" content=\"article\" \/>\n<meta property=\"og:title\" content=\"Mountain walks in summer in gondola at Samo\u00ebns 1600\" \/>\n<meta property=\"og:description\" content=\"[vc_row][vc_column][vc_single_image image=&#8221;2480&#8243; img_size=&#8221;large&#8221; alignment=&#8221;center&#8221;][vc_column_text]Thanks to the opening of the ski lifts in summer in Samoens 1600, stroll with the family and discover effortlessly exceptional mountain panoramas. When the desire for nature and relaxation is felt, enjoy the lifts for easy walks in scenery sumptuous. Find the feeling of well-being in the calm of the altitude, [&hellip;]\" \/>\n<meta property=\"og:url\" content=\"https:\/\/www.samoens.com\/en\/mountain-walks-in-summer-in-gondola-at-samoens-1600\/\" \/>\n<meta property=\"og:site_name\" content=\"Samo\u00ebns, station de ski et village authentique en Haute-Savoie\" \/>\n<meta property=\"article:published_time\" content=\"2026-04-05T14:05:33+00:00\" \/>\n<meta property=\"article:modified_time\" content=\"2026-04-06T14:37:47+00:00\" \/>\n<meta property=\"og:image\" content=\"https:\/\/www.samoens.com\/wp-content\/uploads\/2019\/10\/8355-TristanShu.com-DSF-DSG-1200x800.jpg\" \/>\n\t<meta property=\"og:image:width\" content=\"1200\" \/>\n\t<meta property=\"og:image:height\" content=\"800\" \/>\n\t<meta property=\"og:image:type\" content=\"image\/jpeg\" \/>\n<meta name=\"author\" content=\"Isabelle\" \/>\n<meta name=\"twitter:card\" content=\"summary_large_image\" \/>\n<meta name=\"twitter:label1\" content=\"Written by\" \/>\n\t<meta name=\"twitter:data1\" content=\"Isabelle\" \/>\n\t<meta name=\"twitter:label2\" content=\"Est. reading time\" \/>\n\t<meta name=\"twitter:data2\" content=\"2 minutes\" \/>\n<script type=\"application\/ld+json\" class=\"yoast-schema-graph\">{\"@context\":\"https:\\\/\\\/schema.org\",\"@graph\":[{\"@type\":\"Article\",\"@id\":\"https:\\\/\\\/www.samoens.com\\\/en\\\/mountain-walks-in-summer-in-gondola-at-samoens-1600\\\/#article\",\"isPartOf\":{\"@id\":\"https:\\\/\\\/www.samoens.com\\\/en\\\/mountain-walks-in-summer-in-gondola-at-samoens-1600\\\/\"},\"author\":{\"name\":\"Isabelle\",\"@id\":\"https:\\\/\\\/www.samoens.com\\\/#\\\/schema\\\/person\\\/9f84694e97a9b976109162d9d96dc2f2\"},\"headline\":\"Mountain walks in summer in gondola at Samo\u00ebns 1600\",\"datePublished\":\"2026-04-05T14:05:33+00:00\",\"dateModified\":\"2026-04-06T14:37:47+00:00\",\"mainEntityOfPage\":{\"@id\":\"https:\\\/\\\/www.samoens.com\\\/en\\\/mountain-walks-in-summer-in-gondola-at-samoens-1600\\\/\"},\"wordCount\":329,\"image\":{\"@id\":\"https:\\\/\\\/www.samoens.com\\\/en\\\/mountain-walks-in-summer-in-gondola-at-samoens-1600\\\/#primaryimage\"},\"thumbnailUrl\":\"https:\\\/\\\/www.samoens.com\\\/wp-content\\\/uploads\\\/2019\\\/10\\\/8355-TristanShu.com-DSF-DSG.jpg\",\"articleSection\":[\"Discovery of Samo\u00ebns in summer\",\"Summer discovery of Samo\u00ebns\"],\"inLanguage\":\"en-US\"},{\"@type\":\"WebPage\",\"@id\":\"https:\\\/\\\/www.samoens.com\\\/en\\\/mountain-walks-in-summer-in-gondola-at-samoens-1600\\\/\",\"url\":\"https:\\\/\\\/www.samoens.com\\\/en\\\/mountain-walks-in-summer-in-gondola-at-samoens-1600\\\/\",\"name\":\"Mountain walks in summer in gondola at Samo\u00ebns 1600\",\"isPartOf\":{\"@id\":\"https:\\\/\\\/www.samoens.com\\\/#website\"},\"primaryImageOfPage\":{\"@id\":\"https:\\\/\\\/www.samoens.com\\\/en\\\/mountain-walks-in-summer-in-gondola-at-samoens-1600\\\/#primaryimage\"},\"image\":{\"@id\":\"https:\\\/\\\/www.samoens.com\\\/en\\\/mountain-walks-in-summer-in-gondola-at-samoens-1600\\\/#primaryimage\"},\"thumbnailUrl\":\"https:\\\/\\\/www.samoens.com\\\/wp-content\\\/uploads\\\/2019\\\/10\\\/8355-TristanShu.com-DSF-DSG.jpg\",\"datePublished\":\"2026-04-05T14:05:33+00:00\",\"dateModified\":\"2026-04-06T14:37:47+00:00\",\"author\":{\"@id\":\"https:\\\/\\\/www.samoens.com\\\/#\\\/schema\\\/person\\\/9f84694e97a9b976109162d9d96dc2f2\"},\"breadcrumb\":{\"@id\":\"https:\\\/\\\/www.samoens.com\\\/en\\\/mountain-walks-in-summer-in-gondola-at-samoens-1600\\\/#breadcrumb\"},\"inLanguage\":\"en-US\",\"potentialAction\":[{\"@type\":\"ReadAction\",\"target\":[\"https:\\\/\\\/www.samoens.com\\\/en\\\/mountain-walks-in-summer-in-gondola-at-samoens-1600\\\/\"]}]},{\"@type\":\"ImageObject\",\"inLanguage\":\"en-US\",\"@id\":\"https:\\\/\\\/www.samoens.com\\\/en\\\/mountain-walks-in-summer-in-gondola-at-samoens-1600\\\/#primaryimage\",\"url\":\"https:\\\/\\\/www.samoens.com\\\/wp-content\\\/uploads\\\/2019\\\/10\\\/8355-TristanShu.com-DSF-DSG.jpg\",\"contentUrl\":\"https:\\\/\\\/www.samoens.com\\\/wp-content\\\/uploads\\\/2019\\\/10\\\/8355-TristanShu.com-DSF-DSG.jpg\",\"width\":5616,\"height\":3744},{\"@type\":\"BreadcrumbList\",\"@id\":\"https:\\\/\\\/www.samoens.com\\\/en\\\/mountain-walks-in-summer-in-gondola-at-samoens-1600\\\/#breadcrumb\",\"itemListElement\":[{\"@type\":\"ListItem\",\"position\":1,\"name\":\"Accueil\",\"item\":\"https:\\\/\\\/www.samoens.com\\\/en\\\/\"},{\"@type\":\"ListItem\",\"position\":2,\"name\":\"Discovery of Samo\u00ebns in summer\",\"item\":\"https:\\\/\\\/www.samoens.com\\\/en\\\/category\\\/decouverte-de-samoens-lete-en\\\/\"},{\"@type\":\"ListItem\",\"position\":3,\"name\":\"Mountain walks in summer in gondola at Samo\u00ebns 1600\"}]},{\"@type\":\"WebSite\",\"@id\":\"https:\\\/\\\/www.samoens.com\\\/#website\",\"url\":\"https:\\\/\\\/www.samoens.com\\\/\",\"name\":\"Samo\u00ebns, station de ski et village authentique en Haute-Savoie\",\"description\":\"Nich\u00e9e au coeur du domaine skiable du Grand Massif et \u00e0 moins d&#039;1h de Gen\u00e8ve, Samo\u00ebns rendra vos vacances inoubliables en \u00e9t\u00e9 comme en hiver\",\"potentialAction\":[{\"@type\":\"SearchAction\",\"target\":{\"@type\":\"EntryPoint\",\"urlTemplate\":\"https:\\\/\\\/www.samoens.com\\\/?s={search_term_string}\"},\"query-input\":{\"@type\":\"PropertyValueSpecification\",\"valueRequired\":true,\"valueName\":\"search_term_string\"}}],\"inLanguage\":\"en-US\"},{\"@type\":\"Person\",\"@id\":\"https:\\\/\\\/www.samoens.com\\\/#\\\/schema\\\/person\\\/9f84694e97a9b976109162d9d96dc2f2\",\"name\":\"Isabelle\",\"image\":{\"@type\":\"ImageObject\",\"inLanguage\":\"en-US\",\"@id\":\"https:\\\/\\\/secure.gravatar.com\\\/avatar\\\/13973acc16a6871b2e7a2b758c75fd8b7c5f0835b5f5b665a2a81454820bba2f?s=96&d=mm&r=g\",\"url\":\"https:\\\/\\\/secure.gravatar.com\\\/avatar\\\/13973acc16a6871b2e7a2b758c75fd8b7c5f0835b5f5b665a2a81454820bba2f?s=96&d=mm&r=g\",\"contentUrl\":\"https:\\\/\\\/secure.gravatar.com\\\/avatar\\\/13973acc16a6871b2e7a2b758c75fd8b7c5f0835b5f5b665a2a81454820bba2f?s=96&d=mm&r=g\",\"caption\":\"Isabelle\"}}]}<\/script>\n<!-- \/ Yoast SEO plugin. -->","yoast_head_json":{"title":"Mountain walks in summer in gondola at Samo\u00ebns 1600","robots":{"index":"index","follow":"follow","max-snippet":"max-snippet:-1","max-image-preview":"max-image-preview:large","max-video-preview":"max-video-preview:-1"},"canonical":"https:\/\/www.samoens.com\/en\/mountain-walks-in-summer-in-gondola-at-samoens-1600\/","og_locale":"en_US","og_type":"article","og_title":"Mountain walks in summer in gondola at Samo\u00ebns 1600","og_description":"[vc_row][vc_column][vc_single_image image=&#8221;2480&#8243; img_size=&#8221;large&#8221; alignment=&#8221;center&#8221;][vc_column_text]Thanks to the opening of the ski lifts in summer in Samoens 1600, stroll with the family and discover effortlessly exceptional mountain panoramas. When the desire for nature and relaxation is felt, enjoy the lifts for easy walks in scenery sumptuous. Find the feeling of well-being in the calm of the altitude, [&hellip;]","og_url":"https:\/\/www.samoens.com\/en\/mountain-walks-in-summer-in-gondola-at-samoens-1600\/","og_site_name":"Samo\u00ebns, station de ski et village authentique en Haute-Savoie","article_published_time":"2026-04-05T14:05:33+00:00","article_modified_time":"2026-04-06T14:37:47+00:00","og_image":[{"width":1200,"height":800,"url":"https:\/\/www.samoens.com\/wp-content\/uploads\/2019\/10\/8355-TristanShu.com-DSF-DSG-1200x800.jpg","type":"image\/jpeg"}],"author":"Isabelle","twitter_card":"summary_large_image","twitter_misc":{"Written by":"Isabelle","Est. reading time":"2 minutes"},"schema":{"@context":"https:\/\/schema.org","@graph":[{"@type":"Article","@id":"https:\/\/www.samoens.com\/en\/mountain-walks-in-summer-in-gondola-at-samoens-1600\/#article","isPartOf":{"@id":"https:\/\/www.samoens.com\/en\/mountain-walks-in-summer-in-gondola-at-samoens-1600\/"},"author":{"name":"Isabelle","@id":"https:\/\/www.samoens.com\/#\/schema\/person\/9f84694e97a9b976109162d9d96dc2f2"},"headline":"Mountain walks in summer in gondola at Samo\u00ebns 1600","datePublished":"2026-04-05T14:05:33+00:00","dateModified":"2026-04-06T14:37:47+00:00","mainEntityOfPage":{"@id":"https:\/\/www.samoens.com\/en\/mountain-walks-in-summer-in-gondola-at-samoens-1600\/"},"wordCount":329,"image":{"@id":"https:\/\/www.samoens.com\/en\/mountain-walks-in-summer-in-gondola-at-samoens-1600\/#primaryimage"},"thumbnailUrl":"https:\/\/www.samoens.com\/wp-content\/uploads\/2019\/10\/8355-TristanShu.com-DSF-DSG.jpg","articleSection":["Discovery of Samo\u00ebns in summer","Summer discovery of Samo\u00ebns"],"inLanguage":"en-US"},{"@type":"WebPage","@id":"https:\/\/www.samoens.com\/en\/mountain-walks-in-summer-in-gondola-at-samoens-1600\/","url":"https:\/\/www.samoens.com\/en\/mountain-walks-in-summer-in-gondola-at-samoens-1600\/","name":"Mountain walks in summer in gondola at Samo\u00ebns 1600","isPartOf":{"@id":"https:\/\/www.samoens.com\/#website"},"primaryImageOfPage":{"@id":"https:\/\/www.samoens.com\/en\/mountain-walks-in-summer-in-gondola-at-samoens-1600\/#primaryimage"},"image":{"@id":"https:\/\/www.samoens.com\/en\/mountain-walks-in-summer-in-gondola-at-samoens-1600\/#primaryimage"},"thumbnailUrl":"https:\/\/www.samoens.com\/wp-content\/uploads\/2019\/10\/8355-TristanShu.com-DSF-DSG.jpg","datePublished":"2026-04-05T14:05:33+00:00","dateModified":"2026-04-06T14:37:47+00:00","author":{"@id":"https:\/\/www.samoens.com\/#\/schema\/person\/9f84694e97a9b976109162d9d96dc2f2"},"breadcrumb":{"@id":"https:\/\/www.samoens.com\/en\/mountain-walks-in-summer-in-gondola-at-samoens-1600\/#breadcrumb"},"inLanguage":"en-US","potentialAction":[{"@type":"ReadAction","target":["https:\/\/www.samoens.com\/en\/mountain-walks-in-summer-in-gondola-at-samoens-1600\/"]}]},{"@type":"ImageObject","inLanguage":"en-US","@id":"https:\/\/www.samoens.com\/en\/mountain-walks-in-summer-in-gondola-at-samoens-1600\/#primaryimage","url":"https:\/\/www.samoens.com\/wp-content\/uploads\/2019\/10\/8355-TristanShu.com-DSF-DSG.jpg","contentUrl":"https:\/\/www.samoens.com\/wp-content\/uploads\/2019\/10\/8355-TristanShu.com-DSF-DSG.jpg","width":5616,"height":3744},{"@type":"BreadcrumbList","@id":"https:\/\/www.samoens.com\/en\/mountain-walks-in-summer-in-gondola-at-samoens-1600\/#breadcrumb","itemListElement":[{"@type":"ListItem","position":1,"name":"Accueil","item":"https:\/\/www.samoens.com\/en\/"},{"@type":"ListItem","position":2,"name":"Discovery of Samo\u00ebns in summer","item":"https:\/\/www.samoens.com\/en\/category\/decouverte-de-samoens-lete-en\/"},{"@type":"ListItem","position":3,"name":"Mountain walks in summer in gondola at Samo\u00ebns 1600"}]},{"@type":"WebSite","@id":"https:\/\/www.samoens.com\/#website","url":"https:\/\/www.samoens.com\/","name":"Samo\u00ebns, station de ski et village authentique en Haute-Savoie","description":"Nich\u00e9e au coeur du domaine skiable du Grand Massif et \u00e0 moins d&#039;1h de Gen\u00e8ve, Samo\u00ebns rendra vos vacances inoubliables en \u00e9t\u00e9 comme en hiver","potentialAction":[{"@type":"SearchAction","target":{"@type":"EntryPoint","urlTemplate":"https:\/\/www.samoens.com\/?s={search_term_string}"},"query-input":{"@type":"PropertyValueSpecification","valueRequired":true,"valueName":"search_term_string"}}],"inLanguage":"en-US"},{"@type":"Person","@id":"https:\/\/www.samoens.com\/#\/schema\/person\/9f84694e97a9b976109162d9d96dc2f2","name":"Isabelle","image":{"@type":"ImageObject","inLanguage":"en-US","@id":"https:\/\/secure.gravatar.com\/avatar\/13973acc16a6871b2e7a2b758c75fd8b7c5f0835b5f5b665a2a81454820bba2f?s=96&d=mm&r=g","url":"https:\/\/secure.gravatar.com\/avatar\/13973acc16a6871b2e7a2b758c75fd8b7c5f0835b5f5b665a2a81454820bba2f?s=96&d=mm&r=g","contentUrl":"https:\/\/secure.gravatar.com\/avatar\/13973acc16a6871b2e7a2b758c75fd8b7c5f0835b5f5b665a2a81454820bba2f?s=96&d=mm&r=g","caption":"Isabelle"}}]}},"_links":{"self":[{"href":"https:\/\/www.samoens.com\/en\/wp-json\/wp\/v2\/posts\/3639","targetHints":{"allow":["GET"]}}],"collection":[{"href":"https:\/\/www.samoens.com\/en\/wp-json\/wp\/v2\/posts"}],"about":[{"href":"https:\/\/www.samoens.com\/en\/wp-json\/wp\/v2\/types\/post"}],"author":[{"embeddable":true,"href":"https:\/\/www.samoens.com\/en\/wp-json\/wp\/v2\/users\/2"}],"replies":[{"embeddable":true,"href":"https:\/\/www.samoens.com\/en\/wp-json\/wp\/v2\/comments?post=3639"}],"version-history":[{"count":2,"href":"https:\/\/www.samoens.com\/en\/wp-json\/wp\/v2\/posts\/3639\/revisions"}],"predecessor-version":[{"id":607423,"href":"https:\/\/www.samoens.com\/en\/wp-json\/wp\/v2\/posts\/3639\/revisions\/607423"}],"wp:featuredmedia":[{"embeddable":true,"href":"https:\/\/www.samoens.com\/en\/wp-json\/wp\/v2\/media\/67948"}],"wp:attachment":[{"href":"https:\/\/www.samoens.com\/en\/wp-json\/wp\/v2\/media?parent=3639"}],"wp:term":[{"taxonomy":"category","embeddable":true,"href":"https:\/\/www.samoens.com\/en\/wp-json\/wp\/v2\/categories?post=3639"},{"taxonomy":"post_tag","embeddable":true,"href":"https:\/\/www.samoens.com\/en\/wp-json\/wp\/v2\/tags?post=3639"}],"curies":[{"name":"wp","href":"https:\/\/api.w.org\/{rel}","templated":true}]}}