{"id":3063,"date":"2023-03-13T10:50:12","date_gmt":"2023-03-13T09:50:12","guid":{"rendered":"https:\/\/www.samoens.com\/?page_id=3063"},"modified":"2023-03-13T10:54:18","modified_gmt":"2023-03-13T09:54:18","slug":"the-chapels","status":"publish","type":"post","link":"https:\/\/www.samoens.com\/en\/the-chapels\/","title":{"rendered":"The chapels"},"content":{"rendered":"<div class=\"wpb-content-wrapper\"><p>[vc_row][vc_column][vc_single_image image=&#8221;1242&#8243; img_size=&#8221;large&#8221;][\/vc_column][\/vc_row][vc_row][vc_column][vc_column_text]<\/p>\n<h2>The nine chapels: religious heritage of Samo\u00ebns<\/h2>\n<p>[\/vc_column_text][\/vc_column][\/vc_row][vc_row][vc_column][vc_column_text]Discovering the nine chapels in the municipality of Samo\u00ebns is an invitation to travel through the centuries-long history of the Alps and the know-how of Septimontan. The majority of them were built in the seventeenth century. However, there are two exceptions.<\/p>\n<p>The oldest, the B\u00e9rouze chapel dates from the fifteenth century. The most recent, that of the Allamands, dates from the nineteenth. They are scattered throughout the September territory. The spherical bell towers, of baroque influence, appear in the curves of the paths and remind the hikers of today of the patient work of the artisans of yore. They also evoke a human history from the Savoy. For example, some of these religious buildings were built on the initiative of individuals, such as Pierre Vaisy. He was responsable for the construction of the Vercland Chapel in 1626 on a common ground.[\/vc_column_text][\/vc_column][\/vc_row][vc_row][vc_column width=&#8221;1\/3&#8243;][vc_single_image image=&#8221;203&#8243; img_size=&#8221;medium&#8221;][\/vc_column][vc_column width=&#8221;1\/3&#8243;][vc_single_image image=&#8221;1243&#8243; img_size=&#8221;medium&#8221;][\/vc_column][vc_column width=&#8221;1\/3&#8243;][vc_single_image image=&#8221;1244&#8243; img_size=&#8221;medium&#8221;][\/vc_column][\/vc_row][vc_row][vc_column][vc_column_text]<\/p>\n<h3><strong>Visit and go through five centuries of Samo\u00ebns history<\/strong><\/h3>\n<p>[\/vc_column_text][vc_column_text]The B\u00e9rouze Chapel was first built in 1468 on the Col de Couz and then destroyed in 1476 during the invasion of Faucigny by Swiss troops. The current one was built on the site of B\u00e9rouze in 1481, it was restored again in 1660. The Chapel of Les Allamands date from the nineteenth century. Special feature: it is the inhabitants of the hamlet, the Allamands who built it between 1829 and 1834. You can see the oratory in the area. Built by Abb\u00e9 Charpin, it houses a virgin.[\/vc_column_text][\/vc_column][\/vc_row][vc_row][vc_column][vc_single_image image=&#8221;1240&#8243; img_size=&#8221;large&#8221;][\/vc_column][\/vc_row][vc_row][vc_column][vc_column_text]So to discover this entire chapel, it is also a glimpse of many oratories and other cultural buildings that email the landscape of the hamlets in the heart of the Haute-Savoie, in the area of \u200b\u200bthe Grand Massif. Today there is a circuit of discovery of those nine chapels. They are all accessible from the road except the castle, hidden in the botanical garden of La Ja\u00ffsinia. The chapel owes its name to the old castle. Its construction was carried out in 1687 in the outbuildings of the ancient feudal castle of Samo\u00ebns. The ruins of the latter are still visible.[\/vc_column_text][\/vc_column][\/vc_row][vc_row][vc_column width=&#8221;1\/3&#8243;][vc_single_image image=&#8221;1241&#8243; img_size=&#8221;medium&#8221;][\/vc_column][vc_column width=&#8221;1\/3&#8243;][vc_single_image image=&#8221;1238&#8243; img_size=&#8221;medium&#8221;][\/vc_column][vc_column width=&#8221;1\/3&#8243;][vc_single_image image=&#8221;163&#8243; img_size=&#8221;medium&#8221;][\/vc_column][\/vc_row]<\/p>\n<\/div>","protected":false},"excerpt":{"rendered":"<p>[vc_row][vc_column][vc_single_image image=&#8221;1242&#8243; img_size=&#8221;large&#8221;][\/vc_column][\/vc_row][vc_row][vc_column][vc_column_text] The nine chapels: religious heritage of Samo\u00ebns [\/vc_column_text][\/vc_column][\/vc_row][vc_row][vc_column][vc_column_text]Discovering the nine chapels in the municipality of Samo\u00ebns is an invitation to travel through the centuries-long history of the Alps and the know-how of Septimontan. The majority of them were built in the seventeenth century. However, there are two exceptions. The oldest, the B\u00e9rouze [&hellip;]<\/p>\n","protected":false},"author":2,"featured_media":65140,"comment_status":"closed","ping_status":"closed","sticky":false,"template":"","format":"standard","meta":{"_acf_changed":false,"footnotes":""},"categories":[290,5222,60],"tags":[],"class_list":["post-3063","post","type-post","status-publish","format-standard","hentry","category-heritage","category-histoire-de-samoens-en","category-uncategorized"],"acf":[],"yoast_head":"<!-- This site is optimized with the Yoast SEO plugin v27.4 - https:\/\/yoast.com\/product\/yoast-seo-wordpress\/ -->\n<title>The chapels<\/title>\n<meta name=\"robots\" content=\"index, follow, max-snippet:-1, max-image-preview:large, max-video-preview:-1\" \/>\n<link rel=\"canonical\" href=\"https:\/\/www.samoens.com\/en\/the-chapels\/\" \/>\n<meta property=\"og:locale\" content=\"en_US\" \/>\n<meta property=\"og:type\" content=\"article\" \/>\n<meta property=\"og:title\" content=\"The chapels\" \/>\n<meta property=\"og:description\" content=\"[vc_row][vc_column][vc_single_image image=&#8221;1242&#8243; img_size=&#8221;large&#8221;][\/vc_column][\/vc_row][vc_row][vc_column][vc_column_text] The nine chapels: religious heritage of Samo\u00ebns [\/vc_column_text][\/vc_column][\/vc_row][vc_row][vc_column][vc_column_text]Discovering the nine chapels in the municipality of Samo\u00ebns is an invitation to travel through the centuries-long history of the Alps and the know-how of Septimontan. The majority of them were built in the seventeenth century. However, there are two exceptions. The oldest, the B\u00e9rouze [&hellip;]\" \/>\n<meta property=\"og:url\" content=\"https:\/\/www.samoens.com\/en\/the-chapels\/\" \/>\n<meta property=\"og:site_name\" content=\"Samo\u00ebns, station de ski et village authentique en Haute-Savoie\" \/>\n<meta property=\"article:published_time\" content=\"2023-03-13T09:50:12+00:00\" \/>\n<meta property=\"article:modified_time\" content=\"2023-03-13T09:54:18+00:00\" \/>\n<meta property=\"og:image\" content=\"https:\/\/www.samoens.com\/wp-content\/uploads\/2019\/10\/Chapelle-du-B\u00e9rouze-Christian-Matelet.jpg\" \/>\n\t<meta property=\"og:image:width\" content=\"2244\" \/>\n\t<meta property=\"og:image:height\" content=\"1491\" \/>\n\t<meta property=\"og:image:type\" content=\"image\/jpeg\" \/>\n<meta name=\"author\" content=\"Isabelle\" \/>\n<meta name=\"twitter:card\" content=\"summary_large_image\" \/>\n<meta name=\"twitter:label1\" content=\"Written by\" \/>\n\t<meta name=\"twitter:data1\" content=\"Isabelle\" \/>\n\t<meta name=\"twitter:label2\" content=\"Est. reading time\" \/>\n\t<meta name=\"twitter:data2\" content=\"3 minutes\" \/>\n<script type=\"application\/ld+json\" class=\"yoast-schema-graph\">{\"@context\":\"https:\\\/\\\/schema.org\",\"@graph\":[{\"@type\":\"Article\",\"@id\":\"https:\\\/\\\/www.samoens.com\\\/en\\\/the-chapels\\\/#article\",\"isPartOf\":{\"@id\":\"https:\\\/\\\/www.samoens.com\\\/en\\\/the-chapels\\\/\"},\"author\":{\"name\":\"Isabelle\",\"@id\":\"https:\\\/\\\/www.samoens.com\\\/#\\\/schema\\\/person\\\/9f84694e97a9b976109162d9d96dc2f2\"},\"headline\":\"The chapels\",\"datePublished\":\"2023-03-13T09:50:12+00:00\",\"dateModified\":\"2023-03-13T09:54:18+00:00\",\"mainEntityOfPage\":{\"@id\":\"https:\\\/\\\/www.samoens.com\\\/en\\\/the-chapels\\\/\"},\"wordCount\":520,\"image\":{\"@id\":\"https:\\\/\\\/www.samoens.com\\\/en\\\/the-chapels\\\/#primaryimage\"},\"thumbnailUrl\":\"https:\\\/\\\/www.samoens.com\\\/wp-content\\\/uploads\\\/2019\\\/10\\\/Chapelle-du-B\u00e9rouze-Christian-Matelet.jpg\",\"articleSection\":[\"Heritage\",\"Samo\u00ebns history\"],\"inLanguage\":\"en-US\"},{\"@type\":\"WebPage\",\"@id\":\"https:\\\/\\\/www.samoens.com\\\/en\\\/the-chapels\\\/\",\"url\":\"https:\\\/\\\/www.samoens.com\\\/en\\\/the-chapels\\\/\",\"name\":\"The chapels\",\"isPartOf\":{\"@id\":\"https:\\\/\\\/www.samoens.com\\\/#website\"},\"primaryImageOfPage\":{\"@id\":\"https:\\\/\\\/www.samoens.com\\\/en\\\/the-chapels\\\/#primaryimage\"},\"image\":{\"@id\":\"https:\\\/\\\/www.samoens.com\\\/en\\\/the-chapels\\\/#primaryimage\"},\"thumbnailUrl\":\"https:\\\/\\\/www.samoens.com\\\/wp-content\\\/uploads\\\/2019\\\/10\\\/Chapelle-du-B\u00e9rouze-Christian-Matelet.jpg\",\"datePublished\":\"2023-03-13T09:50:12+00:00\",\"dateModified\":\"2023-03-13T09:54:18+00:00\",\"author\":{\"@id\":\"https:\\\/\\\/www.samoens.com\\\/#\\\/schema\\\/person\\\/9f84694e97a9b976109162d9d96dc2f2\"},\"breadcrumb\":{\"@id\":\"https:\\\/\\\/www.samoens.com\\\/en\\\/the-chapels\\\/#breadcrumb\"},\"inLanguage\":\"en-US\",\"potentialAction\":[{\"@type\":\"ReadAction\",\"target\":[\"https:\\\/\\\/www.samoens.com\\\/en\\\/the-chapels\\\/\"]}]},{\"@type\":\"ImageObject\",\"inLanguage\":\"en-US\",\"@id\":\"https:\\\/\\\/www.samoens.com\\\/en\\\/the-chapels\\\/#primaryimage\",\"url\":\"https:\\\/\\\/www.samoens.com\\\/wp-content\\\/uploads\\\/2019\\\/10\\\/Chapelle-du-B\u00e9rouze-Christian-Matelet.jpg\",\"contentUrl\":\"https:\\\/\\\/www.samoens.com\\\/wp-content\\\/uploads\\\/2019\\\/10\\\/Chapelle-du-B\u00e9rouze-Christian-Matelet.jpg\",\"width\":2244,\"height\":1491,\"caption\":\"La chapelle du hameau Le B\u00e9rouze\"},{\"@type\":\"BreadcrumbList\",\"@id\":\"https:\\\/\\\/www.samoens.com\\\/en\\\/the-chapels\\\/#breadcrumb\",\"itemListElement\":[{\"@type\":\"ListItem\",\"position\":1,\"name\":\"Accueil\",\"item\":\"https:\\\/\\\/www.samoens.com\\\/en\\\/\"},{\"@type\":\"ListItem\",\"position\":2,\"name\":\"Heritage\",\"item\":\"https:\\\/\\\/www.samoens.com\\\/en\\\/category\\\/heritage\\\/\"},{\"@type\":\"ListItem\",\"position\":3,\"name\":\"The chapels\"}]},{\"@type\":\"WebSite\",\"@id\":\"https:\\\/\\\/www.samoens.com\\\/#website\",\"url\":\"https:\\\/\\\/www.samoens.com\\\/\",\"name\":\"Samo\u00ebns, station de ski et village authentique en Haute-Savoie\",\"description\":\"Nich\u00e9e au coeur du domaine skiable du Grand Massif et \u00e0 moins d&#039;1h de Gen\u00e8ve, Samo\u00ebns rendra vos vacances inoubliables en \u00e9t\u00e9 comme en hiver\",\"potentialAction\":[{\"@type\":\"SearchAction\",\"target\":{\"@type\":\"EntryPoint\",\"urlTemplate\":\"https:\\\/\\\/www.samoens.com\\\/?s={search_term_string}\"},\"query-input\":{\"@type\":\"PropertyValueSpecification\",\"valueRequired\":true,\"valueName\":\"search_term_string\"}}],\"inLanguage\":\"en-US\"},{\"@type\":\"Person\",\"@id\":\"https:\\\/\\\/www.samoens.com\\\/#\\\/schema\\\/person\\\/9f84694e97a9b976109162d9d96dc2f2\",\"name\":\"Isabelle\",\"image\":{\"@type\":\"ImageObject\",\"inLanguage\":\"en-US\",\"@id\":\"https:\\\/\\\/secure.gravatar.com\\\/avatar\\\/13973acc16a6871b2e7a2b758c75fd8b7c5f0835b5f5b665a2a81454820bba2f?s=96&d=mm&r=g\",\"url\":\"https:\\\/\\\/secure.gravatar.com\\\/avatar\\\/13973acc16a6871b2e7a2b758c75fd8b7c5f0835b5f5b665a2a81454820bba2f?s=96&d=mm&r=g\",\"contentUrl\":\"https:\\\/\\\/secure.gravatar.com\\\/avatar\\\/13973acc16a6871b2e7a2b758c75fd8b7c5f0835b5f5b665a2a81454820bba2f?s=96&d=mm&r=g\",\"caption\":\"Isabelle\"}}]}<\/script>\n<!-- \/ Yoast SEO plugin. -->","yoast_head_json":{"title":"The chapels","robots":{"index":"index","follow":"follow","max-snippet":"max-snippet:-1","max-image-preview":"max-image-preview:large","max-video-preview":"max-video-preview:-1"},"canonical":"https:\/\/www.samoens.com\/en\/the-chapels\/","og_locale":"en_US","og_type":"article","og_title":"The chapels","og_description":"[vc_row][vc_column][vc_single_image image=&#8221;1242&#8243; img_size=&#8221;large&#8221;][\/vc_column][\/vc_row][vc_row][vc_column][vc_column_text] The nine chapels: religious heritage of Samo\u00ebns [\/vc_column_text][\/vc_column][\/vc_row][vc_row][vc_column][vc_column_text]Discovering the nine chapels in the municipality of Samo\u00ebns is an invitation to travel through the centuries-long history of the Alps and the know-how of Septimontan. The majority of them were built in the seventeenth century. However, there are two exceptions. The oldest, the B\u00e9rouze [&hellip;]","og_url":"https:\/\/www.samoens.com\/en\/the-chapels\/","og_site_name":"Samo\u00ebns, station de ski et village authentique en Haute-Savoie","article_published_time":"2023-03-13T09:50:12+00:00","article_modified_time":"2023-03-13T09:54:18+00:00","og_image":[{"width":2244,"height":1491,"url":"https:\/\/www.samoens.com\/wp-content\/uploads\/2019\/10\/Chapelle-du-B\u00e9rouze-Christian-Matelet.jpg","type":"image\/jpeg"}],"author":"Isabelle","twitter_card":"summary_large_image","twitter_misc":{"Written by":"Isabelle","Est. reading time":"3 minutes"},"schema":{"@context":"https:\/\/schema.org","@graph":[{"@type":"Article","@id":"https:\/\/www.samoens.com\/en\/the-chapels\/#article","isPartOf":{"@id":"https:\/\/www.samoens.com\/en\/the-chapels\/"},"author":{"name":"Isabelle","@id":"https:\/\/www.samoens.com\/#\/schema\/person\/9f84694e97a9b976109162d9d96dc2f2"},"headline":"The chapels","datePublished":"2023-03-13T09:50:12+00:00","dateModified":"2023-03-13T09:54:18+00:00","mainEntityOfPage":{"@id":"https:\/\/www.samoens.com\/en\/the-chapels\/"},"wordCount":520,"image":{"@id":"https:\/\/www.samoens.com\/en\/the-chapels\/#primaryimage"},"thumbnailUrl":"https:\/\/www.samoens.com\/wp-content\/uploads\/2019\/10\/Chapelle-du-B\u00e9rouze-Christian-Matelet.jpg","articleSection":["Heritage","Samo\u00ebns history"],"inLanguage":"en-US"},{"@type":"WebPage","@id":"https:\/\/www.samoens.com\/en\/the-chapels\/","url":"https:\/\/www.samoens.com\/en\/the-chapels\/","name":"The chapels","isPartOf":{"@id":"https:\/\/www.samoens.com\/#website"},"primaryImageOfPage":{"@id":"https:\/\/www.samoens.com\/en\/the-chapels\/#primaryimage"},"image":{"@id":"https:\/\/www.samoens.com\/en\/the-chapels\/#primaryimage"},"thumbnailUrl":"https:\/\/www.samoens.com\/wp-content\/uploads\/2019\/10\/Chapelle-du-B\u00e9rouze-Christian-Matelet.jpg","datePublished":"2023-03-13T09:50:12+00:00","dateModified":"2023-03-13T09:54:18+00:00","author":{"@id":"https:\/\/www.samoens.com\/#\/schema\/person\/9f84694e97a9b976109162d9d96dc2f2"},"breadcrumb":{"@id":"https:\/\/www.samoens.com\/en\/the-chapels\/#breadcrumb"},"inLanguage":"en-US","potentialAction":[{"@type":"ReadAction","target":["https:\/\/www.samoens.com\/en\/the-chapels\/"]}]},{"@type":"ImageObject","inLanguage":"en-US","@id":"https:\/\/www.samoens.com\/en\/the-chapels\/#primaryimage","url":"https:\/\/www.samoens.com\/wp-content\/uploads\/2019\/10\/Chapelle-du-B\u00e9rouze-Christian-Matelet.jpg","contentUrl":"https:\/\/www.samoens.com\/wp-content\/uploads\/2019\/10\/Chapelle-du-B\u00e9rouze-Christian-Matelet.jpg","width":2244,"height":1491,"caption":"La chapelle du hameau Le B\u00e9rouze"},{"@type":"BreadcrumbList","@id":"https:\/\/www.samoens.com\/en\/the-chapels\/#breadcrumb","itemListElement":[{"@type":"ListItem","position":1,"name":"Accueil","item":"https:\/\/www.samoens.com\/en\/"},{"@type":"ListItem","position":2,"name":"Heritage","item":"https:\/\/www.samoens.com\/en\/category\/heritage\/"},{"@type":"ListItem","position":3,"name":"The chapels"}]},{"@type":"WebSite","@id":"https:\/\/www.samoens.com\/#website","url":"https:\/\/www.samoens.com\/","name":"Samo\u00ebns, station de ski et village authentique en Haute-Savoie","description":"Nich\u00e9e au coeur du domaine skiable du Grand Massif et \u00e0 moins d&#039;1h de Gen\u00e8ve, Samo\u00ebns rendra vos vacances inoubliables en \u00e9t\u00e9 comme en hiver","potentialAction":[{"@type":"SearchAction","target":{"@type":"EntryPoint","urlTemplate":"https:\/\/www.samoens.com\/?s={search_term_string}"},"query-input":{"@type":"PropertyValueSpecification","valueRequired":true,"valueName":"search_term_string"}}],"inLanguage":"en-US"},{"@type":"Person","@id":"https:\/\/www.samoens.com\/#\/schema\/person\/9f84694e97a9b976109162d9d96dc2f2","name":"Isabelle","image":{"@type":"ImageObject","inLanguage":"en-US","@id":"https:\/\/secure.gravatar.com\/avatar\/13973acc16a6871b2e7a2b758c75fd8b7c5f0835b5f5b665a2a81454820bba2f?s=96&d=mm&r=g","url":"https:\/\/secure.gravatar.com\/avatar\/13973acc16a6871b2e7a2b758c75fd8b7c5f0835b5f5b665a2a81454820bba2f?s=96&d=mm&r=g","contentUrl":"https:\/\/secure.gravatar.com\/avatar\/13973acc16a6871b2e7a2b758c75fd8b7c5f0835b5f5b665a2a81454820bba2f?s=96&d=mm&r=g","caption":"Isabelle"}}]}},"_links":{"self":[{"href":"https:\/\/www.samoens.com\/en\/wp-json\/wp\/v2\/posts\/3063","targetHints":{"allow":["GET"]}}],"collection":[{"href":"https:\/\/www.samoens.com\/en\/wp-json\/wp\/v2\/posts"}],"about":[{"href":"https:\/\/www.samoens.com\/en\/wp-json\/wp\/v2\/types\/post"}],"author":[{"embeddable":true,"href":"https:\/\/www.samoens.com\/en\/wp-json\/wp\/v2\/users\/2"}],"replies":[{"embeddable":true,"href":"https:\/\/www.samoens.com\/en\/wp-json\/wp\/v2\/comments?post=3063"}],"version-history":[{"count":0,"href":"https:\/\/www.samoens.com\/en\/wp-json\/wp\/v2\/posts\/3063\/revisions"}],"wp:featuredmedia":[{"embeddable":true,"href":"https:\/\/www.samoens.com\/en\/wp-json\/wp\/v2\/media\/65140"}],"wp:attachment":[{"href":"https:\/\/www.samoens.com\/en\/wp-json\/wp\/v2\/media?parent=3063"}],"wp:term":[{"taxonomy":"category","embeddable":true,"href":"https:\/\/www.samoens.com\/en\/wp-json\/wp\/v2\/categories?post=3063"},{"taxonomy":"post_tag","embeddable":true,"href":"https:\/\/www.samoens.com\/en\/wp-json\/wp\/v2\/tags?post=3063"}],"curies":[{"name":"wp","href":"https:\/\/api.w.org\/{rel}","templated":true}]}}