{"id":131517,"date":"2019-11-25T15:49:20","date_gmt":"2019-11-25T14:49:20","guid":{"rendered":"https:\/\/www.samoens.com\/uncategorized\/10-bonnes-raisons-de-venir-a-samoens-cet-hiver\/"},"modified":"2026-01-27T13:44:48","modified_gmt":"2026-01-27T12:44:48","slug":"10-bonnes-raisons-de-venir-a-samoens-cet-hiver","status":"publish","type":"post","link":"https:\/\/www.samoens.com\/en\/10-bonnes-raisons-de-venir-a-samoens-cet-hiver\/","title":{"rendered":"10 Good reasons to come to Samo\u00ebns this winter"},"content":{"rendered":"<div class=\"wpb-content-wrapper\"><p>[vc_row][vc_column][vc_column_text]<\/p>\n<div class=\"jhH5U r-iy2g3VvvGnW0\" data-rtid=\"iy2g3VvvGnW0\">\n<div id=\"tw-ob\" class=\"tw-src-ltr\">\n<div class=\"oSioSc\">\n<div id=\"tw-target\">\n<div id=\"kAz1tf\" class=\"g9WsWb\">\n<div id=\"tw-target-text-container\" class=\"tw-ta-container tw-nfl\">\n<h2 id=\"tw-target-text\" class=\"tw-data-text tw-text-large tw-ta chapeau\" dir=\"ltr\" data-placeholder=\"Traduction\"><span lang=\"en\" tabindex=\"0\">Opening of the station from December 14, 2019 to April 19, 2020<\/span><\/h2>\n<\/div>\n<div id=\"z6maec\" class=\"tw-ta-container tw-nfl\">\n<pre id=\"tw-target-rmn\" class=\"tw-data-placeholder tw-text-small tw-ta\" dir=\"ltr\" data-placeholder=\"\"><\/pre>\n<\/div>\n<div id=\"tw-tmenu\" class=\"tw-menu\"><\/div>\n<\/div>\n<\/div>\n<\/div>\n<\/div>\n<div id=\"tw-images\"><\/div>\n<div class=\"dURPtb\"><\/div>\n<div>\n<div><\/div>\n<\/div>\n<\/div>\n<p>[\/vc_column_text][\/vc_column][\/vc_row][vc_row][vc_column width=&#8221;1\/3&#8243;][vc_single_image image=&#8221;65144&#8243; img_size=&#8221;medium&#8221; el_class=&#8221;lienversliste&#8221;][\/vc_column][vc_column width=&#8221;1\/3&#8243;][vc_single_image image=&#8221;213&#8243; img_size=&#8221;medium&#8221; el_class=&#8221;lienversliste&#8221;][\/vc_column][vc_column width=&#8221;1\/3&#8243;][vc_single_image image=&#8221;245&#8243; img_size=&#8221;medium&#8221; el_class=&#8221;lienversliste&#8221;][\/vc_column][\/vc_row][vc_row][vc_column][vc_column_text]<\/p>\n<div class=\"jhH5U r-iy2g3VvvGnW0\" data-rtid=\"iy2g3VvvGnW0\">\n<div id=\"tw-ob\" class=\"tw-src-ltr\">\n<div class=\"oSioSc\">\n<div id=\"tw-target\">\n<div id=\"kAz1tf\" class=\"g9WsWb\">\n<div id=\"tw-target-text-container\" class=\"tw-ta-container tw-nfl\">\n<p id=\"tw-target-text\" class=\"tw-data-text tw-text-large tw-ta\" dir=\"ltr\" data-placeholder=\"Traduction\"><span lang=\"en\" tabindex=\"0\">Samo\u00ebns is a village resort located in the heart of the Alps, in Haute-Savoie, just a few kilometers from the Swiss border. More than a resort, it is above all an authentic mountain village, full of charm and History. Between ski, off-ski activities, cultural heritage, gastronomy &#8230; In Samo\u00ebns, there is no time to be bored!<\/span><\/p>\n<\/div>\n<div id=\"z6maec\" class=\"tw-ta-container tw-nfl\"><\/div>\n<\/div>\n<\/div>\n<\/div>\n<\/div>\n<div>\n<div><\/div>\n<\/div>\n<\/div>\n<p>[\/vc_column_text][\/vc_column][\/vc_row][vc_row][vc_column width=&#8221;1\/2&#8243;][vc_single_image image=&#8221;235&#8243; img_size=&#8221;medium&#8221; el_class=&#8221;lienversliste&#8221;][\/vc_column][vc_column width=&#8221;1\/2&#8243;][vc_column_text]<\/p>\n<div class=\"jhH5U r-iy2g3VvvGnW0\" data-rtid=\"iy2g3VvvGnW0\">\n<div id=\"tw-ob\" class=\"tw-src-ltr\">\n<div class=\"oSioSc\">\n<div id=\"tw-target\">\n<div id=\"kAz1tf\" class=\"g9WsWb\">\n<div id=\"tw-target-text-container\" class=\"tw-ta-container tw-nfl\">\n<p id=\"tw-target-text\" class=\"tw-data-text tw-text-large tw-ta\" dir=\"ltr\" data-placeholder=\"Traduction\"><strong><span lang=\"en\" tabindex=\"0\">Find the 10 good reasons to come to Samo\u00ebns this winter!<\/span><\/strong><\/p>\n<\/div>\n<\/div>\n<\/div>\n<\/div>\n<\/div>\n<\/div>\n<ol>\n<li style=\"font-weight: 400;\">\n<p id=\"tw-target-text\" class=\"tw-data-text tw-text-large tw-ta\" dir=\"ltr\" data-placeholder=\"Traduction\"><span lang=\"en\" tabindex=\"0\">Stroll in an authentic village full of charm<\/span><\/p>\n<\/li>\n<li style=\"font-weight: 400;\">\n<p id=\"tw-target-text\" class=\"tw-data-text tw-text-large tw-ta\" dir=\"ltr\" data-placeholder=\"Traduction\"><span lang=\"en\" tabindex=\"0\">Fill up on new products <\/span><\/p>\n<\/li>\n<li style=\"font-weight: 400;\">\n<p id=\"tw-target-text\" class=\"tw-data-text tw-text-large tw-ta\" dir=\"ltr\" data-placeholder=\"Traduction\"><span lang=\"en\" tabindex=\"0\">Discover a unique heritage <\/span><\/p>\n<\/li>\n<li style=\"font-weight: 400;\">\n<p id=\"tw-target-text\" class=\"tw-data-text tw-text-large tw-ta\" dir=\"ltr\" data-placeholder=\"Traduction\"><span lang=\"en\" tabindex=\"0\">Hit the slopes of the 4th largest ski area in France <\/span><\/p>\n<\/li>\n<li style=\"font-weight: 400;\">\n<p id=\"tw-target-text\" class=\"tw-data-text tw-text-large tw-ta\" dir=\"ltr\" data-placeholder=\"Traduction\"><span lang=\"en\" tabindex=\"0\">Test new disciplines to share magic moments with your family <\/span><\/p>\n<\/li>\n<li style=\"font-weight: 400;\">\n<p id=\"tw-target-text\" class=\"tw-data-text tw-text-large tw-ta\" dir=\"ltr\" data-placeholder=\"Traduction\"><span lang=\"en\" tabindex=\"0\">Finding good addresses <\/span><\/p>\n<\/li>\n<li style=\"font-weight: 400;\">\n<p id=\"tw-target-text\" class=\"tw-data-text tw-text-large tw-ta\" dir=\"ltr\" data-placeholder=\"Traduction\"><span lang=\"en\" tabindex=\"0\">Being there for the big events of winter <\/span><\/p>\n<\/li>\n<li style=\"font-weight: 400;\">\n<p id=\"tw-target-text\" class=\"tw-data-text tw-text-large tw-ta\" dir=\"ltr\" data-placeholder=\"Traduction\"><span lang=\"en\" tabindex=\"0\">Take time for yourself <\/span><\/p>\n<\/li>\n<li style=\"font-weight: 400;\">\n<p id=\"tw-target-text\" class=\"tw-data-text tw-text-large tw-ta\" dir=\"ltr\" data-placeholder=\"Traduction\"><span lang=\"en\" tabindex=\"0\">Go to meet the pillars of the resort<\/span><\/p>\n<\/li>\n<\/ol>\n<p>[\/vc_column_text][\/vc_column][\/vc_row][vc_row][vc_column][vc_column_text]<b>THE WINTER NEWS<\/b><u><\/u><\/p>\n<div class=\"jhH5U r-iy2g3VvvGnW0\" data-rtid=\"iy2g3VvvGnW0\">\n<div id=\"tw-ob\" class=\"tw-src-ltr\">\n<div class=\"oSioSc\">\n<div id=\"tw-target\">\n<div id=\"kAz1tf\" class=\"g9WsWb\">\n<div id=\"tw-target-text-container\" class=\"tw-ta-container tw-nfl\">\n<p id=\"tw-target-text\" class=\"tw-data-text tw-text-large tw-ta\" dir=\"ltr\" data-placeholder=\"Traduction\"><strong><span lang=\"en\" tabindex=\"0\">Accommodation: The new chalet-apartments of Club Med Grand Massif Samoens Morillon<\/span><\/strong><\/p>\n<\/div>\n<\/div>\n<\/div>\n<\/div>\n<\/div>\n<\/div>\n<p id=\"tw-target-text\" class=\"tw-data-text tw-text-large tw-ta\" dir=\"ltr\" data-placeholder=\"Traduction\"><span lang=\"en\" tabindex=\"0\">After an opening in December 2017, the Club Med Grand Massif Samoens Morillon is expanding this winter with the opening of new chalet apartments! Experience a mountain chalet in contemporary designer cocoons perched above a spectacular valley.<\/span><\/p>\n<p class=\"tw-data-text tw-text-large tw-ta\" dir=\"ltr\" data-placeholder=\"Traduction\"><span lang=\"en\" tabindex=\"0\"> Exceptional chalets in the spirit of an architect villa, with clean lines and Scandinavian design. Upon your arrival, you will be seduced by the warm decoration, a subtle mix of raw materials, light wood and stone. Thanks to the sloping situation of the chalets, enjoy a breathtaking view of the peaks and the village of Samo\u00ebns. <\/span><\/p>\n<p class=\"tw-data-text tw-text-large tw-ta\" dir=\"ltr\" data-placeholder=\"Traduction\"><span lang=\"en\" tabindex=\"0\">The master of the cottage will do everything possible to sublimate your stay, prepare a gourmet snack and light the fireplace in the swinging suspended fireplace for your return from skiing. Enjoy the authentic and friendly spirit of Club Med thanks to free and unlimited access to the Resort 4T Grand Massif Samoens Morillon adjoining.<\/span><\/p>\n<p>[\/vc_column_text][\/vc_column][\/vc_row][vc_row][vc_column width=&#8221;1\/3&#8243;][vc_single_image image=&#8221;128464&#8243; img_size=&#8221;medium&#8221; el_class=&#8221;lienversliste&#8221;][\/vc_column][vc_column width=&#8221;1\/3&#8243;][vc_single_image image=&#8221;128470&#8243; img_size=&#8221;medium&#8221; el_class=&#8221;lienversliste&#8221;][\/vc_column][vc_column width=&#8221;1\/3&#8243;][vc_single_image image=&#8221;128467&#8243; img_size=&#8221;medium&#8221; el_class=&#8221;lienversliste&#8221;][\/vc_column][\/vc_row][vc_row][vc_column][vc_column_text]<\/p>\n<p id=\"tw-target-text\" class=\"tw-data-text tw-text-large tw-ta\" dir=\"ltr\" data-placeholder=\"Traduction\"><strong><span lang=\"en\" tabindex=\"0\">Gastronomy side: New restaurant in the heart of the village &#8220;L&#8217;Etable&#8221; <\/span><\/strong><\/p>\n<p class=\"tw-data-text tw-text-large tw-ta\" dir=\"ltr\" data-placeholder=\"Traduction\"><span lang=\"en\" tabindex=\"0\">It is in the stable of the old farm located at the road of Lachat that Josiane Sauze will open at the beginning of the winter its hostel L&#8217;\u00e9table. Completely refurbished and tastefully decorated, the place has kept the soul of the farmhouse with the necessary poyas and sepia photos to immerse oneself in a newfound rurality. We come on reservation to enjoy a cooking of our grandmothers blooming good recipes of the past served with generosity and no frills. <\/span><\/p>\n<p class=\"tw-data-text tw-text-large tw-ta\" dir=\"ltr\" data-placeholder=\"Traduction\"><strong><span lang=\"en\" tabindex=\"0\">Event side: Samo\u00ebns hosts the Telemark World Cup &#8211; January 28 to January 31, 2020<\/span><\/strong><\/p>\n<p class=\"tw-data-text tw-text-large tw-ta\" dir=\"ltr\" data-placeholder=\"Traduction\"><span lang=\"en\" tabindex=\"0\">The station hosts a stage of the Telemark World Cup, which brings together the best athletes in the world! 4 days of classical, sprint and parallel events will take place in Samo\u00ebns.<\/span><\/p>\n<p>[\/vc_column_text][\/vc_column][\/vc_row]<\/p>\n<\/div>","protected":false},"excerpt":{"rendered":"<p>[vc_row][vc_column][vc_column_text] Opening of the station from December 14, 2019 to April 19, 2020 [\/vc_column_text][\/vc_column][\/vc_row][vc_row][vc_column width=&#8221;1\/3&#8243;][vc_single_image image=&#8221;65144&#8243; img_size=&#8221;medium&#8221; el_class=&#8221;lienversliste&#8221;][\/vc_column][vc_column width=&#8221;1\/3&#8243;][vc_single_image image=&#8221;213&#8243; img_size=&#8221;medium&#8221; el_class=&#8221;lienversliste&#8221;][\/vc_column][vc_column width=&#8221;1\/3&#8243;][vc_single_image image=&#8221;245&#8243; img_size=&#8221;medium&#8221; el_class=&#8221;lienversliste&#8221;][\/vc_column][\/vc_row][vc_row][vc_column][vc_column_text] Samo\u00ebns is a village resort located in the heart of the Alps, in Haute-Savoie, just a few kilometers from the Swiss border. More than a resort, it is above [&hellip;]<\/p>\n","protected":false},"author":2,"featured_media":0,"comment_status":"closed","ping_status":"closed","sticky":false,"template":"","format":"standard","meta":{"_acf_changed":false,"footnotes":""},"categories":[322],"tags":[],"class_list":["post-131517","post","type-post","status-publish","format-standard","hentry","category-winter-discovery-of-samoens"],"acf":[],"yoast_head":"<!-- This site is optimized with the Yoast SEO plugin v27.4 - https:\/\/yoast.com\/product\/yoast-seo-wordpress\/ -->\n<title>10 Good reasons to come to Samo\u00ebns this winter<\/title>\n<meta name=\"robots\" content=\"index, follow, max-snippet:-1, max-image-preview:large, max-video-preview:-1\" \/>\n<link rel=\"canonical\" href=\"https:\/\/www.samoens.com\/en\/10-bonnes-raisons-de-venir-a-samoens-cet-hiver\/\" \/>\n<meta property=\"og:locale\" content=\"en_US\" \/>\n<meta property=\"og:type\" content=\"article\" \/>\n<meta property=\"og:title\" content=\"10 Good reasons to come to Samo\u00ebns this winter\" \/>\n<meta property=\"og:description\" content=\"[vc_row][vc_column][vc_column_text] Opening of the station from December 14, 2019 to April 19, 2020 [\/vc_column_text][\/vc_column][\/vc_row][vc_row][vc_column width=&#8221;1\/3&#8243;][vc_single_image image=&#8221;65144&#8243; img_size=&#8221;medium&#8221; el_class=&#8221;lienversliste&#8221;][\/vc_column][vc_column width=&#8221;1\/3&#8243;][vc_single_image image=&#8221;213&#8243; img_size=&#8221;medium&#8221; el_class=&#8221;lienversliste&#8221;][\/vc_column][vc_column width=&#8221;1\/3&#8243;][vc_single_image image=&#8221;245&#8243; img_size=&#8221;medium&#8221; el_class=&#8221;lienversliste&#8221;][\/vc_column][\/vc_row][vc_row][vc_column][vc_column_text] Samo\u00ebns is a village resort located in the heart of the Alps, in Haute-Savoie, just a few kilometers from the Swiss border. More than a resort, it is above [&hellip;]\" \/>\n<meta property=\"og:url\" content=\"https:\/\/www.samoens.com\/10-bonnes-raisons-de-venir-a-samoens-cet-hiver\/\" \/>\n<meta property=\"og:site_name\" content=\"Samo\u00ebns, station de ski et village authentique en Haute-Savoie\" \/>\n<meta property=\"article:published_time\" content=\"2019-11-25T14:49:20+00:00\" \/>\n<meta property=\"article:modified_time\" content=\"2026-01-27T12:44:48+00:00\" \/>\n<meta name=\"author\" content=\"Isabelle\" \/>\n<meta name=\"twitter:card\" content=\"summary_large_image\" \/>\n<meta name=\"twitter:label1\" content=\"Written by\" \/>\n\t<meta name=\"twitter:data1\" content=\"Isabelle\" \/>\n\t<meta name=\"twitter:label2\" content=\"Est. reading time\" \/>\n\t<meta name=\"twitter:data2\" content=\"3 minutes\" \/>\n<script type=\"application\/ld+json\" class=\"yoast-schema-graph\">{\"@context\":\"https:\\\/\\\/schema.org\",\"@graph\":[{\"@type\":\"Article\",\"@id\":\"https:\\\/\\\/www.samoens.com\\\/10-bonnes-raisons-de-venir-a-samoens-cet-hiver\\\/#article\",\"isPartOf\":{\"@id\":\"https:\\\/\\\/www.samoens.com\\\/10-bonnes-raisons-de-venir-a-samoens-cet-hiver\\\/\"},\"author\":{\"name\":\"Isabelle\",\"@id\":\"https:\\\/\\\/www.samoens.com\\\/#\\\/schema\\\/person\\\/9f84694e97a9b976109162d9d96dc2f2\"},\"headline\":\"10 Good reasons to come to Samo\u00ebns this winter\",\"datePublished\":\"2019-11-25T14:49:20+00:00\",\"dateModified\":\"2026-01-27T12:44:48+00:00\",\"mainEntityOfPage\":{\"@id\":\"https:\\\/\\\/www.samoens.com\\\/10-bonnes-raisons-de-venir-a-samoens-cet-hiver\\\/\"},\"wordCount\":629,\"articleSection\":[\"Winter discovery of Samo\u00ebns\"],\"inLanguage\":\"en-US\"},{\"@type\":\"WebPage\",\"@id\":\"https:\\\/\\\/www.samoens.com\\\/10-bonnes-raisons-de-venir-a-samoens-cet-hiver\\\/\",\"url\":\"https:\\\/\\\/www.samoens.com\\\/10-bonnes-raisons-de-venir-a-samoens-cet-hiver\\\/\",\"name\":\"10 Good reasons to come to Samo\u00ebns this winter\",\"isPartOf\":{\"@id\":\"https:\\\/\\\/www.samoens.com\\\/#website\"},\"datePublished\":\"2019-11-25T14:49:20+00:00\",\"dateModified\":\"2026-01-27T12:44:48+00:00\",\"author\":{\"@id\":\"https:\\\/\\\/www.samoens.com\\\/#\\\/schema\\\/person\\\/9f84694e97a9b976109162d9d96dc2f2\"},\"breadcrumb\":{\"@id\":\"https:\\\/\\\/www.samoens.com\\\/10-bonnes-raisons-de-venir-a-samoens-cet-hiver\\\/#breadcrumb\"},\"inLanguage\":\"en-US\",\"potentialAction\":[{\"@type\":\"ReadAction\",\"target\":[\"https:\\\/\\\/www.samoens.com\\\/10-bonnes-raisons-de-venir-a-samoens-cet-hiver\\\/\"]}]},{\"@type\":\"BreadcrumbList\",\"@id\":\"https:\\\/\\\/www.samoens.com\\\/10-bonnes-raisons-de-venir-a-samoens-cet-hiver\\\/#breadcrumb\",\"itemListElement\":[{\"@type\":\"ListItem\",\"position\":1,\"name\":\"Accueil\",\"item\":\"https:\\\/\\\/www.samoens.com\\\/en\\\/\"},{\"@type\":\"ListItem\",\"position\":2,\"name\":\"Winter discovery of Samo\u00ebns\",\"item\":\"https:\\\/\\\/www.samoens.com\\\/en\\\/category\\\/winter-discovery-of-samoens\\\/\"},{\"@type\":\"ListItem\",\"position\":3,\"name\":\"10 Good reasons to come to Samo\u00ebns this winter\"}]},{\"@type\":\"WebSite\",\"@id\":\"https:\\\/\\\/www.samoens.com\\\/#website\",\"url\":\"https:\\\/\\\/www.samoens.com\\\/\",\"name\":\"Samo\u00ebns, station de ski et village authentique en Haute-Savoie\",\"description\":\"Nich\u00e9e au coeur du domaine skiable du Grand Massif et \u00e0 moins d&#039;1h de Gen\u00e8ve, Samo\u00ebns rendra vos vacances inoubliables en \u00e9t\u00e9 comme en hiver\",\"potentialAction\":[{\"@type\":\"SearchAction\",\"target\":{\"@type\":\"EntryPoint\",\"urlTemplate\":\"https:\\\/\\\/www.samoens.com\\\/?s={search_term_string}\"},\"query-input\":{\"@type\":\"PropertyValueSpecification\",\"valueRequired\":true,\"valueName\":\"search_term_string\"}}],\"inLanguage\":\"en-US\"},{\"@type\":\"Person\",\"@id\":\"https:\\\/\\\/www.samoens.com\\\/#\\\/schema\\\/person\\\/9f84694e97a9b976109162d9d96dc2f2\",\"name\":\"Isabelle\",\"image\":{\"@type\":\"ImageObject\",\"inLanguage\":\"en-US\",\"@id\":\"https:\\\/\\\/secure.gravatar.com\\\/avatar\\\/13973acc16a6871b2e7a2b758c75fd8b7c5f0835b5f5b665a2a81454820bba2f?s=96&d=mm&r=g\",\"url\":\"https:\\\/\\\/secure.gravatar.com\\\/avatar\\\/13973acc16a6871b2e7a2b758c75fd8b7c5f0835b5f5b665a2a81454820bba2f?s=96&d=mm&r=g\",\"contentUrl\":\"https:\\\/\\\/secure.gravatar.com\\\/avatar\\\/13973acc16a6871b2e7a2b758c75fd8b7c5f0835b5f5b665a2a81454820bba2f?s=96&d=mm&r=g\",\"caption\":\"Isabelle\"}}]}<\/script>\n<!-- \/ Yoast SEO plugin. -->","yoast_head_json":{"title":"10 Good reasons to come to Samo\u00ebns this winter","robots":{"index":"index","follow":"follow","max-snippet":"max-snippet:-1","max-image-preview":"max-image-preview:large","max-video-preview":"max-video-preview:-1"},"canonical":"https:\/\/www.samoens.com\/en\/10-bonnes-raisons-de-venir-a-samoens-cet-hiver\/","og_locale":"en_US","og_type":"article","og_title":"10 Good reasons to come to Samo\u00ebns this winter","og_description":"[vc_row][vc_column][vc_column_text] Opening of the station from December 14, 2019 to April 19, 2020 [\/vc_column_text][\/vc_column][\/vc_row][vc_row][vc_column width=&#8221;1\/3&#8243;][vc_single_image image=&#8221;65144&#8243; img_size=&#8221;medium&#8221; el_class=&#8221;lienversliste&#8221;][\/vc_column][vc_column width=&#8221;1\/3&#8243;][vc_single_image image=&#8221;213&#8243; img_size=&#8221;medium&#8221; el_class=&#8221;lienversliste&#8221;][\/vc_column][vc_column width=&#8221;1\/3&#8243;][vc_single_image image=&#8221;245&#8243; img_size=&#8221;medium&#8221; el_class=&#8221;lienversliste&#8221;][\/vc_column][\/vc_row][vc_row][vc_column][vc_column_text] Samo\u00ebns is a village resort located in the heart of the Alps, in Haute-Savoie, just a few kilometers from the Swiss border. More than a resort, it is above [&hellip;]","og_url":"https:\/\/www.samoens.com\/10-bonnes-raisons-de-venir-a-samoens-cet-hiver\/","og_site_name":"Samo\u00ebns, station de ski et village authentique en Haute-Savoie","article_published_time":"2019-11-25T14:49:20+00:00","article_modified_time":"2026-01-27T12:44:48+00:00","author":"Isabelle","twitter_card":"summary_large_image","twitter_misc":{"Written by":"Isabelle","Est. reading time":"3 minutes"},"schema":{"@context":"https:\/\/schema.org","@graph":[{"@type":"Article","@id":"https:\/\/www.samoens.com\/10-bonnes-raisons-de-venir-a-samoens-cet-hiver\/#article","isPartOf":{"@id":"https:\/\/www.samoens.com\/10-bonnes-raisons-de-venir-a-samoens-cet-hiver\/"},"author":{"name":"Isabelle","@id":"https:\/\/www.samoens.com\/#\/schema\/person\/9f84694e97a9b976109162d9d96dc2f2"},"headline":"10 Good reasons to come to Samo\u00ebns this winter","datePublished":"2019-11-25T14:49:20+00:00","dateModified":"2026-01-27T12:44:48+00:00","mainEntityOfPage":{"@id":"https:\/\/www.samoens.com\/10-bonnes-raisons-de-venir-a-samoens-cet-hiver\/"},"wordCount":629,"articleSection":["Winter discovery of Samo\u00ebns"],"inLanguage":"en-US"},{"@type":"WebPage","@id":"https:\/\/www.samoens.com\/10-bonnes-raisons-de-venir-a-samoens-cet-hiver\/","url":"https:\/\/www.samoens.com\/10-bonnes-raisons-de-venir-a-samoens-cet-hiver\/","name":"10 Good reasons to come to Samo\u00ebns this winter","isPartOf":{"@id":"https:\/\/www.samoens.com\/#website"},"datePublished":"2019-11-25T14:49:20+00:00","dateModified":"2026-01-27T12:44:48+00:00","author":{"@id":"https:\/\/www.samoens.com\/#\/schema\/person\/9f84694e97a9b976109162d9d96dc2f2"},"breadcrumb":{"@id":"https:\/\/www.samoens.com\/10-bonnes-raisons-de-venir-a-samoens-cet-hiver\/#breadcrumb"},"inLanguage":"en-US","potentialAction":[{"@type":"ReadAction","target":["https:\/\/www.samoens.com\/10-bonnes-raisons-de-venir-a-samoens-cet-hiver\/"]}]},{"@type":"BreadcrumbList","@id":"https:\/\/www.samoens.com\/10-bonnes-raisons-de-venir-a-samoens-cet-hiver\/#breadcrumb","itemListElement":[{"@type":"ListItem","position":1,"name":"Accueil","item":"https:\/\/www.samoens.com\/en\/"},{"@type":"ListItem","position":2,"name":"Winter discovery of Samo\u00ebns","item":"https:\/\/www.samoens.com\/en\/category\/winter-discovery-of-samoens\/"},{"@type":"ListItem","position":3,"name":"10 Good reasons to come to Samo\u00ebns this winter"}]},{"@type":"WebSite","@id":"https:\/\/www.samoens.com\/#website","url":"https:\/\/www.samoens.com\/","name":"Samo\u00ebns, station de ski et village authentique en Haute-Savoie","description":"Nich\u00e9e au coeur du domaine skiable du Grand Massif et \u00e0 moins d&#039;1h de Gen\u00e8ve, Samo\u00ebns rendra vos vacances inoubliables en \u00e9t\u00e9 comme en hiver","potentialAction":[{"@type":"SearchAction","target":{"@type":"EntryPoint","urlTemplate":"https:\/\/www.samoens.com\/?s={search_term_string}"},"query-input":{"@type":"PropertyValueSpecification","valueRequired":true,"valueName":"search_term_string"}}],"inLanguage":"en-US"},{"@type":"Person","@id":"https:\/\/www.samoens.com\/#\/schema\/person\/9f84694e97a9b976109162d9d96dc2f2","name":"Isabelle","image":{"@type":"ImageObject","inLanguage":"en-US","@id":"https:\/\/secure.gravatar.com\/avatar\/13973acc16a6871b2e7a2b758c75fd8b7c5f0835b5f5b665a2a81454820bba2f?s=96&d=mm&r=g","url":"https:\/\/secure.gravatar.com\/avatar\/13973acc16a6871b2e7a2b758c75fd8b7c5f0835b5f5b665a2a81454820bba2f?s=96&d=mm&r=g","contentUrl":"https:\/\/secure.gravatar.com\/avatar\/13973acc16a6871b2e7a2b758c75fd8b7c5f0835b5f5b665a2a81454820bba2f?s=96&d=mm&r=g","caption":"Isabelle"}}]}},"_links":{"self":[{"href":"https:\/\/www.samoens.com\/en\/wp-json\/wp\/v2\/posts\/131517","targetHints":{"allow":["GET"]}}],"collection":[{"href":"https:\/\/www.samoens.com\/en\/wp-json\/wp\/v2\/posts"}],"about":[{"href":"https:\/\/www.samoens.com\/en\/wp-json\/wp\/v2\/types\/post"}],"author":[{"embeddable":true,"href":"https:\/\/www.samoens.com\/en\/wp-json\/wp\/v2\/users\/2"}],"replies":[{"embeddable":true,"href":"https:\/\/www.samoens.com\/en\/wp-json\/wp\/v2\/comments?post=131517"}],"version-history":[{"count":5,"href":"https:\/\/www.samoens.com\/en\/wp-json\/wp\/v2\/posts\/131517\/revisions"}],"predecessor-version":[{"id":605909,"href":"https:\/\/www.samoens.com\/en\/wp-json\/wp\/v2\/posts\/131517\/revisions\/605909"}],"wp:attachment":[{"href":"https:\/\/www.samoens.com\/en\/wp-json\/wp\/v2\/media?parent=131517"}],"wp:term":[{"taxonomy":"category","embeddable":true,"href":"https:\/\/www.samoens.com\/en\/wp-json\/wp\/v2\/categories?post=131517"},{"taxonomy":"post_tag","embeddable":true,"href":"https:\/\/www.samoens.com\/en\/wp-json\/wp\/v2\/tags?post=131517"}],"curies":[{"name":"wp","href":"https:\/\/api.w.org\/{rel}","templated":true}]}}